{"id":82955,"date":"2018-10-23T17:46:00","date_gmt":"2018-10-23T20:46:00","guid":{"rendered":"http:\/\/www.hoymercedes.com.ar\/principal\/?p=82955"},"modified":"2018-10-23T16:13:58","modified_gmt":"2018-10-23T19:13:58","slug":"la-investigaciones-historicas-de-monica-brown-fueron-declarada-de-interes-por-el-hcd","status":"publish","type":"post","link":"https:\/\/www.hoymercedes.com.ar\/principal\/2018\/10\/23\/la-investigaciones-historicas-de-monica-brown-fueron-declarada-de-interes-por-el-hcd\/","title":{"rendered":"La investigaciones hist\u00f3ricas de M\u00f3nica Brown fueron declarada de inter\u00e9s por el HCD"},"content":{"rendered":"<p>Los concejales reconocieron a la profesora de historia M\u00f3nica Brown. por sus aportes en educaci\u00f3n y cultura por el libro recientemente editado.\u00a0A la docente e historiadora la reconocieron por su libro \u201cVolver la mirada 20 a\u00f1os para mi ciudad\u201d<\/p>\n<p><img loading=\"lazy\" decoding=\"async\" data-attachment-id=\"82950\" data-permalink=\"https:\/\/www.hoymercedes.com.ar\/principal\/2018\/10\/23\/seis-artistas-plasticos-ciudadanos-destacados-de-la-ciudad\/23-distincion-moni-brown\/#main\" data-orig-file=\"https:\/\/www.hoymercedes.com.ar\/principal\/wp-content\/uploads\/2018\/10\/23-distincion-moni-brown.jpg\" data-orig-size=\"750,500\" data-comments-opened=\"0\" data-image-meta=\"{&quot;aperture&quot;:&quot;3.5&quot;,&quot;credit&quot;:&quot;&quot;,&quot;camera&quot;:&quot;NIKON D3100&quot;,&quot;caption&quot;:&quot;&quot;,&quot;created_timestamp&quot;:&quot;1540237941&quot;,&quot;copyright&quot;:&quot;&quot;,&quot;focal_length&quot;:&quot;18&quot;,&quot;iso&quot;:&quot;3200&quot;,&quot;shutter_speed&quot;:&quot;0.016666666666667&quot;,&quot;title&quot;:&quot;&quot;,&quot;orientation&quot;:&quot;1&quot;}\" data-image-title=\"23 distincion moni brown\" data-image-description=\"\" data-image-caption=\"\" data-large-file=\"https:\/\/www.hoymercedes.com.ar\/principal\/wp-content\/uploads\/2018\/10\/23-distincion-moni-brown.jpg\" class=\"aligncenter size-medium wp-image-82950\" src=\"https:\/\/www.hoymercedes.com.ar\/principal\/wp-content\/uploads\/2018\/10\/23-distincion-moni-brown-630x420.jpg\" alt=\"\" width=\"630\" height=\"420\" srcset=\"https:\/\/www.hoymercedes.com.ar\/principal\/wp-content\/uploads\/2018\/10\/23-distincion-moni-brown-630x420.jpg 630w, https:\/\/www.hoymercedes.com.ar\/principal\/wp-content\/uploads\/2018\/10\/23-distincion-moni-brown-150x100.jpg 150w, https:\/\/www.hoymercedes.com.ar\/principal\/wp-content\/uploads\/2018\/10\/23-distincion-moni-brown.jpg 750w\" sizes=\"auto, (max-width: 630px) 100vw, 630px\" \/><\/p>\n<p>El Presidente del HCD Oscar Albini invit\u00f3 a los presidentes de los bloques de Concejales Santiago Altube, Edgard Kilmeatte, Carlos Milhomme y Ceferino Costa a que lo acompa\u00f1en para entregar el reconocimiento a la profesora Brown.<\/p>\n<p>El concejal Costa fue el autor del proyecto que declara de inter\u00e9s legislativo el libro por su aspecto hist\u00f3rico y cultural de la obra de la profesora Brown.\u00a0\u201cEs un honor entregar este reconocimiento a historiadores que compilan parte de la historia de la ciudad. Est\u00e1n volcados todos en un libro de la pluma de M\u00f3nica que es conocida\u201d, dijo Albini. Por su parte, Costa resalt\u00f3 el aporte hist\u00f3rico cultural de la prof. Brown que \u201cse preocupa y ocupa por Mercedes\u201d. \u201cReconocemos a una gran profesora, historiadora. Recopil\u00f3 investigaciones de Mercedes. Historia que nos hace grande como ciudad\u201d, resalt\u00f3 el concejal Costa.<\/p>\n<p>M\u00f3nica Brown agradeci\u00f3 a los legisladores y entreg\u00f3 un ejemplar del libro para cada uno de los bloques de concejales. \u201cUno siempre hace lo mejor por la ciudad. El libro tiene mis \u00faltimos 20 a\u00f1os de investigaci\u00f3n hist\u00f3rica. Trabajos presentados en distintas jornadas, en congresos, en la provincia, en Capital, en Santa Fe. Son trabajos que fueron presentados y quedaron guardados en los lugares donde se present\u00f3. Romp\u00ed el chanchito y los publiqu\u00e9 todos juntos. Son investigaciones hist\u00f3ricas importantes para la ciudad\u201d, resalt\u00f3 la profesora de historia antes de agradecer a cada uno de los legisladores.<\/p>\n","protected":false},"excerpt":{"rendered":"<p>Los concejales reconocieron a la profesora de historia M\u00f3nica Brown. por sus aportes en educaci\u00f3n y cultura por el libro &#8230; <a title=\"La investigaciones hist\u00f3ricas de M\u00f3nica Brown fueron declarada de inter\u00e9s por el HCD\" class=\"read-more\" href=\"https:\/\/www.hoymercedes.com.ar\/principal\/2018\/10\/23\/la-investigaciones-historicas-de-monica-brown-fueron-declarada-de-interes-por-el-hcd\/\" aria-label=\"Leer m\u00e1s sobre La investigaciones hist\u00f3ricas de M\u00f3nica Brown fueron declarada de inter\u00e9s por el HCD\">Leer m\u00e1s<\/a><\/p>\n","protected":false},"author":1,"featured_media":82950,"comment_status":"closed","ping_status":"open","sticky":false,"template":"","format":"standard","meta":{"_monsterinsights_skip_tracking":false,"_monsterinsights_sitenote_active":false,"_monsterinsights_sitenote_note":"","_monsterinsights_sitenote_category":0,"jetpack_post_was_ever_published":false,"_jetpack_newsletter_access":"","_jetpack_dont_email_post_to_subs":false,"_jetpack_newsletter_tier_id":0,"_jetpack_memberships_contains_paywalled_content":false,"_jetpack_memberships_contains_paid_content":false,"footnotes":"","jetpack_publicize_message":"","jetpack_publicize_feature_enabled":true,"jetpack_social_post_already_shared":true,"jetpack_social_options":{"image_generator_settings":{"template":"highway","default_image_id":0,"font":"","enabled":false},"version":2},"_wpas_customize_per_network":false},"categories":[104],"tags":[7805,15,320,73,421],"class_list":["post-82955","post","type-post","status-publish","format-standard","has-post-thumbnail","hentry","category-cultura","tag-cultura","tag-hcd","tag-historia","tag-literatura","tag-monica-brown","generate-columns","tablet-grid-50","mobile-grid-100","grid-parent","grid-50"],"jetpack_publicize_connections":[],"jetpack_featured_media_url":"https:\/\/www.hoymercedes.com.ar\/principal\/wp-content\/uploads\/2018\/10\/23-distincion-moni-brown.jpg","wps_subtitle":"Noche de reconocimientos","jetpack_sharing_enabled":true,"_links":{"self":[{"href":"https:\/\/www.hoymercedes.com.ar\/principal\/wp-json\/wp\/v2\/posts\/82955","targetHints":{"allow":["GET"]}}],"collection":[{"href":"https:\/\/www.hoymercedes.com.ar\/principal\/wp-json\/wp\/v2\/posts"}],"about":[{"href":"https:\/\/www.hoymercedes.com.ar\/principal\/wp-json\/wp\/v2\/types\/post"}],"author":[{"embeddable":true,"href":"https:\/\/www.hoymercedes.com.ar\/principal\/wp-json\/wp\/v2\/users\/1"}],"replies":[{"embeddable":true,"href":"https:\/\/www.hoymercedes.com.ar\/principal\/wp-json\/wp\/v2\/comments?post=82955"}],"version-history":[{"count":0,"href":"https:\/\/www.hoymercedes.com.ar\/principal\/wp-json\/wp\/v2\/posts\/82955\/revisions"}],"wp:featuredmedia":[{"embeddable":true,"href":"https:\/\/www.hoymercedes.com.ar\/principal\/wp-json\/wp\/v2\/media\/82950"}],"wp:attachment":[{"href":"https:\/\/www.hoymercedes.com.ar\/principal\/wp-json\/wp\/v2\/media?parent=82955"}],"wp:term":[{"taxonomy":"category","embeddable":true,"href":"https:\/\/www.hoymercedes.com.ar\/principal\/wp-json\/wp\/v2\/categories?post=82955"},{"taxonomy":"post_tag","embeddable":true,"href":"https:\/\/www.hoymercedes.com.ar\/principal\/wp-json\/wp\/v2\/tags?post=82955"}],"curies":[{"name":"wp","href":"https:\/\/api.w.org\/{rel}","templated":true}]}}