{"id":82972,"date":"2018-10-23T22:54:10","date_gmt":"2018-10-24T01:54:10","guid":{"rendered":"http:\/\/www.hoymercedes.com.ar\/principal\/?p=82972"},"modified":"2018-10-24T16:01:30","modified_gmt":"2018-10-24T19:01:30","slug":"avanza-la-construccion-del-polo-sanitario-en-el-barrio-guemes","status":"publish","type":"post","link":"https:\/\/www.hoymercedes.com.ar\/principal\/2018\/10\/23\/avanza-la-construccion-del-polo-sanitario-en-el-barrio-guemes\/","title":{"rendered":"Avanza la construcci\u00f3n del polo sanitario en el Barrio G\u00fcemes"},"content":{"rendered":"<p>Tras un largo trabajo de planificaci\u00f3n y licitaci\u00f3n p\u00fablica avanza la tarea de construcci\u00f3n del Polo Sanitario de barrio G\u00fcemes. El mismo demanda una inversi\u00f3n local de 3.515.979,88 pesos. \u201cEs un orgullo este proyecto, que ser\u00e1 de gran beneficio para todos los mercedinos y que es parte de un plan integral de obra p\u00fablica que venimos efectuamos con fondos propios, a pesar de la grave crisis que vive el pa\u00eds\u201d expres\u00f3 el Jefe comunal.<\/p>\n<p><img loading=\"lazy\" decoding=\"async\" data-attachment-id=\"82973\" data-permalink=\"https:\/\/www.hoymercedes.com.ar\/principal\/2018\/10\/23\/avanza-la-construccion-del-polo-sanitario-en-el-barrio-guemes\/23-muni-bo-guemes\/#main\" data-orig-file=\"https:\/\/www.hoymercedes.com.ar\/principal\/wp-content\/uploads\/2018\/10\/23-muni-bo-guemes.jpg\" data-orig-size=\"750,501\" data-comments-opened=\"0\" data-image-meta=\"{&quot;aperture&quot;:&quot;0&quot;,&quot;credit&quot;:&quot;&quot;,&quot;camera&quot;:&quot;&quot;,&quot;caption&quot;:&quot;&quot;,&quot;created_timestamp&quot;:&quot;0&quot;,&quot;copyright&quot;:&quot;&quot;,&quot;focal_length&quot;:&quot;0&quot;,&quot;iso&quot;:&quot;0&quot;,&quot;shutter_speed&quot;:&quot;0&quot;,&quot;title&quot;:&quot;&quot;,&quot;orientation&quot;:&quot;0&quot;}\" data-image-title=\"23 muni bo guemes\" data-image-description=\"\" data-image-caption=\"\" data-large-file=\"https:\/\/www.hoymercedes.com.ar\/principal\/wp-content\/uploads\/2018\/10\/23-muni-bo-guemes.jpg\" class=\"aligncenter size-medium wp-image-82973\" src=\"https:\/\/www.hoymercedes.com.ar\/principal\/wp-content\/uploads\/2018\/10\/23-muni-bo-guemes-630x421.jpg\" alt=\"\" width=\"630\" height=\"421\" srcset=\"https:\/\/www.hoymercedes.com.ar\/principal\/wp-content\/uploads\/2018\/10\/23-muni-bo-guemes-630x421.jpg 630w, https:\/\/www.hoymercedes.com.ar\/principal\/wp-content\/uploads\/2018\/10\/23-muni-bo-guemes-150x100.jpg 150w, https:\/\/www.hoymercedes.com.ar\/principal\/wp-content\/uploads\/2018\/10\/23-muni-bo-guemes.jpg 750w\" sizes=\"auto, (max-width: 630px) 100vw, 630px\" \/><\/p>\n<p>El intendente Juan Ignacio Ustarroz destac\u00f3 \u201cla inversi\u00f3n en salud que estamos realizando es muy grande, porque sabemos es fundamental para el cuidado de todos los vecinos\u201d y remarc\u00f3 \u201ceste Polo Sanitario es parte del plan integral de obra p\u00fablica que genera trabajo a los mercedinos por m\u00e1s de 70 millones de pesos\u201d.<\/p>\n<p>En estos momentos se est\u00e1n ejecutando obras en Barrio Mutti, con la construcci\u00f3n de un Jard\u00edn Espacio Primera Infancia. En calle 10 entre 53 y 55 se puede ver el avance de la primera Casa Velatoria Municipal. En Barrio San Justo contin\u00faan con otro Jard\u00edn Espacio Primera Infancia mientras que en calle 24 y 43 el importante Centro de Diagn\u00f3stico Municipal a la vez que en barrio Malvinas un Jard\u00edn Espacio Primera Infancia. En Goldney se desarrolla la reconstrucci\u00f3n casi total del Centro de Atenci\u00f3n a la salud y, adem\u00e1s, se sigue con el plan de bacheo en hormig\u00f3n que desde hace varias semanas se est\u00e1 implementando y que contin\u00faa en la actual creando soluciones a problemas de larga data en los caminos. Adem\u00e1s, esta semana, se conoci\u00f3 que se llam\u00f3 a licitaci\u00f3n para realizar reformas totales a los Centros de Atenci\u00f3n a la Salud de San Francisco, Los Robles y San Mart\u00edn.<\/p>\n<p>Por otro lado, el intendente Ustarroz inform\u00f3 \u201ccompramos otros seis sillones odontol\u00f3gicos, con fondos propios, para continuar ampliando la red de cuidado de la salud bucal de los vecinos. Actualmente funcionan los 3 consultorios que inauguramos en: C.I.C, Blandengues y San Jos\u00e9\u201d.<\/p>\n<p>El jefe comunal subray\u00f3 \u201clas inversiones que conllevan estas obras son muy importantes -se hacen con recursos propios- con el esfuerzo de todo el pueblo de Mercedes\u201d.<\/p>\n<p>Reprogramaci\u00f3n<\/p>\n<p>Desde le Secretar\u00eda de Salud, Pablo Cassiani, confirm\u00f3 que \u201cse estar\u00e1n reprogramando todas las coberturas profesionales mientras dure la obra. Se trasladaron las atenciones al Centro de Atenci\u00f3n a la Salud del barrio Marchetti, por cercan\u00eda, y desde all\u00ed se sigue cuidando a los mercedinos, como venimos haciendo hasta ahora\u201d sostuvo y destac\u00f3 que \u201ces una medida l\u00f3gica dado que el plan de obra as\u00ed lo requiere, siendo que finalizada dar\u00e1 una importante mejora para los vecinos\u201d.<\/p>\n<p>Fuente: Prensa Municipal<\/p>\n<p>&nbsp;<\/p>\n<p>&nbsp;<\/p>\n<p>&nbsp;<\/p>\n<p>&nbsp;<\/p>\n","protected":false},"excerpt":{"rendered":"<p>Tras un largo trabajo de planificaci\u00f3n y licitaci\u00f3n p\u00fablica avanza la tarea de construcci\u00f3n del Polo Sanitario de barrio G\u00fcemes. &#8230; <a title=\"Avanza la construcci\u00f3n del polo sanitario en el Barrio G\u00fcemes\" class=\"read-more\" href=\"https:\/\/www.hoymercedes.com.ar\/principal\/2018\/10\/23\/avanza-la-construccion-del-polo-sanitario-en-el-barrio-guemes\/\" aria-label=\"Leer m\u00e1s sobre Avanza la construcci\u00f3n del polo sanitario en el Barrio G\u00fcemes\">Leer m\u00e1s<\/a><\/p>\n","protected":false},"author":1,"featured_media":82973,"comment_status":"closed","ping_status":"open","sticky":false,"template":"","format":"standard","meta":{"_monsterinsights_skip_tracking":false,"_monsterinsights_sitenote_active":false,"_monsterinsights_sitenote_note":"","_monsterinsights_sitenote_category":0,"jetpack_post_was_ever_published":false,"_jetpack_newsletter_access":"","_jetpack_dont_email_post_to_subs":false,"_jetpack_newsletter_tier_id":0,"_jetpack_memberships_contains_paywalled_content":false,"_jetpack_memberships_contains_paid_content":false,"footnotes":"","jetpack_publicize_message":"","jetpack_publicize_feature_enabled":true,"jetpack_social_post_already_shared":true,"jetpack_social_options":{"image_generator_settings":{"template":"highway","default_image_id":0,"font":"","enabled":false},"version":2},"_wpas_customize_per_network":false},"categories":[30],"tags":[2596,10,244,11962,134],"class_list":["post-82972","post","type-post","status-publish","format-standard","has-post-thumbnail","hentry","category-municipio","tag-barrio-guemes","tag-mercedes","tag-municipio-2","tag-polo-sanitario","tag-salud","generate-columns","tablet-grid-50","mobile-grid-100","grid-parent","grid-50"],"jetpack_publicize_connections":[],"jetpack_featured_media_url":"https:\/\/www.hoymercedes.com.ar\/principal\/wp-content\/uploads\/2018\/10\/23-muni-bo-guemes.jpg","wps_subtitle":"Inversi\u00f3n de 3 millones de pesos","jetpack_sharing_enabled":true,"_links":{"self":[{"href":"https:\/\/www.hoymercedes.com.ar\/principal\/wp-json\/wp\/v2\/posts\/82972","targetHints":{"allow":["GET"]}}],"collection":[{"href":"https:\/\/www.hoymercedes.com.ar\/principal\/wp-json\/wp\/v2\/posts"}],"about":[{"href":"https:\/\/www.hoymercedes.com.ar\/principal\/wp-json\/wp\/v2\/types\/post"}],"author":[{"embeddable":true,"href":"https:\/\/www.hoymercedes.com.ar\/principal\/wp-json\/wp\/v2\/users\/1"}],"replies":[{"embeddable":true,"href":"https:\/\/www.hoymercedes.com.ar\/principal\/wp-json\/wp\/v2\/comments?post=82972"}],"version-history":[{"count":0,"href":"https:\/\/www.hoymercedes.com.ar\/principal\/wp-json\/wp\/v2\/posts\/82972\/revisions"}],"wp:featuredmedia":[{"embeddable":true,"href":"https:\/\/www.hoymercedes.com.ar\/principal\/wp-json\/wp\/v2\/media\/82973"}],"wp:attachment":[{"href":"https:\/\/www.hoymercedes.com.ar\/principal\/wp-json\/wp\/v2\/media?parent=82972"}],"wp:term":[{"taxonomy":"category","embeddable":true,"href":"https:\/\/www.hoymercedes.com.ar\/principal\/wp-json\/wp\/v2\/categories?post=82972"},{"taxonomy":"post_tag","embeddable":true,"href":"https:\/\/www.hoymercedes.com.ar\/principal\/wp-json\/wp\/v2\/tags?post=82972"}],"curies":[{"name":"wp","href":"https:\/\/api.w.org\/{rel}","templated":true}]}}