{"id":82987,"date":"2018-10-24T17:56:22","date_gmt":"2018-10-24T20:56:22","guid":{"rendered":"http:\/\/www.hoymercedes.com.ar\/principal\/?p=82987"},"modified":"2018-10-24T17:44:03","modified_gmt":"2018-10-24T20:44:03","slug":"es-un-blanqueo-dijo-selva-sobre-el-alejamiento-de-diputados-del-frente-renovador","status":"publish","type":"post","link":"https:\/\/www.hoymercedes.com.ar\/principal\/2018\/10\/24\/es-un-blanqueo-dijo-selva-sobre-el-alejamiento-de-diputados-del-frente-renovador\/","title":{"rendered":"\u00abEs un blanqueo\u00bb, dijo Selva sobre el alejamiento de diputados del Frente Renovador"},"content":{"rendered":"<p>Varios diputados nacionales se alejaron del Frente Renovador. El ex gobernador bonaerense Felipe Sol\u00e1, Facundo Moyano, Daniel Arroyo, Jorge Taboada y Fernando Asencio dejaron el espacio de Sergio Massa y formaron un interbloque con el Peronismo para la Victoria y el monobloque de Victoria Donda<\/p>\n<p>\u201cCreo que se produjo un blanqueo de una situaci\u00f3n que se ven\u00eda anunciando desde hace mucho tiempo y es saludable para los dos espacios que esa situaci\u00f3n se sincere\u201d, dijo el diputado nacional\u00a0Carlos Selva, quien supo compartir bloque con quienes hoy se alejan del FR.<\/p>\n<p>\u201cA la hora de construir creemos que hay que ser un poco m\u00e1s amplios\u201d, destac\u00f3 Selva y volvi\u00f3 a lo que se pudo ver en el acto del D\u00eda de la Lealtad del que fue parte. \u201cLo que vivimos en Tucum\u00e1n apuntando hacia el peronismo como eje fue una continuidad de lo que se hab\u00eda hecho en la reuni\u00f3n entre Pichetto, Schiaretti, Juan Manuel Urtubey y Sergio Massa\u201d, indic\u00f3.<\/p>\n<p>\u201cTratamos de construir un espacio m\u00e1s amplio que no se circunscriba solamente al peronismo y en eso tenemos una mirada distinta de c\u00f3mo hay que encarar el pa\u00eds\u201d, opin\u00f3 el diputado Selva. \u201cRespetamos la decisi\u00f3n, correspond\u00eda que se hiciera y de aqu\u00ed en mas veremos c\u00f3mo se sigue construyendo una alternativa, que es el objetivo que nos propusimos para tratar de derrotar a Cambiemos y a Mauricio Macri, y sobre eso seguimos trabajando\u201d, complet\u00f3 Carlos Selva.<\/p>\n","protected":false},"excerpt":{"rendered":"<p>Varios diputados nacionales se alejaron del Frente Renovador. El ex gobernador bonaerense Felipe Sol\u00e1, Facundo Moyano, Daniel Arroyo, Jorge Taboada &#8230; <a title=\"\u00abEs un blanqueo\u00bb, dijo Selva sobre el alejamiento de diputados del Frente Renovador\" class=\"read-more\" href=\"https:\/\/www.hoymercedes.com.ar\/principal\/2018\/10\/24\/es-un-blanqueo-dijo-selva-sobre-el-alejamiento-de-diputados-del-frente-renovador\/\" aria-label=\"Leer m\u00e1s sobre \u00abEs un blanqueo\u00bb, dijo Selva sobre el alejamiento de diputados del Frente Renovador\">Leer m\u00e1s<\/a><\/p>\n","protected":false},"author":1,"featured_media":82988,"comment_status":"closed","ping_status":"open","sticky":false,"template":"","format":"standard","meta":{"_monsterinsights_skip_tracking":false,"_monsterinsights_sitenote_active":false,"_monsterinsights_sitenote_note":"","_monsterinsights_sitenote_category":0,"jetpack_post_was_ever_published":false,"_jetpack_newsletter_access":"","_jetpack_dont_email_post_to_subs":false,"_jetpack_newsletter_tier_id":0,"_jetpack_memberships_contains_paywalled_content":false,"_jetpack_memberships_contains_paid_content":false,"footnotes":"","jetpack_publicize_message":"","jetpack_publicize_feature_enabled":true,"jetpack_social_post_already_shared":true,"jetpack_social_options":{"image_generator_settings":{"template":"highway","default_image_id":0,"font":"","enabled":false},"version":2},"_wpas_customize_per_network":false},"categories":[5210],"tags":[39,3537,10113],"class_list":["post-82987","post","type-post","status-publish","format-standard","has-post-thumbnail","hentry","category-politica-nacional","tag-carlos-selva","tag-frente-renovador","tag-politica-nacional","generate-columns","tablet-grid-50","mobile-grid-100","grid-parent","grid-50"],"jetpack_publicize_connections":[],"jetpack_featured_media_url":"https:\/\/www.hoymercedes.com.ar\/principal\/wp-content\/uploads\/2018\/10\/24-selvaenyou.jpg","wps_subtitle":"","jetpack_sharing_enabled":true,"_links":{"self":[{"href":"https:\/\/www.hoymercedes.com.ar\/principal\/wp-json\/wp\/v2\/posts\/82987","targetHints":{"allow":["GET"]}}],"collection":[{"href":"https:\/\/www.hoymercedes.com.ar\/principal\/wp-json\/wp\/v2\/posts"}],"about":[{"href":"https:\/\/www.hoymercedes.com.ar\/principal\/wp-json\/wp\/v2\/types\/post"}],"author":[{"embeddable":true,"href":"https:\/\/www.hoymercedes.com.ar\/principal\/wp-json\/wp\/v2\/users\/1"}],"replies":[{"embeddable":true,"href":"https:\/\/www.hoymercedes.com.ar\/principal\/wp-json\/wp\/v2\/comments?post=82987"}],"version-history":[{"count":0,"href":"https:\/\/www.hoymercedes.com.ar\/principal\/wp-json\/wp\/v2\/posts\/82987\/revisions"}],"wp:featuredmedia":[{"embeddable":true,"href":"https:\/\/www.hoymercedes.com.ar\/principal\/wp-json\/wp\/v2\/media\/82988"}],"wp:attachment":[{"href":"https:\/\/www.hoymercedes.com.ar\/principal\/wp-json\/wp\/v2\/media?parent=82987"}],"wp:term":[{"taxonomy":"category","embeddable":true,"href":"https:\/\/www.hoymercedes.com.ar\/principal\/wp-json\/wp\/v2\/categories?post=82987"},{"taxonomy":"post_tag","embeddable":true,"href":"https:\/\/www.hoymercedes.com.ar\/principal\/wp-json\/wp\/v2\/tags?post=82987"}],"curies":[{"name":"wp","href":"https:\/\/api.w.org\/{rel}","templated":true}]}}