{"id":8301,"date":"2011-10-16T14:46:48","date_gmt":"2011-10-16T14:46:48","guid":{"rendered":"http:\/\/www.hoymercedes.com.ar\/principal\/?p=8301"},"modified":"2011-10-16T14:46:48","modified_gmt":"2011-10-16T14:46:48","slug":"se-encuentra-abierta-la-basilica-de-lujan","status":"publish","type":"post","link":"https:\/\/www.hoymercedes.com.ar\/principal\/2011\/10\/16\/se-encuentra-abierta-la-basilica-de-lujan\/","title":{"rendered":"Se encuentra abierta la Bas\u00edlica de Luj\u00e1n"},"content":{"rendered":"<p>Luj\u00e1n (Bs. As.) El cura P\u00e1rroco y Rector de la Bas\u00edlica de Luj\u00e1n, Presb\u00edtero Jos\u00e9 Daniel Blanchoud, hace saber por este medio que la Bas\u00edlica de Luj\u00e1n est\u00e1 abierta al Publico desde las 7 de la ma\u00f1ana hasta las 20 horas. Las celebraciones se realizan en forma normal siendo estos los horarios: Las Misas de lunes a viernes son a las 8, 10, 11, 15, 17 y 19 horas, los d\u00edas s\u00e1bados se realizan en los horarios de 8, 9, 10, 11, 17 y 19 horas y los domingos 8, 9, 10, 11, 12,30, 15,30, 17 y 19 horas. Por motivos de los trabajos que se est\u00e1n haciendo en el interior del templo durante la semana (de lunes a viernes) algunas misas se celebran en la cripta.-<\/p>\n<p>El Cura P\u00e1rroco y Rector de la Bas\u00edlica de Luj\u00e1n, presb\u00edtero Jos\u00e9 Daniel Blanchoud, inform\u00f3 que, como es de p\u00fablico conocimiento se est\u00e1n realizando obras de restauraci\u00f3n en la Bas\u00edlica Nacional de Nuestra Se\u00f1ora de Luj\u00e1n, fue por ese motivo que durante la peregrinaci\u00f3n juvenil de la Arquidi\u00f3cesis de Buenos Aires que se realizara el primer fin de semana de octubre, la misma estuvo cerrada al p\u00fablico y la imagen original recibi\u00f3 a los peregrinos en la puerta del Santuario.<\/p>\n<p>Hoy, siguen avanzando las obras en el interior del templo, pero la Bas\u00edlica est\u00e1 abierta al p\u00fablico desde las 7 de la ma\u00f1ana hasta las 20 horas, desarroll\u00e1ndose en forma normal todas las celebraciones previstas, como tambi\u00e9n las peregrinaciones programadas.<\/p>\n<p>El Padre Blanchoud, aprovecha tambi\u00e9n para recordar los horarios del Santuario:<\/p>\n<p>1) MISAS: (Lunes a Viernes) 8,10,11, 15, (estas cuatro primeras misas se celebran en la cripta, ingresando a la misma por el museo del sitio, ubicado a la izquierda de la entrada principal), 17 y 19 horas, S\u00e1bados 8, 9, 10, 11, 17 y 19 horas y los domingos 8, 9, 10, 11, 12 y 30, 15 y 30, 17 y 19 horas.-<\/p>\n<p>2) CONFESIONES: (Lunes a viernes) de 9 \u00e1 13 horas y de 15 \u00e1 20 horas, (S\u00e1bados y domingos) de 8 \u00e1 20 horas<\/p>\n<p>3) SECRETARIA DE INFORMES: de lunes a viernes de 8 \u00e1 17 horas<\/p>\n<p>4) BAUTISMOS. (de ni\u00f1os hasta 7 a\u00f1os) Los s\u00e1bados y domingos de 8 \u00e1 15 horas. (No se bautizar\u00e1 ni el 25 de diciembre ni el 1 de enero)<\/p>\n","protected":false},"excerpt":{"rendered":"<p>Luj\u00e1n (Bs. As.) El cura P\u00e1rroco y Rector de la Bas\u00edlica de Luj\u00e1n, Presb\u00edtero Jos\u00e9 Daniel Blanchoud, hace saber por &#8230; <a title=\"Se encuentra abierta la Bas\u00edlica de Luj\u00e1n\" class=\"read-more\" href=\"https:\/\/www.hoymercedes.com.ar\/principal\/2011\/10\/16\/se-encuentra-abierta-la-basilica-de-lujan\/\" aria-label=\"Leer m\u00e1s sobre Se encuentra abierta la Bas\u00edlica de Luj\u00e1n\">Leer m\u00e1s<\/a><\/p>\n","protected":false},"author":1,"featured_media":0,"comment_status":"open","ping_status":"open","sticky":false,"template":"","format":"standard","meta":{"_monsterinsights_skip_tracking":false,"_monsterinsights_sitenote_active":false,"_monsterinsights_sitenote_note":"","_monsterinsights_sitenote_category":0,"jetpack_post_was_ever_published":false,"_jetpack_newsletter_access":"","_jetpack_dont_email_post_to_subs":false,"_jetpack_newsletter_tier_id":0,"_jetpack_memberships_contains_paywalled_content":false,"_jetpack_memberships_contains_paid_content":false,"footnotes":"","jetpack_publicize_message":"","jetpack_publicize_feature_enabled":true,"jetpack_social_post_already_shared":false,"jetpack_social_options":{"image_generator_settings":{"template":"highway","default_image_id":0,"font":"","enabled":false},"version":2},"_wpas_customize_per_network":false},"categories":[8],"tags":[1473,660],"class_list":["post-8301","post","type-post","status-publish","format-standard","hentry","category-sociedad","tag-apertura-turistica","tag-basilica-de-lujan","generate-columns","tablet-grid-50","mobile-grid-100","grid-parent","grid-50"],"jetpack_publicize_connections":[],"jetpack_featured_media_url":"","wps_subtitle":"","jetpack_sharing_enabled":true,"_links":{"self":[{"href":"https:\/\/www.hoymercedes.com.ar\/principal\/wp-json\/wp\/v2\/posts\/8301","targetHints":{"allow":["GET"]}}],"collection":[{"href":"https:\/\/www.hoymercedes.com.ar\/principal\/wp-json\/wp\/v2\/posts"}],"about":[{"href":"https:\/\/www.hoymercedes.com.ar\/principal\/wp-json\/wp\/v2\/types\/post"}],"author":[{"embeddable":true,"href":"https:\/\/www.hoymercedes.com.ar\/principal\/wp-json\/wp\/v2\/users\/1"}],"replies":[{"embeddable":true,"href":"https:\/\/www.hoymercedes.com.ar\/principal\/wp-json\/wp\/v2\/comments?post=8301"}],"version-history":[{"count":0,"href":"https:\/\/www.hoymercedes.com.ar\/principal\/wp-json\/wp\/v2\/posts\/8301\/revisions"}],"wp:attachment":[{"href":"https:\/\/www.hoymercedes.com.ar\/principal\/wp-json\/wp\/v2\/media?parent=8301"}],"wp:term":[{"taxonomy":"category","embeddable":true,"href":"https:\/\/www.hoymercedes.com.ar\/principal\/wp-json\/wp\/v2\/categories?post=8301"},{"taxonomy":"post_tag","embeddable":true,"href":"https:\/\/www.hoymercedes.com.ar\/principal\/wp-json\/wp\/v2\/tags?post=8301"}],"curies":[{"name":"wp","href":"https:\/\/api.w.org\/{rel}","templated":true}]}}