{"id":83029,"date":"2018-10-25T09:00:29","date_gmt":"2018-10-25T12:00:29","guid":{"rendered":"http:\/\/www.hoymercedes.com.ar\/principal\/?p=83029"},"modified":"2018-10-25T09:15:31","modified_gmt":"2018-10-25T12:15:31","slug":"mas-de-mil-ninos-se-vacunan-con-las-campana-municipal","status":"publish","type":"post","link":"https:\/\/www.hoymercedes.com.ar\/principal\/2018\/10\/25\/mas-de-mil-ninos-se-vacunan-con-las-campana-municipal\/","title":{"rendered":"M\u00e1s de mil ni\u00f1os se vacunan con la campa\u00f1a municipal"},"content":{"rendered":"<p>El Municipio de Mercedes, a trav\u00e9s de la secretaria de salud, contin\u00faa con la campa\u00f1a de vacunaci\u00f3n contra el sarampi\u00f3n. Se trata de la aplicaci\u00f3n del refuerzo de la vacuna triple viral (sarampi\u00f3n-rubeola-parotiditis) en los ni\u00f1os y ni\u00f1as de entre 13 meses y 5 a\u00f1os. La misma es gratuita y no requiere orden m\u00e9dica.<\/p>\n<p><img loading=\"lazy\" decoding=\"async\" data-attachment-id=\"83030\" data-permalink=\"https:\/\/www.hoymercedes.com.ar\/principal\/2018\/10\/25\/mas-de-mil-ninos-se-vacunan-con-las-campana-municipal\/25-campana-vacunacion\/#main\" data-orig-file=\"https:\/\/www.hoymercedes.com.ar\/principal\/wp-content\/uploads\/2018\/10\/25-Campa\u00f1a-Vacunaci\u00f3n.jpg\" data-orig-size=\"750,359\" data-comments-opened=\"0\" data-image-meta=\"{&quot;aperture&quot;:&quot;0&quot;,&quot;credit&quot;:&quot;&quot;,&quot;camera&quot;:&quot;&quot;,&quot;caption&quot;:&quot;&quot;,&quot;created_timestamp&quot;:&quot;0&quot;,&quot;copyright&quot;:&quot;&quot;,&quot;focal_length&quot;:&quot;0&quot;,&quot;iso&quot;:&quot;0&quot;,&quot;shutter_speed&quot;:&quot;0&quot;,&quot;title&quot;:&quot;&quot;,&quot;orientation&quot;:&quot;0&quot;}\" data-image-title=\"25 Campa\u00f1a Vacunaci\u00f3n\" data-image-description=\"\" data-image-caption=\"\" data-large-file=\"https:\/\/www.hoymercedes.com.ar\/principal\/wp-content\/uploads\/2018\/10\/25-Campa\u00f1a-Vacunaci\u00f3n.jpg\" class=\"aligncenter size-medium wp-image-83030\" src=\"https:\/\/www.hoymercedes.com.ar\/principal\/wp-content\/uploads\/2018\/10\/25-Campa\u00f1a-Vacunaci\u00f3n-630x302.jpg\" alt=\"\" width=\"630\" height=\"302\" srcset=\"https:\/\/www.hoymercedes.com.ar\/principal\/wp-content\/uploads\/2018\/10\/25-Campa\u00f1a-Vacunaci\u00f3n-630x302.jpg 630w, https:\/\/www.hoymercedes.com.ar\/principal\/wp-content\/uploads\/2018\/10\/25-Campa\u00f1a-Vacunaci\u00f3n-150x72.jpg 150w, https:\/\/www.hoymercedes.com.ar\/principal\/wp-content\/uploads\/2018\/10\/25-Campa\u00f1a-Vacunaci\u00f3n.jpg 750w\" sizes=\"auto, (max-width: 630px) 100vw, 630px\" \/><\/p>\n<p>El Dr. Cassiani al ser consultado por la forma en que se viene desarrollando el plan de vacunaci\u00f3n respondi\u00f3 \u201cestamos muy contentos con los resultados que venimos obteniendo, el compromiso de los vecinos y sobre todo con el grado de responsabilidad que est\u00e1 trabajando el equipo de salud\u201d y afirm\u00f3 \u201cesta campa\u00f1a nos ha servido para crecer como grupo humano porque le han puesto mucho \u00e9nfasis, vocaci\u00f3n y amor en su tarea\u201d.<\/p>\n<p>Adem\u00e1s, el Secretario de Salud, record\u00f3 \u201cesta campa\u00f1a comenz\u00f3 el 1\u00b0 de octubre y finaliza el 30 de noviembre, es decir, son dos meses\u201d en ese tiempo \u201ctodos los ni\u00f1os que tienen entre 1 y 5 a\u00f1os deber\u00e1n recibir una dosis extra de la vacuna triple viral que previene el sarampi\u00f3n, rubeola y parotiditis\u201d.<\/p>\n<p>\u201cNosotros tenemos en Mercedes -estimados- 4.300 ni\u00f1os en ese grupo de edad, y a poco m\u00e1s de dos semanas, llevamos vacunados 1.674 ni\u00f1os, sin contar aquellos que lo hayan hecho en el hospital o en un vacunatorio privado\u201d.<\/p>\n<p>El secretario de salud, Pablo Cassiani indic\u00f3 las formas en que aquellas mam\u00e1s que a\u00fan no han vacunado a sus hijos lo pueden hacer \u201cse pueden acercar a cualquiera de nuestros Centros de Atenci\u00f3n Primaria de la Salud (CAPS) hemos extendido el horario de 8:00 a 18:00 horas (lunes a viernes) y hemos incluido los d\u00edas s\u00e1bados de 9:00 a 13:00 horas. Y los domingos en el C.I.C. De esta manera, contamos con una amplia extensi\u00f3n horaria\u201d.<\/p>\n<p>Al mismo tiempo, la Secretar\u00eda de Salud Municipal, recorre los establecimientos educativos de nuestra ciudad ofreciendo, a aquellos ni\u00f1os que a\u00fan no han sido vacunados, la dosis correspondiente.<\/p>\n<p>&nbsp;<\/p>\n","protected":false},"excerpt":{"rendered":"<p>El Municipio de Mercedes, a trav\u00e9s de la secretaria de salud, contin\u00faa con la campa\u00f1a de vacunaci\u00f3n contra el sarampi\u00f3n. &#8230; <a title=\"M\u00e1s de mil ni\u00f1os se vacunan con la campa\u00f1a municipal\" class=\"read-more\" href=\"https:\/\/www.hoymercedes.com.ar\/principal\/2018\/10\/25\/mas-de-mil-ninos-se-vacunan-con-las-campana-municipal\/\" aria-label=\"Leer m\u00e1s sobre M\u00e1s de mil ni\u00f1os se vacunan con la campa\u00f1a municipal\">Leer m\u00e1s<\/a><\/p>\n","protected":false},"author":1,"featured_media":83030,"comment_status":"closed","ping_status":"open","sticky":false,"template":"","format":"standard","meta":{"_monsterinsights_skip_tracking":false,"_monsterinsights_sitenote_active":false,"_monsterinsights_sitenote_note":"","_monsterinsights_sitenote_category":0,"jetpack_post_was_ever_published":false,"_jetpack_newsletter_access":"","_jetpack_dont_email_post_to_subs":false,"_jetpack_newsletter_tier_id":0,"_jetpack_memberships_contains_paywalled_content":false,"_jetpack_memberships_contains_paid_content":false,"footnotes":"","jetpack_publicize_message":"","jetpack_publicize_feature_enabled":true,"jetpack_social_post_already_shared":true,"jetpack_social_options":{"image_generator_settings":{"template":"highway","default_image_id":0,"font":"","enabled":false},"version":2},"_wpas_customize_per_network":false},"categories":[30],"tags":[244,134,765],"class_list":["post-83029","post","type-post","status-publish","format-standard","has-post-thumbnail","hentry","category-municipio","tag-municipio-2","tag-salud","tag-vacunacion","generate-columns","tablet-grid-50","mobile-grid-100","grid-parent","grid-50"],"jetpack_publicize_connections":[],"jetpack_featured_media_url":"https:\/\/www.hoymercedes.com.ar\/principal\/wp-content\/uploads\/2018\/10\/25-Campa\u00f1a-Vacunaci\u00f3n.jpg","wps_subtitle":"Hasta el 30 de noviembre","jetpack_sharing_enabled":true,"_links":{"self":[{"href":"https:\/\/www.hoymercedes.com.ar\/principal\/wp-json\/wp\/v2\/posts\/83029","targetHints":{"allow":["GET"]}}],"collection":[{"href":"https:\/\/www.hoymercedes.com.ar\/principal\/wp-json\/wp\/v2\/posts"}],"about":[{"href":"https:\/\/www.hoymercedes.com.ar\/principal\/wp-json\/wp\/v2\/types\/post"}],"author":[{"embeddable":true,"href":"https:\/\/www.hoymercedes.com.ar\/principal\/wp-json\/wp\/v2\/users\/1"}],"replies":[{"embeddable":true,"href":"https:\/\/www.hoymercedes.com.ar\/principal\/wp-json\/wp\/v2\/comments?post=83029"}],"version-history":[{"count":0,"href":"https:\/\/www.hoymercedes.com.ar\/principal\/wp-json\/wp\/v2\/posts\/83029\/revisions"}],"wp:featuredmedia":[{"embeddable":true,"href":"https:\/\/www.hoymercedes.com.ar\/principal\/wp-json\/wp\/v2\/media\/83030"}],"wp:attachment":[{"href":"https:\/\/www.hoymercedes.com.ar\/principal\/wp-json\/wp\/v2\/media?parent=83029"}],"wp:term":[{"taxonomy":"category","embeddable":true,"href":"https:\/\/www.hoymercedes.com.ar\/principal\/wp-json\/wp\/v2\/categories?post=83029"},{"taxonomy":"post_tag","embeddable":true,"href":"https:\/\/www.hoymercedes.com.ar\/principal\/wp-json\/wp\/v2\/tags?post=83029"}],"curies":[{"name":"wp","href":"https:\/\/api.w.org\/{rel}","templated":true}]}}