{"id":83038,"date":"2018-10-25T13:39:02","date_gmt":"2018-10-25T16:39:02","guid":{"rendered":"http:\/\/www.hoymercedes.com.ar\/principal\/?p=83038"},"modified":"2018-10-25T13:39:02","modified_gmt":"2018-10-25T16:39:02","slug":"premios-y-apertura-del-xxxv-salon-de-pintura-del-colegio-de-abogados","status":"publish","type":"post","link":"https:\/\/www.hoymercedes.com.ar\/principal\/2018\/10\/25\/premios-y-apertura-del-xxxv-salon-de-pintura-del-colegio-de-abogados\/","title":{"rendered":"Premios y apertura del XXXV Sal\u00f3n de Pintura del Colegio de Abogados"},"content":{"rendered":"<p><em><strong>Por TeCleArte &#8211;<\/strong><\/em> El jurado determin\u00f3 que el ganador de este a\u00f1o es el mercedino Pablo Rodr\u00edguez. La muestra tendr\u00e1 un total de 46 obras seleccionadas. La inauguraci\u00f3n ser\u00e1 el s\u00e1bado 27, 20 \u00a0horas, en el primer piso del Colegio de calle 24 entre 29 y 31.<\/p>\n<figure id=\"attachment_83039\" aria-describedby=\"caption-attachment-83039\" style=\"width: 620px\" class=\"wp-caption aligncenter\"><img loading=\"lazy\" decoding=\"async\" data-attachment-id=\"83039\" data-permalink=\"https:\/\/www.hoymercedes.com.ar\/principal\/2018\/10\/25\/premios-y-apertura-del-xxxv-salon-de-pintura-del-colegio-de-abogados\/25-salon-pintura-1\/#main\" data-orig-file=\"https:\/\/www.hoymercedes.com.ar\/principal\/wp-content\/uploads\/2018\/10\/25-salon-pintura-1.jpg\" data-orig-size=\"750,500\" data-comments-opened=\"0\" data-image-meta=\"{&quot;aperture&quot;:&quot;2&quot;,&quot;credit&quot;:&quot;&quot;,&quot;camera&quot;:&quot;Moto G (5S) Plus&quot;,&quot;caption&quot;:&quot;&quot;,&quot;created_timestamp&quot;:&quot;1540058614&quot;,&quot;copyright&quot;:&quot;&quot;,&quot;focal_length&quot;:&quot;3.59&quot;,&quot;iso&quot;:&quot;215&quot;,&quot;shutter_speed&quot;:&quot;0.03030303030303&quot;,&quot;title&quot;:&quot;&quot;,&quot;orientation&quot;:&quot;1&quot;}\" data-image-title=\"25 salon pintura 1\" data-image-description=\"\" data-image-caption=\"&lt;p&gt;El jurado y parte de la comisi\u00f3n del Colegio de Abogados junto al cuadro ganador&lt;\/p&gt;\n\" data-large-file=\"https:\/\/www.hoymercedes.com.ar\/principal\/wp-content\/uploads\/2018\/10\/25-salon-pintura-1.jpg\" class=\"size-medium wp-image-83039\" src=\"https:\/\/www.hoymercedes.com.ar\/principal\/wp-content\/uploads\/2018\/10\/25-salon-pintura-1-630x420.jpg\" alt=\"\" width=\"630\" height=\"420\" srcset=\"https:\/\/www.hoymercedes.com.ar\/principal\/wp-content\/uploads\/2018\/10\/25-salon-pintura-1-630x420.jpg 630w, https:\/\/www.hoymercedes.com.ar\/principal\/wp-content\/uploads\/2018\/10\/25-salon-pintura-1-150x100.jpg 150w, https:\/\/www.hoymercedes.com.ar\/principal\/wp-content\/uploads\/2018\/10\/25-salon-pintura-1.jpg 750w\" sizes=\"auto, (max-width: 630px) 100vw, 630px\" \/><figcaption id=\"caption-attachment-83039\" class=\"wp-caption-text\">El jurado y parte de la comisi\u00f3n del Colegio de Abogados junto al cuadro ganador<\/figcaption><\/figure>\n<p>Tal como anunci\u00e1ramos el s\u00e1bado pasado, el jurado compuesto por los artistas Carlos Arnaiz (por la Comisi\u00f3n de Extensi\u00f3n sociocultural del Colegio), Roberto Fern\u00e1ndez (designado por el Palais de Glace) y Pablo de Monte (por el Museo Nacional de Bellas Artes), por unanimidad determinaron los ganadores, menciones y seleccionaron las 46 obras que estar\u00e1n en la muestra que se inaugura el s\u00e1bado 27 de octubre, en el primer piso del Colegio de Abogados Departamento Judicial Mercedes, de calle 24 esquina 29.<\/p>\n<p>Luego de la elecci\u00f3n y selecci\u00f3n de pinturas el jurado habl\u00f3 ante las c\u00e1maras y medios de comunicaci\u00f3n \u2013 entrevista que se ver\u00e1 en la inauguraci\u00f3n \u2013 y explicaron destacando cada uno de los trabajos premiados. \u201cEl nivel es muy bueno\u201d, expres\u00f3 uno de ellos concluida la tarea. \u201cSe pueda dar una expansi\u00f3n y los artistas locales puedan ver otras cosas y que ello le sirva como est\u00edmulo para nuevas b\u00fasquedas, generar otro tipo de im\u00e1genes o investigar otro tipo de manifestaciones art\u00edsticas. Nos vamos muy contentos y conformes con la experiencia y por conocer la ciudad de Mercedes\u201d, destac\u00f3 de Monte.<\/p>\n<p>Es sabido que el primer premio, adquisici\u00f3n 15 mil pesos), fue para la obra \u201cEn el Barrio\u201d de Pablo Martin Rodr\u00edguez de Mercedes. En tanto, el segundo fue para \u201cLocos y pastores\u201d de Nicol\u00e1s Filippoli de Luj\u00e1n, mientras que el tercero fue para \u201cRenacer\u201d de Norma Fabrega de Mercedes y el cuarto para \u201cEntre Jes\u00fas y Teresio\u201d de Francisco Zucchi de Lujan. Asimismo, las menciones fueron para Julio Becerra de Mercedes (\u201cLa alegor\u00eda de apocalipsis 2\u201d), Mat\u00edas Lepere de Merlo (s\/t), Marina L\u00f3pez de Mercedes (\u201cIntrospecci\u00f3n\u201d) y Mercedes Zapillon de Salto (\u201cCamuflaje\u201d).<\/p>\n<p>Sobre los premiados, el jurado Roberto Fern\u00e1ndez destac\u00f3 que la obra de Pablo Rodr\u00edguez fue elegida en coincidencia con los otros dos integrantes. \u201cHay un misterio en la paleta, y fue algo que de entrada vi el primer premio en este trabajo\u201d. \u201cCuando llegamos a la selecci\u00f3n de las obras que entraban al sal\u00f3n, este trabajo cobr\u00f3 fuerza. Es una pintura que tiene una atm\u00f3sfera metaf\u00edsica. Me gustaron los colores, el \u00e1cido de los amarillos, los dos azules que utiliz\u00f3. Es un cuadro que est\u00e1 bien, es redondo y es merecedor del premio que se le ha otorgado\u201d, agreg\u00f3 Arnaiz.<\/p>\n<p>\u201cEl cuadro de Pablo Rodr\u00edguez fue emergiendo de esa selecci\u00f3n y se fue diferenciando\u201d marc\u00f3 De Monte. \u201cNos dio la impresi\u00f3n, por su trabajo, de que se trataba de una persona que tiene un recorrido, un oficio en el arte. Despu\u00e9s nos enteramos que es profesor de la Escuela de Arte. Eso se not\u00f3 a pesar de que no ten\u00edamos ninguna informaci\u00f3n\u201d, marc\u00f3.<\/p>\n<figure id=\"attachment_83040\" aria-describedby=\"caption-attachment-83040\" style=\"width: 620px\" class=\"wp-caption aligncenter\"><img loading=\"lazy\" decoding=\"async\" data-attachment-id=\"83040\" data-permalink=\"https:\/\/www.hoymercedes.com.ar\/principal\/2018\/10\/25\/premios-y-apertura-del-xxxv-salon-de-pintura-del-colegio-de-abogados\/25-salon-pintura-2\/#main\" data-orig-file=\"https:\/\/www.hoymercedes.com.ar\/principal\/wp-content\/uploads\/2018\/10\/25-salon-pintura-2.jpg\" data-orig-size=\"750,563\" data-comments-opened=\"0\" data-image-meta=\"{&quot;aperture&quot;:&quot;2&quot;,&quot;credit&quot;:&quot;&quot;,&quot;camera&quot;:&quot;Moto G (5S) Plus&quot;,&quot;caption&quot;:&quot;&quot;,&quot;created_timestamp&quot;:&quot;1540058480&quot;,&quot;copyright&quot;:&quot;&quot;,&quot;focal_length&quot;:&quot;3.59&quot;,&quot;iso&quot;:&quot;243&quot;,&quot;shutter_speed&quot;:&quot;0.03030303030303&quot;,&quot;title&quot;:&quot;&quot;,&quot;orientation&quot;:&quot;1&quot;}\" data-image-title=\"25 salon pintura 2\" data-image-description=\"\" data-image-caption=\"&lt;p&gt;El cuadro de Pabl\u00edn Rodr\u00edguez gan\u00f3 el m\u00e1ximo premio&lt;\/p&gt;\n\" data-large-file=\"https:\/\/www.hoymercedes.com.ar\/principal\/wp-content\/uploads\/2018\/10\/25-salon-pintura-2.jpg\" class=\"size-medium wp-image-83040\" src=\"https:\/\/www.hoymercedes.com.ar\/principal\/wp-content\/uploads\/2018\/10\/25-salon-pintura-2-630x473.jpg\" alt=\"\" width=\"630\" height=\"473\" srcset=\"https:\/\/www.hoymercedes.com.ar\/principal\/wp-content\/uploads\/2018\/10\/25-salon-pintura-2-630x473.jpg 630w, https:\/\/www.hoymercedes.com.ar\/principal\/wp-content\/uploads\/2018\/10\/25-salon-pintura-2-150x113.jpg 150w, https:\/\/www.hoymercedes.com.ar\/principal\/wp-content\/uploads\/2018\/10\/25-salon-pintura-2.jpg 750w\" sizes=\"auto, (max-width: 630px) 100vw, 630px\" \/><figcaption id=\"caption-attachment-83040\" class=\"wp-caption-text\">El cuadro de Pabl\u00edn Rodr\u00edguez gan\u00f3 el m\u00e1ximo premio<\/figcaption><\/figure>\n<p>Cerca de cien obras fueron las presentadas, pero solo 46 ingresaron para ser expuestas. Este s\u00e1bado podr\u00e1n verse tambi\u00e9n las obras: \u201cVac\u00edo ic\u00f3nico II\u201d de Rosana Quagliariello\u00a0(Luj\u00e1n), \u201cNi pan ni circo\u201d de Violeta Basna\u00a0(Luj\u00e1n), \u201cMadres\u201d\u00a0de Luis Leonardo Gasparini\u00a0(S. A. de Areco), \u201cPesadilla\u201d de Guadalupe Luna\u00a0(Mercedes), \u201cPrimer Aniversario\u201d de Mart\u00edn Garros (Mercedes), \u201cSue\u00f1o on\u00edrico\u201d\u00a0de Graciela Luc\u00eda L\u00f3pez\u00a0(Luj\u00e1n), \u201cLa vi parir\u201d\u00a0de Susana Lipshitz\u00a0(Luj\u00e1n), \u201cCiudad desdibujada\u201d\u00a0de Liliana Al\u00ed\u00a0(Mercedes), \u201cDulce Mirada de r\u00edo\u201d de Pablo Tapia\u00a0(Mercedes), \u201cSin t\u00edtulo\u201d\u00a0de Paola Ghessi (Luj\u00e1n), \u201cSin trabajo\u201d\u00a0y \u201cEn\u00a0 busca de la esperanza\u201d de Dina Battaglia (Mercedes), \u201cDesnudo\u201d\u00a0de Jos\u00e9 Mar\u00eda G\u00f3mez\u00a0(Salto), \u201cAbstracci\u00f3n geom\u00e9trica org\u00e1nica\u201d de M\u00f3nica Castagno (Salto); \u201cElefante\u201d\u00a0de Mercedes Zapillon\u00a0(Salto); \u201cLucerna\u201d y \u201cV\u00e9rtigo\u201d de Camila Despalanques\u00a0(Mercedes); \u201cMachirulo\u201d\u00a0de \u00c1ngel Rutigliano\u00a0(Luj\u00e1n); \u201cBosque al sol\u201d\u00a0y \u201cEn el jard\u00edn\u201d de Ana Celia Quintana\u00a0(Suipacha); \u201cSin t\u00edtulo\u201d\u00a0de Paola Bertolotto (Suipacha); \u201cSin t\u00edtulo\u201d de Gabriel Dworkind\u00a0(Mercedes); \u201cAusencias\u201d y \u201cUn d\u00eda despu\u00e9s de la lluvia\u201d\u00a0de Mariana Isabel Ambrosio Lagomarsino\u00a0(Mercedes); \u201cEl taller\u201d de Silvio Luis Cerda (Mercedes); \u201cEl cruce\u201d\u00a0y \u201cContemplaci\u00f3n\u201d de Claudia In\u00e9s Bentancor\u00a0(Luj\u00e1n); \u201cSin t\u00edtulo\u201d de Graciela Barbella\u00a0(Bs. As.); \u201cDesvastar\u201d de Anabel Pi\u00f1eiro\u00a0(Mercedes); \u201cEvelia, la vasca\u201d\u00a0de Alicia Galiani\u00a0(Mercedes); \u201cFinal de la pesca\u201d\u00a0de Roberto Jofre (Lobos); \u201cA todo tango\u201d de Jos\u00e9 Bonanno\u00a0(Espeleta); \u201cGente de radio\u201d de Valentino Rutigliano\u00a0(Mercedes); \u201cPostal urbana 2\u201d de Antonio Garelli\u00a0(Mercedes) y \u201cCaser\u00edo\u201d de Andrea Ramos\u00a0(Luj\u00e1n).<\/p>\n<p>Asimismo, se expondr\u00e1n tres obras de artistas ganadores del Sal\u00f3n en a\u00f1os anteriores. Se trata de Marcela Cueto con su obra \u201cLa Hermanita Menor\u201d, Osvaldo Sanguinetti con la pintura \u201cEpoca Colonial\u201d y Olga Gallo con \u201cLa Peque\u00f1a Galer\u00eda\u201d<\/p>\n","protected":false},"excerpt":{"rendered":"<p>Por TeCleArte &#8211; El jurado determin\u00f3 que el ganador de este a\u00f1o es el mercedino Pablo Rodr\u00edguez. La muestra tendr\u00e1 &#8230; <a title=\"Premios y apertura del XXXV Sal\u00f3n de Pintura del Colegio de Abogados\" class=\"read-more\" href=\"https:\/\/www.hoymercedes.com.ar\/principal\/2018\/10\/25\/premios-y-apertura-del-xxxv-salon-de-pintura-del-colegio-de-abogados\/\" aria-label=\"Leer m\u00e1s sobre Premios y apertura del XXXV Sal\u00f3n de Pintura del Colegio de Abogados\">Leer m\u00e1s<\/a><\/p>\n","protected":false},"author":1,"featured_media":83040,"comment_status":"closed","ping_status":"open","sticky":false,"template":"","format":"standard","meta":{"_monsterinsights_skip_tracking":false,"_monsterinsights_sitenote_active":false,"_monsterinsights_sitenote_note":"","_monsterinsights_sitenote_category":0,"jetpack_post_was_ever_published":false,"_jetpack_newsletter_access":"","_jetpack_dont_email_post_to_subs":false,"_jetpack_newsletter_tier_id":0,"_jetpack_memberships_contains_paywalled_content":false,"_jetpack_memberships_contains_paid_content":false,"footnotes":"","jetpack_publicize_message":"","jetpack_publicize_feature_enabled":true,"jetpack_social_post_already_shared":true,"jetpack_social_options":{"image_generator_settings":{"template":"highway","default_image_id":0,"font":"","enabled":false},"version":2},"_wpas_customize_per_network":false},"categories":[104],"tags":[928,7805,970],"class_list":["post-83038","post","type-post","status-publish","format-standard","has-post-thumbnail","hentry","category-cultura","tag-colegio-de-abogados","tag-cultura","tag-salon-de-pintura","generate-columns","tablet-grid-50","mobile-grid-100","grid-parent","grid-50"],"jetpack_publicize_connections":[],"jetpack_featured_media_url":"https:\/\/www.hoymercedes.com.ar\/principal\/wp-content\/uploads\/2018\/10\/25-salon-pintura-2.jpg","wps_subtitle":"Este s\u00e1bado abre ","jetpack_sharing_enabled":true,"_links":{"self":[{"href":"https:\/\/www.hoymercedes.com.ar\/principal\/wp-json\/wp\/v2\/posts\/83038","targetHints":{"allow":["GET"]}}],"collection":[{"href":"https:\/\/www.hoymercedes.com.ar\/principal\/wp-json\/wp\/v2\/posts"}],"about":[{"href":"https:\/\/www.hoymercedes.com.ar\/principal\/wp-json\/wp\/v2\/types\/post"}],"author":[{"embeddable":true,"href":"https:\/\/www.hoymercedes.com.ar\/principal\/wp-json\/wp\/v2\/users\/1"}],"replies":[{"embeddable":true,"href":"https:\/\/www.hoymercedes.com.ar\/principal\/wp-json\/wp\/v2\/comments?post=83038"}],"version-history":[{"count":0,"href":"https:\/\/www.hoymercedes.com.ar\/principal\/wp-json\/wp\/v2\/posts\/83038\/revisions"}],"wp:featuredmedia":[{"embeddable":true,"href":"https:\/\/www.hoymercedes.com.ar\/principal\/wp-json\/wp\/v2\/media\/83040"}],"wp:attachment":[{"href":"https:\/\/www.hoymercedes.com.ar\/principal\/wp-json\/wp\/v2\/media?parent=83038"}],"wp:term":[{"taxonomy":"category","embeddable":true,"href":"https:\/\/www.hoymercedes.com.ar\/principal\/wp-json\/wp\/v2\/categories?post=83038"},{"taxonomy":"post_tag","embeddable":true,"href":"https:\/\/www.hoymercedes.com.ar\/principal\/wp-json\/wp\/v2\/tags?post=83038"}],"curies":[{"name":"wp","href":"https:\/\/api.w.org\/{rel}","templated":true}]}}