{"id":83043,"date":"2018-10-25T14:56:31","date_gmt":"2018-10-25T17:56:31","guid":{"rendered":"http:\/\/www.hoymercedes.com.ar\/principal\/?p=83043"},"modified":"2018-10-25T14:56:31","modified_gmt":"2018-10-25T17:56:31","slug":"tras-salvar-el-servicio-presentaron-nuevos-horarios-de-colectivos","status":"publish","type":"post","link":"https:\/\/www.hoymercedes.com.ar\/principal\/2018\/10\/25\/tras-salvar-el-servicio-presentaron-nuevos-horarios-de-colectivos\/","title":{"rendered":"Tras salvar el servicio presentaron nuevos horarios de colectivos"},"content":{"rendered":"<p><span class=\"embed-youtube\" style=\"text-align:center; display: block;\"><iframe loading=\"lazy\" class=\"youtube-player\" width=\"1200\" height=\"675\" src=\"https:\/\/www.youtube.com\/embed\/g3928Z8YL68?version=3&#038;rel=1&#038;showsearch=0&#038;showinfo=1&#038;iv_load_policy=1&#038;fs=1&#038;hl=es-ES&#038;autohide=2&#038;wmode=transparent\" allowfullscreen=\"true\" style=\"border:0;\" sandbox=\"allow-scripts allow-same-origin allow-popups allow-presentation allow-popups-to-escape-sandbox\"><\/iframe><\/span><\/p>\n<p>Tras la crisis que se gener\u00f3 con la quita de subsidios y el retiro de la empresa que prestaba el servicio en Mercedes el intendente Ustarroz y la sub secretaria Clara Zunino dieron detalles de los nuevos horarios y recorridos del transporte urbano de pasajeros salvando el servicio que se iba a caer, como sucedi\u00f3 en otras localidades, tras la modificaci\u00f3n efectuada por el Ministerio de Transporte de la Naci\u00f3n al subsidio en el interior del pa\u00eds.<\/p>\n<p>La medida incluy\u00f3 varios pasos. Primero generar reuniones con el gobierno nacional entre las partes, luego evaluar costos y finalmente con el dinero del municipalizado Estacionamiento Medido salvar el servicio, comprando los micros a la empresa Atl\u00e1ntida y poni\u00e9ndolos en servicios desde la estructura municipal. Se supo que el dinero\u00a0 proveniente del Estacionamiento Medido seguramente no alcanzar\u00e1, pero se tom\u00f3 como prioridad para los vecinos y educandos.<\/p>\n<p>Un tema importante es que se invita a los mercedinos a aprovechar.<\/p>\n<p>Esta nueva modalidad empieza a correr desde el pr\u00f3ximo lunes. Por el momento, hasta que el servicio cuente con SUBE, no se cobrar\u00e1 pasaje.<\/p>\n<p>Mir\u00e1 los nuevos horarios (desde lunes 29 de octubre)<\/p>\n<p><img loading=\"lazy\" decoding=\"async\" data-attachment-id=\"83044\" data-permalink=\"https:\/\/www.hoymercedes.com.ar\/principal\/2018\/10\/25\/tras-salvar-el-servicio-presentaron-nuevos-horarios-de-colectivos\/linea1\/#main\" data-orig-file=\"https:\/\/www.hoymercedes.com.ar\/principal\/wp-content\/uploads\/2018\/10\/Linea1.jpeg\" data-orig-size=\"1280,1280\" data-comments-opened=\"0\" data-image-meta=\"{&quot;aperture&quot;:&quot;0&quot;,&quot;credit&quot;:&quot;&quot;,&quot;camera&quot;:&quot;&quot;,&quot;caption&quot;:&quot;&quot;,&quot;created_timestamp&quot;:&quot;0&quot;,&quot;copyright&quot;:&quot;&quot;,&quot;focal_length&quot;:&quot;0&quot;,&quot;iso&quot;:&quot;0&quot;,&quot;shutter_speed&quot;:&quot;0&quot;,&quot;title&quot;:&quot;&quot;,&quot;orientation&quot;:&quot;0&quot;}\" data-image-title=\"Linea1\" data-image-description=\"\" data-image-caption=\"\" data-large-file=\"https:\/\/www.hoymercedes.com.ar\/principal\/wp-content\/uploads\/2018\/10\/Linea1-1024x1024.jpeg\" class=\"aligncenter size-medium wp-image-83044\" src=\"https:\/\/www.hoymercedes.com.ar\/principal\/wp-content\/uploads\/2018\/10\/Linea1-620x620.jpeg\" alt=\"\" width=\"620\" height=\"620\" srcset=\"https:\/\/www.hoymercedes.com.ar\/principal\/wp-content\/uploads\/2018\/10\/Linea1-620x620.jpeg 620w, https:\/\/www.hoymercedes.com.ar\/principal\/wp-content\/uploads\/2018\/10\/Linea1-150x150.jpeg 150w, https:\/\/www.hoymercedes.com.ar\/principal\/wp-content\/uploads\/2018\/10\/Linea1-1024x1024.jpeg 1024w, https:\/\/www.hoymercedes.com.ar\/principal\/wp-content\/uploads\/2018\/10\/Linea1.jpeg 1280w\" sizes=\"auto, (max-width: 620px) 100vw, 620px\" \/><\/p>\n<p><img loading=\"lazy\" decoding=\"async\" data-attachment-id=\"83045\" data-permalink=\"https:\/\/www.hoymercedes.com.ar\/principal\/2018\/10\/25\/tras-salvar-el-servicio-presentaron-nuevos-horarios-de-colectivos\/linea2\/#main\" data-orig-file=\"https:\/\/www.hoymercedes.com.ar\/principal\/wp-content\/uploads\/2018\/10\/Linea2.jpeg\" data-orig-size=\"1280,1280\" data-comments-opened=\"0\" data-image-meta=\"{&quot;aperture&quot;:&quot;0&quot;,&quot;credit&quot;:&quot;&quot;,&quot;camera&quot;:&quot;&quot;,&quot;caption&quot;:&quot;&quot;,&quot;created_timestamp&quot;:&quot;0&quot;,&quot;copyright&quot;:&quot;&quot;,&quot;focal_length&quot;:&quot;0&quot;,&quot;iso&quot;:&quot;0&quot;,&quot;shutter_speed&quot;:&quot;0&quot;,&quot;title&quot;:&quot;&quot;,&quot;orientation&quot;:&quot;0&quot;}\" data-image-title=\"Linea2\" data-image-description=\"\" data-image-caption=\"\" data-large-file=\"https:\/\/www.hoymercedes.com.ar\/principal\/wp-content\/uploads\/2018\/10\/Linea2-1024x1024.jpeg\" class=\"aligncenter size-medium wp-image-83045\" src=\"https:\/\/www.hoymercedes.com.ar\/principal\/wp-content\/uploads\/2018\/10\/Linea2-620x620.jpeg\" alt=\"\" width=\"620\" height=\"620\" srcset=\"https:\/\/www.hoymercedes.com.ar\/principal\/wp-content\/uploads\/2018\/10\/Linea2-620x620.jpeg 620w, https:\/\/www.hoymercedes.com.ar\/principal\/wp-content\/uploads\/2018\/10\/Linea2-150x150.jpeg 150w, https:\/\/www.hoymercedes.com.ar\/principal\/wp-content\/uploads\/2018\/10\/Linea2-1024x1024.jpeg 1024w, https:\/\/www.hoymercedes.com.ar\/principal\/wp-content\/uploads\/2018\/10\/Linea2.jpeg 1280w\" sizes=\"auto, (max-width: 620px) 100vw, 620px\" \/><\/p>\n<p>&nbsp;<\/p>\n","protected":false},"excerpt":{"rendered":"<p>Tras la crisis que se gener\u00f3 con la quita de subsidios y el retiro de la empresa que prestaba el &#8230; <a title=\"Tras salvar el servicio presentaron nuevos horarios de colectivos\" class=\"read-more\" href=\"https:\/\/www.hoymercedes.com.ar\/principal\/2018\/10\/25\/tras-salvar-el-servicio-presentaron-nuevos-horarios-de-colectivos\/\" aria-label=\"Leer m\u00e1s sobre Tras salvar el servicio presentaron nuevos horarios de colectivos\">Leer m\u00e1s<\/a><\/p>\n","protected":false},"author":1,"featured_media":83046,"comment_status":"closed","ping_status":"open","sticky":false,"template":"","format":"standard","meta":{"_monsterinsights_skip_tracking":false,"_monsterinsights_sitenote_active":false,"_monsterinsights_sitenote_note":"","_monsterinsights_sitenote_category":0,"jetpack_post_was_ever_published":false,"_jetpack_newsletter_access":"","_jetpack_dont_email_post_to_subs":false,"_jetpack_newsletter_tier_id":0,"_jetpack_memberships_contains_paywalled_content":false,"_jetpack_memberships_contains_paid_content":false,"footnotes":"","jetpack_publicize_message":"","jetpack_publicize_feature_enabled":true,"jetpack_social_post_already_shared":true,"jetpack_social_options":{"image_generator_settings":{"template":"highway","default_image_id":0,"font":"","enabled":false},"version":2},"_wpas_customize_per_network":false},"categories":[30],"tags":[11910,905,13936,424],"class_list":["post-83043","post","type-post","status-publish","format-standard","has-post-thumbnail","hentry","category-municipio","tag-clara-zunino","tag-colectivos-mercedes","tag-servicio-de-pasajeros","tag-ustarroz","generate-columns","tablet-grid-50","mobile-grid-100","grid-parent","grid-50"],"jetpack_publicize_connections":[],"jetpack_featured_media_url":"https:\/\/www.hoymercedes.com.ar\/principal\/wp-content\/uploads\/2018\/10\/colectivos-transporteurbano-mercedes-salvataje.jpg","wps_subtitle":"Trasporte urbano","jetpack_sharing_enabled":true,"_links":{"self":[{"href":"https:\/\/www.hoymercedes.com.ar\/principal\/wp-json\/wp\/v2\/posts\/83043","targetHints":{"allow":["GET"]}}],"collection":[{"href":"https:\/\/www.hoymercedes.com.ar\/principal\/wp-json\/wp\/v2\/posts"}],"about":[{"href":"https:\/\/www.hoymercedes.com.ar\/principal\/wp-json\/wp\/v2\/types\/post"}],"author":[{"embeddable":true,"href":"https:\/\/www.hoymercedes.com.ar\/principal\/wp-json\/wp\/v2\/users\/1"}],"replies":[{"embeddable":true,"href":"https:\/\/www.hoymercedes.com.ar\/principal\/wp-json\/wp\/v2\/comments?post=83043"}],"version-history":[{"count":0,"href":"https:\/\/www.hoymercedes.com.ar\/principal\/wp-json\/wp\/v2\/posts\/83043\/revisions"}],"wp:featuredmedia":[{"embeddable":true,"href":"https:\/\/www.hoymercedes.com.ar\/principal\/wp-json\/wp\/v2\/media\/83046"}],"wp:attachment":[{"href":"https:\/\/www.hoymercedes.com.ar\/principal\/wp-json\/wp\/v2\/media?parent=83043"}],"wp:term":[{"taxonomy":"category","embeddable":true,"href":"https:\/\/www.hoymercedes.com.ar\/principal\/wp-json\/wp\/v2\/categories?post=83043"},{"taxonomy":"post_tag","embeddable":true,"href":"https:\/\/www.hoymercedes.com.ar\/principal\/wp-json\/wp\/v2\/tags?post=83043"}],"curies":[{"name":"wp","href":"https:\/\/api.w.org\/{rel}","templated":true}]}}