{"id":83059,"date":"2018-10-26T15:08:16","date_gmt":"2018-10-26T18:08:16","guid":{"rendered":"http:\/\/www.hoymercedes.com.ar\/principal\/?p=83059"},"modified":"2018-10-26T16:19:12","modified_gmt":"2018-10-26T19:19:12","slug":"francisco-alvarez-se-corono-campeon-en-los-juegos-evita","status":"publish","type":"post","link":"https:\/\/www.hoymercedes.com.ar\/principal\/2018\/10\/26\/francisco-alvarez-se-corono-campeon-en-los-juegos-evita\/","title":{"rendered":"Francisco \u00c1lvarez se coron\u00f3 campe\u00f3n en los Juegos Evita"},"content":{"rendered":"<p>El mercedino Francisco \u00c1lvarez se consagr\u00f3 campe\u00f3n en los Juegos Nacionales Evita que se desarrollan en Mar del Plata. En lanzamiento de bala, logr\u00f3 una marca de 6 metros 25 cent\u00edmetros en la Categor\u00eda Sub 18 Motor.<\/p>\n<p><img loading=\"lazy\" decoding=\"async\" data-attachment-id=\"83060\" data-permalink=\"https:\/\/www.hoymercedes.com.ar\/principal\/2018\/10\/26\/francisco-alvarez-se-corono-campeon-en-los-juegos-evita\/francisco-alvarez-ganador-evita\/#main\" data-orig-file=\"https:\/\/www.hoymercedes.com.ar\/principal\/wp-content\/uploads\/2018\/10\/Francisco-Alvarez-ganador-evita.jpg\" data-orig-size=\"1280,768\" data-comments-opened=\"0\" data-image-meta=\"{&quot;aperture&quot;:&quot;0&quot;,&quot;credit&quot;:&quot;&quot;,&quot;camera&quot;:&quot;&quot;,&quot;caption&quot;:&quot;&quot;,&quot;created_timestamp&quot;:&quot;0&quot;,&quot;copyright&quot;:&quot;&quot;,&quot;focal_length&quot;:&quot;0&quot;,&quot;iso&quot;:&quot;0&quot;,&quot;shutter_speed&quot;:&quot;0&quot;,&quot;title&quot;:&quot;&quot;,&quot;orientation&quot;:&quot;0&quot;}\" data-image-title=\"Francisco Alvarez ganador evita\" data-image-description=\"\" data-image-caption=\"\" data-large-file=\"https:\/\/www.hoymercedes.com.ar\/principal\/wp-content\/uploads\/2018\/10\/Francisco-Alvarez-ganador-evita-1024x614.jpg\" class=\"aligncenter size-medium wp-image-83060\" src=\"https:\/\/www.hoymercedes.com.ar\/principal\/wp-content\/uploads\/2018\/10\/Francisco-Alvarez-ganador-evita-630x378.jpg\" alt=\"\" width=\"630\" height=\"378\" srcset=\"https:\/\/www.hoymercedes.com.ar\/principal\/wp-content\/uploads\/2018\/10\/Francisco-Alvarez-ganador-evita-630x378.jpg 630w, https:\/\/www.hoymercedes.com.ar\/principal\/wp-content\/uploads\/2018\/10\/Francisco-Alvarez-ganador-evita-150x90.jpg 150w, https:\/\/www.hoymercedes.com.ar\/principal\/wp-content\/uploads\/2018\/10\/Francisco-Alvarez-ganador-evita-1024x614.jpg 1024w, https:\/\/www.hoymercedes.com.ar\/principal\/wp-content\/uploads\/2018\/10\/Francisco-Alvarez-ganador-evita-750x450.jpg 750w, https:\/\/www.hoymercedes.com.ar\/principal\/wp-content\/uploads\/2018\/10\/Francisco-Alvarez-ganador-evita.jpg 1280w\" sizes=\"auto, (max-width: 630px) 100vw, 630px\" \/><\/p>\n<p>En la jornada de este jueves, a la hora de la siesta, Francisco \u00c1lvarez quiso repetir la buena actuaci\u00f3n que semanas atr\u00e1s lo consagr\u00f3 campe\u00f3n bonaerense en Mardel y lo logr\u00f3 con creces, ya que se colg\u00f3 la medalla de oro en Lanzamiento de Bala.<\/p>\n<p>El alumno de la profesora Daniela Libares\u00a0realiza los lanzamientos desde un taburete con lo que la manera de aplicar la fuerza es otra si lo hiciese parado y compiti\u00f3 con participantes de otras provincias. En la tarde de este viernes competir\u00e1 en los 100 metros Sub 18 Motros, carrera para ambos sexos en silla de ruedas.<\/p>\n","protected":false},"excerpt":{"rendered":"<p>El mercedino Francisco \u00c1lvarez se consagr\u00f3 campe\u00f3n en los Juegos Nacionales Evita que se desarrollan en Mar del Plata. En &#8230; <a title=\"Francisco \u00c1lvarez se coron\u00f3 campe\u00f3n en los Juegos Evita\" class=\"read-more\" href=\"https:\/\/www.hoymercedes.com.ar\/principal\/2018\/10\/26\/francisco-alvarez-se-corono-campeon-en-los-juegos-evita\/\" aria-label=\"Leer m\u00e1s sobre Francisco \u00c1lvarez se coron\u00f3 campe\u00f3n en los Juegos Evita\">Leer m\u00e1s<\/a><\/p>\n","protected":false},"author":1,"featured_media":83060,"comment_status":"closed","ping_status":"open","sticky":false,"template":"","format":"standard","meta":{"_monsterinsights_skip_tracking":false,"_monsterinsights_sitenote_active":false,"_monsterinsights_sitenote_note":"","_monsterinsights_sitenote_category":0,"jetpack_post_was_ever_published":false,"_jetpack_newsletter_access":"","_jetpack_dont_email_post_to_subs":false,"_jetpack_newsletter_tier_id":0,"_jetpack_memberships_contains_paywalled_content":false,"_jetpack_memberships_contains_paid_content":false,"footnotes":"","jetpack_publicize_message":"","jetpack_publicize_feature_enabled":true,"jetpack_social_post_already_shared":true,"jetpack_social_options":{"image_generator_settings":{"template":"highway","default_image_id":0,"font":"","enabled":false},"version":2},"_wpas_customize_per_network":false},"categories":[21],"tags":[803,13867,13868],"class_list":["post-83059","post","type-post","status-publish","format-standard","has-post-thumbnail","hentry","category-deportes","tag-atletismo","tag-francisco-alvarez","tag-juegos-evita","generate-columns","tablet-grid-50","mobile-grid-100","grid-parent","grid-50"],"jetpack_publicize_connections":[],"jetpack_featured_media_url":"https:\/\/www.hoymercedes.com.ar\/principal\/wp-content\/uploads\/2018\/10\/Francisco-Alvarez-ganador-evita.jpg","wps_subtitle":"Atletismo","jetpack_sharing_enabled":true,"_links":{"self":[{"href":"https:\/\/www.hoymercedes.com.ar\/principal\/wp-json\/wp\/v2\/posts\/83059","targetHints":{"allow":["GET"]}}],"collection":[{"href":"https:\/\/www.hoymercedes.com.ar\/principal\/wp-json\/wp\/v2\/posts"}],"about":[{"href":"https:\/\/www.hoymercedes.com.ar\/principal\/wp-json\/wp\/v2\/types\/post"}],"author":[{"embeddable":true,"href":"https:\/\/www.hoymercedes.com.ar\/principal\/wp-json\/wp\/v2\/users\/1"}],"replies":[{"embeddable":true,"href":"https:\/\/www.hoymercedes.com.ar\/principal\/wp-json\/wp\/v2\/comments?post=83059"}],"version-history":[{"count":0,"href":"https:\/\/www.hoymercedes.com.ar\/principal\/wp-json\/wp\/v2\/posts\/83059\/revisions"}],"wp:featuredmedia":[{"embeddable":true,"href":"https:\/\/www.hoymercedes.com.ar\/principal\/wp-json\/wp\/v2\/media\/83060"}],"wp:attachment":[{"href":"https:\/\/www.hoymercedes.com.ar\/principal\/wp-json\/wp\/v2\/media?parent=83059"}],"wp:term":[{"taxonomy":"category","embeddable":true,"href":"https:\/\/www.hoymercedes.com.ar\/principal\/wp-json\/wp\/v2\/categories?post=83059"},{"taxonomy":"post_tag","embeddable":true,"href":"https:\/\/www.hoymercedes.com.ar\/principal\/wp-json\/wp\/v2\/tags?post=83059"}],"curies":[{"name":"wp","href":"https:\/\/api.w.org\/{rel}","templated":true}]}}