{"id":83070,"date":"2018-10-26T13:39:35","date_gmt":"2018-10-26T16:39:35","guid":{"rendered":"http:\/\/www.hoymercedes.com.ar\/principal\/?p=83070"},"modified":"2018-10-26T16:55:27","modified_gmt":"2018-10-26T19:55:27","slug":"feria-en-la-trocha-con-musica-de-percusion","status":"publish","type":"post","link":"https:\/\/www.hoymercedes.com.ar\/principal\/2018\/10\/26\/feria-en-la-trocha-con-musica-de-percusion\/","title":{"rendered":"Feria en La Trocha con m\u00fasica de percusi\u00f3n"},"content":{"rendered":"<p>La banda Santa Milonguita junto al Taller de Percusi\u00f3n municipal musicalizar\u00e1n la tarde del domingo en el marco de la Feria en el Centro Cultural La Trocha. Al aire libre desde la hora 15.<\/p>\n<p>El pr\u00f3ximo domingo, la banda Santa Milonguita se presentar\u00e1\u00a0en el Centro Cultural La Trocha junto al Taller Municipal de Percusi\u00f3n en una nueva edici\u00f3n de la Feria de Artesanos y Gastron\u00f3micos organizada por la Municipalidad de Mercedes.<\/p>\n<p>Sendas propuestas promueven la m\u00fasica latinoamericana y se est\u00e1 preparando para las nuevas actuaciones que ser\u00e1n fuera de nuestra ciudad, como la ya confirmada participaci\u00f3n en la Expo Moto 2018 que se desarrollar\u00e1 en el mes de noviembre en la ciudad entrerriana de Gualeguaych\u00fa.<\/p>\n<p>El evento contar\u00e1, adem\u00e1s, con servicio de cantina. A cargo del mismo estar\u00e1 el Club Estudiantes y lo recaudado en el evento ser\u00e1 para la cooperadora del club y para solventar los gastos de la presentaci\u00f3n de la banda mercedina en la provincia mediterr\u00e1nea.<\/p>\n<p>Desde la hora 15, todas las atracciones se desarrollar\u00e1n al aire libre y con acceso gratuito para poder disfrutar en familia del arte, la cultura y las comidas t\u00edpicas de nuestra regi\u00f3n.<\/p>\n<p><img loading=\"lazy\" decoding=\"async\" data-attachment-id=\"83071\" data-permalink=\"https:\/\/www.hoymercedes.com.ar\/principal\/2018\/10\/26\/feria-en-la-trocha-con-musica-de-percusion\/26-santa-milonguita\/#main\" data-orig-file=\"https:\/\/www.hoymercedes.com.ar\/principal\/wp-content\/uploads\/2018\/10\/26-santa-milonguita.jpg\" data-orig-size=\"750,500\" data-comments-opened=\"0\" data-image-meta=\"{&quot;aperture&quot;:&quot;0&quot;,&quot;credit&quot;:&quot;&quot;,&quot;camera&quot;:&quot;&quot;,&quot;caption&quot;:&quot;&quot;,&quot;created_timestamp&quot;:&quot;0&quot;,&quot;copyright&quot;:&quot;&quot;,&quot;focal_length&quot;:&quot;0&quot;,&quot;iso&quot;:&quot;0&quot;,&quot;shutter_speed&quot;:&quot;0&quot;,&quot;title&quot;:&quot;&quot;,&quot;orientation&quot;:&quot;0&quot;}\" data-image-title=\"26 santa milonguita\" data-image-description=\"\" data-image-caption=\"\" data-large-file=\"https:\/\/www.hoymercedes.com.ar\/principal\/wp-content\/uploads\/2018\/10\/26-santa-milonguita.jpg\" class=\"aligncenter size-medium wp-image-83071\" src=\"https:\/\/www.hoymercedes.com.ar\/principal\/wp-content\/uploads\/2018\/10\/26-santa-milonguita-630x420.jpg\" alt=\"\" width=\"630\" height=\"420\" srcset=\"https:\/\/www.hoymercedes.com.ar\/principal\/wp-content\/uploads\/2018\/10\/26-santa-milonguita-630x420.jpg 630w, https:\/\/www.hoymercedes.com.ar\/principal\/wp-content\/uploads\/2018\/10\/26-santa-milonguita-150x100.jpg 150w, https:\/\/www.hoymercedes.com.ar\/principal\/wp-content\/uploads\/2018\/10\/26-santa-milonguita.jpg 750w\" sizes=\"auto, (max-width: 630px) 100vw, 630px\" \/><\/p>\n<p>&nbsp;<\/p>\n","protected":false},"excerpt":{"rendered":"<p>La banda Santa Milonguita junto al Taller de Percusi\u00f3n municipal musicalizar\u00e1n la tarde del domingo en el marco de la &#8230; <a title=\"Feria en La Trocha con m\u00fasica de percusi\u00f3n\" class=\"read-more\" href=\"https:\/\/www.hoymercedes.com.ar\/principal\/2018\/10\/26\/feria-en-la-trocha-con-musica-de-percusion\/\" aria-label=\"Leer m\u00e1s sobre Feria en La Trocha con m\u00fasica de percusi\u00f3n\">Leer m\u00e1s<\/a><\/p>\n","protected":false},"author":1,"featured_media":83071,"comment_status":"closed","ping_status":"open","sticky":false,"template":"","format":"standard","meta":{"_monsterinsights_skip_tracking":false,"_monsterinsights_sitenote_active":false,"_monsterinsights_sitenote_note":"","_monsterinsights_sitenote_category":0,"jetpack_post_was_ever_published":false,"_jetpack_newsletter_access":"","_jetpack_dont_email_post_to_subs":false,"_jetpack_newsletter_tier_id":0,"_jetpack_memberships_contains_paywalled_content":false,"_jetpack_memberships_contains_paid_content":false,"footnotes":"","jetpack_publicize_message":"","jetpack_publicize_feature_enabled":true,"jetpack_social_post_already_shared":true,"jetpack_social_options":{"image_generator_settings":{"template":"highway","default_image_id":0,"font":"","enabled":false},"version":2},"_wpas_customize_per_network":false},"categories":[104],"tags":[7805,10926,3959,8539,11633],"class_list":["post-83070","post","type-post","status-publish","format-standard","has-post-thumbnail","hentry","category-cultura","tag-cultura","tag-feria-artesanos","tag-la-trocha","tag-musica","tag-percusion","generate-columns","tablet-grid-50","mobile-grid-100","grid-parent","grid-50"],"jetpack_publicize_connections":[],"jetpack_featured_media_url":"https:\/\/www.hoymercedes.com.ar\/principal\/wp-content\/uploads\/2018\/10\/26-santa-milonguita.jpg","wps_subtitle":"Domingo 28 de octubre, desde las 15","jetpack_sharing_enabled":true,"_links":{"self":[{"href":"https:\/\/www.hoymercedes.com.ar\/principal\/wp-json\/wp\/v2\/posts\/83070","targetHints":{"allow":["GET"]}}],"collection":[{"href":"https:\/\/www.hoymercedes.com.ar\/principal\/wp-json\/wp\/v2\/posts"}],"about":[{"href":"https:\/\/www.hoymercedes.com.ar\/principal\/wp-json\/wp\/v2\/types\/post"}],"author":[{"embeddable":true,"href":"https:\/\/www.hoymercedes.com.ar\/principal\/wp-json\/wp\/v2\/users\/1"}],"replies":[{"embeddable":true,"href":"https:\/\/www.hoymercedes.com.ar\/principal\/wp-json\/wp\/v2\/comments?post=83070"}],"version-history":[{"count":0,"href":"https:\/\/www.hoymercedes.com.ar\/principal\/wp-json\/wp\/v2\/posts\/83070\/revisions"}],"wp:featuredmedia":[{"embeddable":true,"href":"https:\/\/www.hoymercedes.com.ar\/principal\/wp-json\/wp\/v2\/media\/83071"}],"wp:attachment":[{"href":"https:\/\/www.hoymercedes.com.ar\/principal\/wp-json\/wp\/v2\/media?parent=83070"}],"wp:term":[{"taxonomy":"category","embeddable":true,"href":"https:\/\/www.hoymercedes.com.ar\/principal\/wp-json\/wp\/v2\/categories?post=83070"},{"taxonomy":"post_tag","embeddable":true,"href":"https:\/\/www.hoymercedes.com.ar\/principal\/wp-json\/wp\/v2\/tags?post=83070"}],"curies":[{"name":"wp","href":"https:\/\/api.w.org\/{rel}","templated":true}]}}