{"id":83073,"date":"2018-10-27T05:59:04","date_gmt":"2018-10-27T08:59:04","guid":{"rendered":"http:\/\/www.hoymercedes.com.ar\/principal\/?p=83073"},"modified":"2018-10-26T17:01:57","modified_gmt":"2018-10-26T20:01:57","slug":"recordatorio-luis-eduardo-goicochea-3","status":"publish","type":"post","link":"https:\/\/www.hoymercedes.com.ar\/principal\/2018\/10\/27\/recordatorio-luis-eduardo-goicochea-3\/","title":{"rendered":"Recordatorio: Luis Eduardo Goicochea"},"content":{"rendered":"<p><img loading=\"lazy\" decoding=\"async\" data-attachment-id=\"45615\" data-permalink=\"https:\/\/www.hoymercedes.com.ar\/principal\/2015\/10\/26\/a-39-anos-de-su-asesinato-se-recuerda-a-luis-eduardo-goicochea\/luiseduardogoicochea\/#main\" data-orig-file=\"https:\/\/www.hoymercedes.com.ar\/principal\/wp-content\/uploads\/2015\/10\/LuisEduardoGoicochea.jpg\" data-orig-size=\"620,877\" data-comments-opened=\"1\" data-image-meta=\"{&quot;aperture&quot;:&quot;0&quot;,&quot;credit&quot;:&quot;&quot;,&quot;camera&quot;:&quot;&quot;,&quot;caption&quot;:&quot;&quot;,&quot;created_timestamp&quot;:&quot;0&quot;,&quot;copyright&quot;:&quot;&quot;,&quot;focal_length&quot;:&quot;0&quot;,&quot;iso&quot;:&quot;0&quot;,&quot;shutter_speed&quot;:&quot;0&quot;,&quot;title&quot;:&quot;&quot;,&quot;orientation&quot;:&quot;0&quot;}\" data-image-title=\"LuisEduardoGoicochea\" data-image-description=\"\" data-image-caption=\"\" data-large-file=\"https:\/\/www.hoymercedes.com.ar\/principal\/wp-content\/uploads\/2015\/10\/LuisEduardoGoicochea.jpg\" class=\"aligncenter size-medium wp-image-45615\" src=\"https:\/\/www.hoymercedes.com.ar\/principal\/wp-content\/uploads\/2015\/10\/LuisEduardoGoicochea-438x620.jpg\" alt=\"\" width=\"438\" height=\"620\" srcset=\"https:\/\/www.hoymercedes.com.ar\/principal\/wp-content\/uploads\/2015\/10\/LuisEduardoGoicochea-438x620.jpg 438w, https:\/\/www.hoymercedes.com.ar\/principal\/wp-content\/uploads\/2015\/10\/LuisEduardoGoicochea-106x150.jpg 106w, https:\/\/www.hoymercedes.com.ar\/principal\/wp-content\/uploads\/2015\/10\/LuisEduardoGoicochea-205x290.jpg 205w, https:\/\/www.hoymercedes.com.ar\/principal\/wp-content\/uploads\/2015\/10\/LuisEduardoGoicochea-35x50.jpg 35w, https:\/\/www.hoymercedes.com.ar\/principal\/wp-content\/uploads\/2015\/10\/LuisEduardoGoicochea-452x640.jpg 452w, https:\/\/www.hoymercedes.com.ar\/principal\/wp-content\/uploads\/2015\/10\/LuisEduardoGoicochea.jpg 620w\" sizes=\"auto, (max-width: 438px) 100vw, 438px\" \/><\/p>\n<p style=\"text-align: center;\">A 42 a\u00f1os de su Asesinato<\/p>\n<p>\u00a0\u00a0\u00a0\u00a0\u00a0\u00a0\u00a0\u00a0\u00a0\u00a0\u00a0\u00a0\u00a0\u00a0\u00a0\u00a0\u00a0\u00a0\u00a0\u00a0\u00a0\u00a0\u00a0\u00a0\u00a0\u00a0\u00a0\u00a0\u00a0 \u00a0\u00a0\u00a0\u00a0\u00a0\u00a0\u00a0\u00a0\u00a0\u00a0\u00a0\u00a0\u00a0\u00a0\u00a0\u00a0\u00a0\u00a0\u00a0\u00a0\u00a0\u00a0\u00a0\u00a0\u00a0\u00a0\u00a0\u00a0\u00a0\u00a0\u00a0\u00a027-10-1976, a los 25 a\u00f1os de edad<\/p>\n<p>Como tantos j\u00f3venes de su generaci\u00f3n, firme en sus convicciones y con el fuerte deseo de trastocar las estructuras sociales y econ\u00f3micas injustas de este pa\u00eds, \u00a0Luis decidi\u00f3\u00a0 \u201cir con otros\u201d, eligi\u00f3 el camino de la conciencia pol\u00edtica \u00a0que implic\u00f3 una entrega militante incondicional, de lucha comprometida y revolucionaria. En un abrazo interminable as\u00ed lo recordamos, ahora y siempre.<\/p>\n<p>A un nuevo aniversario de su asesinato, por \u00e9l y por los 30.000 compa\u00f1eros detenidos-desaparecidos y asesinados decimos \u00a1PRESENTE! No olvidamos, sostenemos la memoria, reclamamos la verdad, luchamos contra la impunidad y exigimos juicio y castigo a todos los culpables.<\/p>\n<p>&nbsp;<\/p>\n<p style=\"text-align: center;\">Memoria, Verdad y Justicia<\/p>\n<p style=\"text-align: center;\">Comisi\u00f3n Municipal por la Memoria de Mercedes<\/p>\n<p style=\"text-align: center;\">\n<p>&nbsp;<\/p>\n","protected":false},"excerpt":{"rendered":"<p>A 42 a\u00f1os de su Asesinato \u00a0\u00a0\u00a0\u00a0\u00a0\u00a0\u00a0\u00a0\u00a0\u00a0\u00a0\u00a0\u00a0\u00a0\u00a0\u00a0\u00a0\u00a0\u00a0\u00a0\u00a0\u00a0\u00a0\u00a0\u00a0\u00a0\u00a0\u00a0\u00a0 \u00a0\u00a0\u00a0\u00a0\u00a0\u00a0\u00a0\u00a0\u00a0\u00a0\u00a0\u00a0\u00a0\u00a0\u00a0\u00a0\u00a0\u00a0\u00a0\u00a0\u00a0\u00a0\u00a0\u00a0\u00a0\u00a0\u00a0\u00a0\u00a0\u00a0\u00a0\u00a027-10-1976, a los 25 a\u00f1os de edad Como tantos j\u00f3venes de su generaci\u00f3n, &#8230; <a title=\"Recordatorio: Luis Eduardo Goicochea\" class=\"read-more\" href=\"https:\/\/www.hoymercedes.com.ar\/principal\/2018\/10\/27\/recordatorio-luis-eduardo-goicochea-3\/\" aria-label=\"Leer m\u00e1s sobre Recordatorio: Luis Eduardo Goicochea\">Leer m\u00e1s<\/a><\/p>\n","protected":false},"author":1,"featured_media":45615,"comment_status":"closed","ping_status":"open","sticky":false,"template":"","format":"standard","meta":{"_monsterinsights_skip_tracking":false,"_monsterinsights_sitenote_active":false,"_monsterinsights_sitenote_note":"","_monsterinsights_sitenote_category":0,"jetpack_post_was_ever_published":false,"_jetpack_newsletter_access":"","_jetpack_dont_email_post_to_subs":false,"_jetpack_newsletter_tier_id":0,"_jetpack_memberships_contains_paywalled_content":false,"_jetpack_memberships_contains_paid_content":false,"footnotes":"","jetpack_publicize_message":"","jetpack_publicize_feature_enabled":true,"jetpack_social_post_already_shared":true,"jetpack_social_options":{"image_generator_settings":{"template":"highway","default_image_id":0,"font":"","enabled":false},"version":2},"_wpas_customize_per_network":false},"categories":[8],"tags":[13938,9826,9744],"class_list":["post-83073","post","type-post","status-publish","format-standard","has-post-thumbnail","hentry","category-sociedad","tag-asesinados-en-la-dictadura","tag-comision-por-la-memoria","tag-recordatorio","generate-columns","tablet-grid-50","mobile-grid-100","grid-parent","grid-50"],"jetpack_publicize_connections":[],"jetpack_featured_media_url":"https:\/\/www.hoymercedes.com.ar\/principal\/wp-content\/uploads\/2015\/10\/LuisEduardoGoicochea.jpg","wps_subtitle":"Memoria, Verdad y Justicia","jetpack_sharing_enabled":true,"_links":{"self":[{"href":"https:\/\/www.hoymercedes.com.ar\/principal\/wp-json\/wp\/v2\/posts\/83073","targetHints":{"allow":["GET"]}}],"collection":[{"href":"https:\/\/www.hoymercedes.com.ar\/principal\/wp-json\/wp\/v2\/posts"}],"about":[{"href":"https:\/\/www.hoymercedes.com.ar\/principal\/wp-json\/wp\/v2\/types\/post"}],"author":[{"embeddable":true,"href":"https:\/\/www.hoymercedes.com.ar\/principal\/wp-json\/wp\/v2\/users\/1"}],"replies":[{"embeddable":true,"href":"https:\/\/www.hoymercedes.com.ar\/principal\/wp-json\/wp\/v2\/comments?post=83073"}],"version-history":[{"count":0,"href":"https:\/\/www.hoymercedes.com.ar\/principal\/wp-json\/wp\/v2\/posts\/83073\/revisions"}],"wp:featuredmedia":[{"embeddable":true,"href":"https:\/\/www.hoymercedes.com.ar\/principal\/wp-json\/wp\/v2\/media\/45615"}],"wp:attachment":[{"href":"https:\/\/www.hoymercedes.com.ar\/principal\/wp-json\/wp\/v2\/media?parent=83073"}],"wp:term":[{"taxonomy":"category","embeddable":true,"href":"https:\/\/www.hoymercedes.com.ar\/principal\/wp-json\/wp\/v2\/categories?post=83073"},{"taxonomy":"post_tag","embeddable":true,"href":"https:\/\/www.hoymercedes.com.ar\/principal\/wp-json\/wp\/v2\/tags?post=83073"}],"curies":[{"name":"wp","href":"https:\/\/api.w.org\/{rel}","templated":true}]}}