{"id":83075,"date":"2018-10-26T16:30:40","date_gmt":"2018-10-26T19:30:40","guid":{"rendered":"http:\/\/www.hoymercedes.com.ar\/principal\/?p=83075"},"modified":"2018-10-26T17:09:23","modified_gmt":"2018-10-26T20:09:23","slug":"por-obras-cortarian-el-servicio-de-energia-en-la-manana-del-sabado","status":"publish","type":"post","link":"https:\/\/www.hoymercedes.com.ar\/principal\/2018\/10\/26\/por-obras-cortarian-el-servicio-de-energia-en-la-manana-del-sabado\/","title":{"rendered":"Por obras cortar\u00edan el servicio de energ\u00eda en la ma\u00f1ana del s\u00e1bado"},"content":{"rendered":"<p>La empresa\u00a0EDEN informa a sus usuarios que, conforme a su plan de inversiones en obras y mantenimiento para fortalecer el servicio, el d\u00eda s\u00e1bado 27 de octubre se realizar\u00e1n trabajos en la red el\u00e9ctrica en la zona comprendida entre las calles 14 a 26 y de calles 13 a 23.<\/p>\n<p>Para poder realizar estas mejoras y como medida de seguridad, ser\u00e1 necesario interrumpir el suministro en la zona mientras se trabaja en la red el\u00e9ctrica. Por eso se suspender\u00e1 el servicio de forma moment\u00e1nea de 7.30 a 13 horas. En caso de presentarse condiciones clim\u00e1ticas adversas, las actividades ser\u00e1n reprogramadas.<\/p>\n<p>&nbsp;<\/p>\n","protected":false},"excerpt":{"rendered":"<p>La empresa\u00a0EDEN informa a sus usuarios que, conforme a su plan de inversiones en obras y mantenimiento para fortalecer el &#8230; <a title=\"Por obras cortar\u00edan el servicio de energ\u00eda en la ma\u00f1ana del s\u00e1bado\" class=\"read-more\" href=\"https:\/\/www.hoymercedes.com.ar\/principal\/2018\/10\/26\/por-obras-cortarian-el-servicio-de-energia-en-la-manana-del-sabado\/\" aria-label=\"Leer m\u00e1s sobre Por obras cortar\u00edan el servicio de energ\u00eda en la ma\u00f1ana del s\u00e1bado\">Leer m\u00e1s<\/a><\/p>\n","protected":false},"author":1,"featured_media":46617,"comment_status":"closed","ping_status":"open","sticky":false,"template":"","format":"standard","meta":{"_monsterinsights_skip_tracking":false,"_monsterinsights_sitenote_active":false,"_monsterinsights_sitenote_note":"","_monsterinsights_sitenote_category":0,"jetpack_post_was_ever_published":false,"_jetpack_newsletter_access":"","_jetpack_dont_email_post_to_subs":false,"_jetpack_newsletter_tier_id":0,"_jetpack_memberships_contains_paywalled_content":false,"_jetpack_memberships_contains_paid_content":false,"footnotes":"","jetpack_publicize_message":"","jetpack_publicize_feature_enabled":true,"jetpack_social_post_already_shared":false,"jetpack_social_options":{"image_generator_settings":{"template":"highway","default_image_id":0,"font":"","enabled":false},"version":2},"_wpas_customize_per_network":false},"categories":[8],"tags":[1023,13940,13939],"class_list":["post-83075","post","type-post","status-publish","format-standard","has-post-thumbnail","hentry","category-sociedad","tag-eden","tag-interrupcion-de-energia","tag-servicio-electrico","generate-columns","tablet-grid-50","mobile-grid-100","grid-parent","grid-50"],"jetpack_publicize_connections":[],"jetpack_featured_media_url":"https:\/\/www.hoymercedes.com.ar\/principal\/wp-content\/uploads\/2015\/12\/eden.jpg","wps_subtitle":"Anuncio de EDEN","jetpack_sharing_enabled":true,"_links":{"self":[{"href":"https:\/\/www.hoymercedes.com.ar\/principal\/wp-json\/wp\/v2\/posts\/83075","targetHints":{"allow":["GET"]}}],"collection":[{"href":"https:\/\/www.hoymercedes.com.ar\/principal\/wp-json\/wp\/v2\/posts"}],"about":[{"href":"https:\/\/www.hoymercedes.com.ar\/principal\/wp-json\/wp\/v2\/types\/post"}],"author":[{"embeddable":true,"href":"https:\/\/www.hoymercedes.com.ar\/principal\/wp-json\/wp\/v2\/users\/1"}],"replies":[{"embeddable":true,"href":"https:\/\/www.hoymercedes.com.ar\/principal\/wp-json\/wp\/v2\/comments?post=83075"}],"version-history":[{"count":0,"href":"https:\/\/www.hoymercedes.com.ar\/principal\/wp-json\/wp\/v2\/posts\/83075\/revisions"}],"wp:featuredmedia":[{"embeddable":true,"href":"https:\/\/www.hoymercedes.com.ar\/principal\/wp-json\/wp\/v2\/media\/46617"}],"wp:attachment":[{"href":"https:\/\/www.hoymercedes.com.ar\/principal\/wp-json\/wp\/v2\/media?parent=83075"}],"wp:term":[{"taxonomy":"category","embeddable":true,"href":"https:\/\/www.hoymercedes.com.ar\/principal\/wp-json\/wp\/v2\/categories?post=83075"},{"taxonomy":"post_tag","embeddable":true,"href":"https:\/\/www.hoymercedes.com.ar\/principal\/wp-json\/wp\/v2\/tags?post=83075"}],"curies":[{"name":"wp","href":"https:\/\/api.w.org\/{rel}","templated":true}]}}