{"id":83086,"date":"2018-10-26T19:23:44","date_gmt":"2018-10-26T22:23:44","guid":{"rendered":"http:\/\/www.hoymercedes.com.ar\/principal\/?p=83086"},"modified":"2018-10-26T18:30:25","modified_gmt":"2018-10-26T21:30:25","slug":"hcd-sesion-especial-por-los-35-anos-de-democracia-argentina","status":"publish","type":"post","link":"https:\/\/www.hoymercedes.com.ar\/principal\/2018\/10\/26\/hcd-sesion-especial-por-los-35-anos-de-democracia-argentina\/","title":{"rendered":"HCD: Sesi\u00f3n especial por los 35 a\u00f1os de democracia argentina"},"content":{"rendered":"<p>El venidero 30 de octubre se conmemora en el pa\u00eds la elecci\u00f3n presidencial tras los a\u00f1os m\u00e1s oscuros de la historia argentina. Elecci\u00f3n en la que result\u00f3 presidente Ra\u00fal Alfons\u00edn y como Intendente Julio C\u00e9sar Gioscio.\u00a0Fecha clave para la democracia, el Concejo Deliberante har\u00e1 una sesi\u00f3n especial en homenaje. Desde la hora 19, del martes 30, los legisladores locales se reunir\u00e1n en el recinto invitando a quienes fueron legisladores de la ciudad desde 1983 hasta la fecha.<\/p>\n<p><img loading=\"lazy\" decoding=\"async\" data-attachment-id=\"83088\" data-permalink=\"https:\/\/www.hoymercedes.com.ar\/principal\/2018\/10\/26\/hcd-sesion-especial-por-los-35-anos-de-democracia-argentina\/26-recinto-hcd\/#main\" data-orig-file=\"https:\/\/www.hoymercedes.com.ar\/principal\/wp-content\/uploads\/2018\/10\/26-recinto-HCD.jpg\" data-orig-size=\"750,500\" data-comments-opened=\"0\" data-image-meta=\"{&quot;aperture&quot;:&quot;0&quot;,&quot;credit&quot;:&quot;&quot;,&quot;camera&quot;:&quot;&quot;,&quot;caption&quot;:&quot;&quot;,&quot;created_timestamp&quot;:&quot;0&quot;,&quot;copyright&quot;:&quot;&quot;,&quot;focal_length&quot;:&quot;0&quot;,&quot;iso&quot;:&quot;0&quot;,&quot;shutter_speed&quot;:&quot;0&quot;,&quot;title&quot;:&quot;&quot;,&quot;orientation&quot;:&quot;0&quot;}\" data-image-title=\"26 recinto HCD\" data-image-description=\"\" data-image-caption=\"\" data-large-file=\"https:\/\/www.hoymercedes.com.ar\/principal\/wp-content\/uploads\/2018\/10\/26-recinto-HCD.jpg\" class=\"aligncenter size-medium wp-image-83088\" src=\"https:\/\/www.hoymercedes.com.ar\/principal\/wp-content\/uploads\/2018\/10\/26-recinto-HCD-630x420.jpg\" alt=\"\" width=\"630\" height=\"420\" srcset=\"https:\/\/www.hoymercedes.com.ar\/principal\/wp-content\/uploads\/2018\/10\/26-recinto-HCD-630x420.jpg 630w, https:\/\/www.hoymercedes.com.ar\/principal\/wp-content\/uploads\/2018\/10\/26-recinto-HCD-150x100.jpg 150w, https:\/\/www.hoymercedes.com.ar\/principal\/wp-content\/uploads\/2018\/10\/26-recinto-HCD.jpg 750w\" sizes=\"auto, (max-width: 630px) 100vw, 630px\" \/><\/p>\n<p>A modo de adelanto, el actual presidente del Concejo Deliberante, Oscar Albini, cont\u00f3 c\u00f3mo ser\u00e1 la sesi\u00f3n especial que recordar\u00e1 la fecha en la que los argentinos \u201cvolvimos a votar\u201d. \u201cEs un d\u00eda importante para la democracia. Vamos a hacer una sesi\u00f3n especial, un acto con los concejales mandato cumplido. Invitamos p\u00fablicamente a todos ellos para que se hagan presentes. Vamos a descubrir una placa que llevar\u00e1 el nombre de todos los concejales desde el \u201983 hasta la fecha. M\u00e1s de 130 personas que ocuparon las bancas del Concejo Deliberante\u201d, adelant\u00f3 el presidente del HCD.<\/p>\n<p>\u201cInvitamos a Eduardo Cerulli, que fue el presidente del Concejo en 1983, para compartir la Presidencia. Lo mismo con la Secretaria de esa \u00e9poca. Haremos una sesi\u00f3n fuera de lo normal, reivindicando ese d\u00eda. Esperemos que todos los que fueron Concejales que est\u00e9n presentes. Con quienes pudimos comunicarnos ya, han recibido la invitaci\u00f3n con mucha emoci\u00f3n y queremos extender la invitaci\u00f3n a todos los que ocuparon bancas, y por supuesto a la comunidad en general\u201d, resalt\u00f3 Albini.<\/p>\n<p>\u201cEn estos 35 a\u00f1os, Argentina ha crecido en derechos y conquista que se han ido perfeccionando. Tenemos algunas deudas importantes y muy grandes como es la pobreza, la desigualdad, la inclusi\u00f3n. En distintas etapas se han podido trabajar con estos temas, pero la democracia sigue estando en deuda en ese sentido. Un error de los distintos gobiernos, todos tuvieron cosas buenas y cosas malas\u201d, expres\u00f3 el titular del HCD al evocar y analizar los \u00faltimos 35 a\u00f1os del pa\u00eds tras el regreso de la Democracia.<\/p>\n","protected":false},"excerpt":{"rendered":"<p>El venidero 30 de octubre se conmemora en el pa\u00eds la elecci\u00f3n presidencial tras los a\u00f1os m\u00e1s oscuros de la &#8230; <a title=\"HCD: Sesi\u00f3n especial por los 35 a\u00f1os de democracia argentina\" class=\"read-more\" href=\"https:\/\/www.hoymercedes.com.ar\/principal\/2018\/10\/26\/hcd-sesion-especial-por-los-35-anos-de-democracia-argentina\/\" aria-label=\"Leer m\u00e1s sobre HCD: Sesi\u00f3n especial por los 35 a\u00f1os de democracia argentina\">Leer m\u00e1s<\/a><\/p>\n","protected":false},"author":1,"featured_media":83088,"comment_status":"closed","ping_status":"open","sticky":false,"template":"","format":"standard","meta":{"_monsterinsights_skip_tracking":false,"_monsterinsights_sitenote_active":false,"_monsterinsights_sitenote_note":"","_monsterinsights_sitenote_category":0,"jetpack_post_was_ever_published":false,"_jetpack_newsletter_access":"","_jetpack_dont_email_post_to_subs":false,"_jetpack_newsletter_tier_id":0,"_jetpack_memberships_contains_paywalled_content":false,"_jetpack_memberships_contains_paid_content":false,"footnotes":"","jetpack_publicize_message":"","jetpack_publicize_feature_enabled":true,"jetpack_social_post_already_shared":true,"jetpack_social_options":{"image_generator_settings":{"template":"highway","default_image_id":0,"font":"","enabled":false},"version":2},"_wpas_customize_per_network":false},"categories":[5],"tags":[13944,15,13943],"class_list":["post-83086","post","type-post","status-publish","format-standard","has-post-thumbnail","hentry","category-politica","tag-35-anos-de-democracia","tag-hcd","tag-sesion-especial","generate-columns","tablet-grid-50","mobile-grid-100","grid-parent","grid-50"],"jetpack_publicize_connections":[],"jetpack_featured_media_url":"https:\/\/www.hoymercedes.com.ar\/principal\/wp-content\/uploads\/2018\/10\/26-recinto-HCD.jpg","wps_subtitle":"Martes 30, 19 horas","jetpack_sharing_enabled":true,"_links":{"self":[{"href":"https:\/\/www.hoymercedes.com.ar\/principal\/wp-json\/wp\/v2\/posts\/83086","targetHints":{"allow":["GET"]}}],"collection":[{"href":"https:\/\/www.hoymercedes.com.ar\/principal\/wp-json\/wp\/v2\/posts"}],"about":[{"href":"https:\/\/www.hoymercedes.com.ar\/principal\/wp-json\/wp\/v2\/types\/post"}],"author":[{"embeddable":true,"href":"https:\/\/www.hoymercedes.com.ar\/principal\/wp-json\/wp\/v2\/users\/1"}],"replies":[{"embeddable":true,"href":"https:\/\/www.hoymercedes.com.ar\/principal\/wp-json\/wp\/v2\/comments?post=83086"}],"version-history":[{"count":0,"href":"https:\/\/www.hoymercedes.com.ar\/principal\/wp-json\/wp\/v2\/posts\/83086\/revisions"}],"wp:featuredmedia":[{"embeddable":true,"href":"https:\/\/www.hoymercedes.com.ar\/principal\/wp-json\/wp\/v2\/media\/83088"}],"wp:attachment":[{"href":"https:\/\/www.hoymercedes.com.ar\/principal\/wp-json\/wp\/v2\/media?parent=83086"}],"wp:term":[{"taxonomy":"category","embeddable":true,"href":"https:\/\/www.hoymercedes.com.ar\/principal\/wp-json\/wp\/v2\/categories?post=83086"},{"taxonomy":"post_tag","embeddable":true,"href":"https:\/\/www.hoymercedes.com.ar\/principal\/wp-json\/wp\/v2\/tags?post=83086"}],"curies":[{"name":"wp","href":"https:\/\/api.w.org\/{rel}","templated":true}]}}