{"id":83093,"date":"2018-10-28T18:43:55","date_gmt":"2018-10-28T21:43:55","guid":{"rendered":"http:\/\/www.hoymercedes.com.ar\/principal\/?p=83093"},"modified":"2018-10-28T22:59:28","modified_gmt":"2018-10-29T01:59:28","slug":"natalia-ochoa-y-sebastian-bocca-hacen-mystika-en-el-mamm","status":"publish","type":"post","link":"https:\/\/www.hoymercedes.com.ar\/principal\/2018\/10\/28\/natalia-ochoa-y-sebastian-bocca-hacen-mystika-en-el-mamm\/","title":{"rendered":"Natalia Ochoa y Sebasti\u00e1n Bocca hacen Mystika en el MAMM"},"content":{"rendered":"<p>Por MAMM &#8211; M\u00edstica La uni\u00f3n del hombre con la divinidad. Mystika. Complejas emociones del interior de dos artistas que se unen para ensamblar el deseo y la realidad; la materia y la esencia; el encierro y la libertad.<\/p>\n<p><img loading=\"lazy\" decoding=\"async\" data-attachment-id=\"83094\" data-permalink=\"https:\/\/www.hoymercedes.com.ar\/principal\/2018\/10\/28\/natalia-ochoa-y-sebastian-bocca-hacen-mystika-en-el-mamm\/28-mystica-ochoa-bocca\/#main\" data-orig-file=\"https:\/\/www.hoymercedes.com.ar\/principal\/wp-content\/uploads\/2018\/10\/28-mystica-ochoa-bocca.jpg\" data-orig-size=\"750,510\" data-comments-opened=\"0\" data-image-meta=\"{&quot;aperture&quot;:&quot;0&quot;,&quot;credit&quot;:&quot;&quot;,&quot;camera&quot;:&quot;&quot;,&quot;caption&quot;:&quot;&quot;,&quot;created_timestamp&quot;:&quot;0&quot;,&quot;copyright&quot;:&quot;&quot;,&quot;focal_length&quot;:&quot;0&quot;,&quot;iso&quot;:&quot;0&quot;,&quot;shutter_speed&quot;:&quot;0&quot;,&quot;title&quot;:&quot;&quot;,&quot;orientation&quot;:&quot;0&quot;}\" data-image-title=\"28 mystica ochoa bocca\" data-image-description=\"\" data-image-caption=\"\" data-large-file=\"https:\/\/www.hoymercedes.com.ar\/principal\/wp-content\/uploads\/2018\/10\/28-mystica-ochoa-bocca.jpg\" class=\"aligncenter size-medium wp-image-83094\" src=\"https:\/\/www.hoymercedes.com.ar\/principal\/wp-content\/uploads\/2018\/10\/28-mystica-ochoa-bocca-630x428.jpg\" alt=\"\" width=\"630\" height=\"428\" srcset=\"https:\/\/www.hoymercedes.com.ar\/principal\/wp-content\/uploads\/2018\/10\/28-mystica-ochoa-bocca-630x428.jpg 630w, https:\/\/www.hoymercedes.com.ar\/principal\/wp-content\/uploads\/2018\/10\/28-mystica-ochoa-bocca-150x102.jpg 150w, https:\/\/www.hoymercedes.com.ar\/principal\/wp-content\/uploads\/2018\/10\/28-mystica-ochoa-bocca.jpg 750w\" sizes=\"auto, (max-width: 630px) 100vw, 630px\" \/><\/p>\n<p>En 2012, Natalia Ochoa pint\u00f3 \u201cMaternidad 1\u201d, la obra que le da origen a una nueva serie donde los sentimientos de la piel, el tiempo y el espacio se entremezclan con t\u00e9cnicas de caracter\u00edsticas muy elaboradas y planos que abrazan a la pintura figurativa como un colch\u00f3n de protecci\u00f3n inquebrantable.<\/p>\n<p>Ella se siente libre y el desnudo es su arma m\u00e1s conocida. Pero lejos de lo provocativo de sus l\u00edneas y su paleta, en Mystika aparece el sentimiento de pertenencia a la creaci\u00f3n, a la producci\u00f3n, a la re-producci\u00f3n.<\/p>\n<p>M\u00edstica. Experiencia \u00edntima del contacto personal del autor con la divinidad.<\/p>\n<p>Es la imagen sagrada y el ensamble con lo simb\u00f3lico lo que propone, desde otro lugar tan distante como familiar, Sebasti\u00e1n Bocca, el mismo que por estos d\u00edas est\u00e1 exponiendo nada m\u00e1s ni nada menos que en el Museo del Luvre, pero que por culpa de su extrema humildad, no lo dice. Sus l\u00edneas van a representar el equilibrio justo con la propuesta de Ochoa, para sentirse en l\u00ednea perfecta con la maternidad, que es sagrada.<\/p>\n<p>Lo aristot\u00e9lico y lo plat\u00f3nico se unen con la imperiosa necesidad de mostrar en esta expo que dos ideas opuestas pueden ser complementarias. Necesariamente hermanadas. Un\u00edsolas. Uni-solas.<\/p>\n<p>\u201cEste encuentro surgi\u00f3 espont\u00e1neamente, aunque tuvimos miedo de no poder mostrar nuestras obras sin romper el orden, el hilo conductor del proyecto\u201d, dice Bocca en una clara demostraci\u00f3n de orgullo y felicidad.<\/p>\n<p>\u201cNos dimos cuenta que podemos unir todo lo que somos sin forzar nada\u201d, aclara Natalia mientras confiesa que \u201cla obra de Sebasti\u00e1n me gusta mucho, me siento bien al ver su simbolismo, me encanta la paleta con la que trabaja\u2026 entonces, \u00bfpor qu\u00e9 no?\u201d.<\/p>\n<p>Cada artista ha tomado, para este proyecto, lo que lo enriquec\u00eda del otro. Como Gaugain y Van Gogh, sin aquella tormentosa relaci\u00f3n que los un\u00eda, pero s\u00ed con el mismo af\u00e1n de encontrar en su par, la mejor versi\u00f3n de uno mismo.<\/p>\n<p>Casi veinte obras que se expondr\u00e1n en la sala B del Museo de Arte componen \u201cMystika\u201d, la nueva muestra de Natalia Ochoa y Sebasti\u00e1n Bocca que re\u00fane la experiencia adquirida a lo largo de los a\u00f1os de trabajo y el buen gusto por el ensamble de dos estilos diferentes.<\/p>\n<p>El s\u00e1bado 3 de noviembre a las 20.30, en el Museo de Arte de la Municipalidad de Mercedes, la m\u00edstica del arte se brindar\u00e1 ante quienes des\u00e9en encontrar en ella lo m\u00e1s sagrado de la pintura.<\/p>\n","protected":false},"excerpt":{"rendered":"<p>Por MAMM &#8211; M\u00edstica La uni\u00f3n del hombre con la divinidad. Mystika. Complejas emociones del interior de dos artistas que &#8230; <a title=\"Natalia Ochoa y Sebasti\u00e1n Bocca hacen Mystika en el MAMM\" class=\"read-more\" href=\"https:\/\/www.hoymercedes.com.ar\/principal\/2018\/10\/28\/natalia-ochoa-y-sebastian-bocca-hacen-mystika-en-el-mamm\/\" aria-label=\"Leer m\u00e1s sobre Natalia Ochoa y Sebasti\u00e1n Bocca hacen Mystika en el MAMM\">Leer m\u00e1s<\/a><\/p>\n","protected":false},"author":1,"featured_media":83094,"comment_status":"closed","ping_status":"open","sticky":false,"template":"","format":"standard","meta":{"_monsterinsights_skip_tracking":false,"_monsterinsights_sitenote_active":false,"_monsterinsights_sitenote_note":"","_monsterinsights_sitenote_category":0,"jetpack_post_was_ever_published":false,"_jetpack_newsletter_access":"","_jetpack_dont_email_post_to_subs":false,"_jetpack_newsletter_tier_id":0,"_jetpack_memberships_contains_paywalled_content":false,"_jetpack_memberships_contains_paid_content":false,"footnotes":"","jetpack_publicize_message":"","jetpack_publicize_feature_enabled":true,"jetpack_social_post_already_shared":true,"jetpack_social_options":{"image_generator_settings":{"template":"highway","default_image_id":0,"font":"","enabled":false},"version":2},"_wpas_customize_per_network":false},"categories":[104],"tags":[8890,7805,8674,11213,9134],"class_list":["post-83093","post","type-post","status-publish","format-standard","has-post-thumbnail","hentry","category-cultura","tag-artes-plasticas","tag-cultura","tag-mamm","tag-natalia-ochoa","tag-sebastian-bocca","generate-columns","tablet-grid-50","mobile-grid-100","grid-parent","grid-50"],"jetpack_publicize_connections":[],"jetpack_featured_media_url":"https:\/\/www.hoymercedes.com.ar\/principal\/wp-content\/uploads\/2018\/10\/28-mystica-ochoa-bocca.jpg","wps_subtitle":"Para el mes de noviembre","jetpack_sharing_enabled":true,"_links":{"self":[{"href":"https:\/\/www.hoymercedes.com.ar\/principal\/wp-json\/wp\/v2\/posts\/83093","targetHints":{"allow":["GET"]}}],"collection":[{"href":"https:\/\/www.hoymercedes.com.ar\/principal\/wp-json\/wp\/v2\/posts"}],"about":[{"href":"https:\/\/www.hoymercedes.com.ar\/principal\/wp-json\/wp\/v2\/types\/post"}],"author":[{"embeddable":true,"href":"https:\/\/www.hoymercedes.com.ar\/principal\/wp-json\/wp\/v2\/users\/1"}],"replies":[{"embeddable":true,"href":"https:\/\/www.hoymercedes.com.ar\/principal\/wp-json\/wp\/v2\/comments?post=83093"}],"version-history":[{"count":0,"href":"https:\/\/www.hoymercedes.com.ar\/principal\/wp-json\/wp\/v2\/posts\/83093\/revisions"}],"wp:featuredmedia":[{"embeddable":true,"href":"https:\/\/www.hoymercedes.com.ar\/principal\/wp-json\/wp\/v2\/media\/83094"}],"wp:attachment":[{"href":"https:\/\/www.hoymercedes.com.ar\/principal\/wp-json\/wp\/v2\/media?parent=83093"}],"wp:term":[{"taxonomy":"category","embeddable":true,"href":"https:\/\/www.hoymercedes.com.ar\/principal\/wp-json\/wp\/v2\/categories?post=83093"},{"taxonomy":"post_tag","embeddable":true,"href":"https:\/\/www.hoymercedes.com.ar\/principal\/wp-json\/wp\/v2\/tags?post=83093"}],"curies":[{"name":"wp","href":"https:\/\/api.w.org\/{rel}","templated":true}]}}