{"id":83098,"date":"2018-10-26T23:16:40","date_gmt":"2018-10-27T02:16:40","guid":{"rendered":"http:\/\/www.hoymercedes.com.ar\/principal\/?p=83098"},"modified":"2018-10-26T23:16:40","modified_gmt":"2018-10-27T02:16:40","slug":"la-poca-importancia-que-se-le-da-a-la-basura","status":"publish","type":"post","link":"https:\/\/www.hoymercedes.com.ar\/principal\/2018\/10\/26\/la-poca-importancia-que-se-le-da-a-la-basura\/","title":{"rendered":"La poca importancia que se le da a la basura"},"content":{"rendered":"<p>Cristi\u00e1n Frers * &#8211; \u201cSi lo que queremos es que los adultos reciclen solamente hay que hablarle a los peque\u00f1os sobre la importancia de hacerlo\u201d.<\/p>\n<p>El entonces, presidente del Concejo Deliberante de Carmen de Areco \u2013 Provincia de Buenos Aires, Marcelo A. Skansi, y\u2026 Actual intendente de la ciudad (2018), \u00a0expreso el 25 de agosto del 2007, en el ex diario \u201cEl Independiente\u201d, cuando el periodista le pregunto \u201c\u00bfConcretamente\u2026 Cuales ser\u00edan, en s\u00edntesis, los temas que propondr\u00e1 en su plataforma?\u201d y respondi\u00f3 \u201cSobre el tema del basural, venimos hablando desde hace dos a\u00f1os con una persona que nos present\u00f3, un proyecto de reforma del mismo que es integral, en el cual pasar\u00eda (\u2026) a ser un lugar en \u00f3ptimas condiciones donde no hayas ratas y se recicle la basura, enterrando la que no se pueda reciclar y transformando lo que es org\u00e1nico en humus, a trav\u00e9s de un procedimiento particular\u201d.<\/p>\n<p>Desde el a\u00f1o 2005, a la actualidad, se ha prometido y se han propuesto muchas cosas con respecto a la basura, pero\u2026 Ninguna se ha llevado a cabo ni se ha cumplido. De hecho se le ha iniciado un expediente ante la Defensor\u00eda del Pueblo de la Provincia de Buenos Aires (Expediente 15076).<\/p>\n<p>La manera de combatir contra el da\u00f1o ambiental es tomando una decisi\u00f3n pol\u00edtica de agarrar al \u201ctoro por los astas\u201d y empezar a ocuparnos realmente por los problemas de la contaminaci\u00f3n de aguas, de suelo, de aire, por los \u00e1rboles, por la salud, por los animales, por el cambio clim\u00e1tico y en definitiva por el ambiente natural y artificial en donde conviven los seres humanos\u2026 En definitiva, por nosotros.<\/p>\n<p>No hay una pol\u00edtica permanente con la basura, en cuanto a la prestaci\u00f3n del servicio, y tampoco sobre la conducta de quienes la generan. Es indispensable que dirigentes y habitantes de la ciudad \u00a0se comprometan con una pol\u00edtica de Estado, a corto, mediano y largo plazo, sobre qu\u00e9 hacer con los residuos urbanos, c\u00f3mo tratarlos y reciclarlos.<\/p>\n<p>La carencia compete a la inmensa mayor\u00eda de los habitantes de la ciudad, que muestran una total desaprensi\u00f3n con los residuos hogare\u00f1os. Sacar las bolsas de basura a cualquier hora, arrojar los restos de la construcci\u00f3n y del cuidado de las viviendas en cualquier espacio verde o, m\u00e1s grave a\u00fan, en las cloacas, se han transformado en acciones cotidianas.<\/p>\n<p>Una pol\u00edtica ambiental implica un desaf\u00edo, y al mismo tiempo un compromiso. Como parte de un concepto innovador, no se debe separar lo ambiental de lo social. Hay que tomar conciencia de que los aspectos sociales est\u00e1n ligados al ambiente, as\u00ed como el ambiente est\u00e1 ligado a la sociedad. Una pol\u00edtica ambiental busca que los ciudadanos sean un gran aporte a la consecuci\u00f3n de los objetivos propuestos. Conseguir estos objetivos va m\u00e1s all\u00e1 de incorporar cambios de actitud en pr\u00e1cticas diarias de trabajo, ya que tambi\u00e9n buscamos que el ciudadano lleve estas nuevas pr\u00e1cticas a sus hogares, los aplique, y as\u00ed generar ambientes m\u00e1s saludables, llenos de vida, elaborados a conciencia, y sobre todo pensando en el legado que estamos dejando a las futuras generaciones. Los conceptos de gobernabilidad e institucionalidad son fundamentales para la construcci\u00f3n de una pol\u00edtica ambiental sustentable.<\/p>\n<p>La gesti\u00f3n del actual gobierno municipal de Carmen de Areco ha demostrado nula capacidad para llevar a cabo una pol\u00edtica eficiente contra el problema ambiental, como, por ejemplo eliminando los focos de poluci\u00f3n y haciendo aplicar sanciones administrativas en contra los infractores de las diferentes normas que regulan la materia ambiental.<\/p>\n<p>Los Residuos S\u00f3lidos Urbanos son los materiales que se generan en domicilios particulares y tambi\u00e9n aquellos de similar composici\u00f3n generados en otros \u00e1mbitos como los comercios, oficinas, empresas de servicios e industrias. Son residuos domiciliarios todos los elementos, objetos o sustancias que como consecuencia de los procesos de consumo y desarrollo de actividades humanas, son desechados y\/o abandonados.<\/p>\n<p>Toda esta basura es llevada a basureros a cielo abierto contaminando suelo, agua y aire. Incinerarla tampoco es la soluci\u00f3n, pues se emiten contaminantes atmosf\u00e9ricos y se producen cenizas muy t\u00f3xicas.<\/p>\n<p>Una soluci\u00f3n es posible y depende del compromi\u00adso de cada integrante de la socie\u00addad. Se puede empezar a caminar en esa direcci\u00f3n con tres medidas generales b\u00e1sicas que contribuyen al problema del manejo de los resi\u00adduos, denominadas com\u00fanmente reducir, reusar y reciclar.<\/p>\n<p>Debemos entender que el dise\u00f1o e implementaci\u00f3n de una pol\u00edtica ambiental se erige como una condicionante importante para lograr la equidad, el desarrollo econ\u00f3mico e indiscutiblemente, el cuidado del ambiente. Dicha pol\u00edtica ambiental deber\u00e1 reunir caracter\u00edsticas de estabilidad a trav\u00e9s del tiempo; consistencia con el desempe\u00f1o institucional y general; y de consideraci\u00f3n de las capacidades de liderazgo p\u00fablico, as\u00ed como de las condiciones econ\u00f3micas, pol\u00edticas y sociales municipales.<\/p>\n<p>&nbsp;<\/p>\n<p>*Cristi\u00e1n Frers \u2013 T\u00e9cnico Superior en Gesti\u00f3n Ambiental y T\u00e9cnico Superior en Comunicaci\u00f3n Social (Periodista).<\/p>\n","protected":false},"excerpt":{"rendered":"<p>Cristi\u00e1n Frers * &#8211; \u201cSi lo que queremos es que los adultos reciclen solamente hay que hablarle a los peque\u00f1os &#8230; <a title=\"La poca importancia que se le da a la basura\" class=\"read-more\" href=\"https:\/\/www.hoymercedes.com.ar\/principal\/2018\/10\/26\/la-poca-importancia-que-se-le-da-a-la-basura\/\" aria-label=\"Leer m\u00e1s sobre La poca importancia que se le da a la basura\">Leer m\u00e1s<\/a><\/p>\n","protected":false},"author":1,"featured_media":27968,"comment_status":"closed","ping_status":"open","sticky":false,"template":"","format":"standard","meta":{"_monsterinsights_skip_tracking":false,"_monsterinsights_sitenote_active":false,"_monsterinsights_sitenote_note":"","_monsterinsights_sitenote_category":0,"jetpack_post_was_ever_published":false,"_jetpack_newsletter_access":"","_jetpack_dont_email_post_to_subs":false,"_jetpack_newsletter_tier_id":0,"_jetpack_memberships_contains_paywalled_content":false,"_jetpack_memberships_contains_paid_content":false,"footnotes":"","jetpack_publicize_message":"","jetpack_publicize_feature_enabled":true,"jetpack_social_post_already_shared":true,"jetpack_social_options":{"image_generator_settings":{"template":"highway","default_image_id":0,"font":"","enabled":false},"version":2},"_wpas_customize_per_network":false},"categories":[1],"tags":[3169,43,8748],"class_list":["post-83098","post","type-post","status-publish","format-standard","has-post-thumbnail","hentry","category-opinion","tag-carmen-de-areco","tag-medio-ambiente","tag-opinion","generate-columns","tablet-grid-50","mobile-grid-100","grid-parent","grid-50"],"jetpack_publicize_connections":[],"jetpack_featured_media_url":"https:\/\/www.hoymercedes.com.ar\/principal\/wp-content\/uploads\/2013\/12\/basura-a.jpg","wps_subtitle":"","jetpack_sharing_enabled":true,"_links":{"self":[{"href":"https:\/\/www.hoymercedes.com.ar\/principal\/wp-json\/wp\/v2\/posts\/83098","targetHints":{"allow":["GET"]}}],"collection":[{"href":"https:\/\/www.hoymercedes.com.ar\/principal\/wp-json\/wp\/v2\/posts"}],"about":[{"href":"https:\/\/www.hoymercedes.com.ar\/principal\/wp-json\/wp\/v2\/types\/post"}],"author":[{"embeddable":true,"href":"https:\/\/www.hoymercedes.com.ar\/principal\/wp-json\/wp\/v2\/users\/1"}],"replies":[{"embeddable":true,"href":"https:\/\/www.hoymercedes.com.ar\/principal\/wp-json\/wp\/v2\/comments?post=83098"}],"version-history":[{"count":0,"href":"https:\/\/www.hoymercedes.com.ar\/principal\/wp-json\/wp\/v2\/posts\/83098\/revisions"}],"wp:featuredmedia":[{"embeddable":true,"href":"https:\/\/www.hoymercedes.com.ar\/principal\/wp-json\/wp\/v2\/media\/27968"}],"wp:attachment":[{"href":"https:\/\/www.hoymercedes.com.ar\/principal\/wp-json\/wp\/v2\/media?parent=83098"}],"wp:term":[{"taxonomy":"category","embeddable":true,"href":"https:\/\/www.hoymercedes.com.ar\/principal\/wp-json\/wp\/v2\/categories?post=83098"},{"taxonomy":"post_tag","embeddable":true,"href":"https:\/\/www.hoymercedes.com.ar\/principal\/wp-json\/wp\/v2\/tags?post=83098"}],"curies":[{"name":"wp","href":"https:\/\/api.w.org\/{rel}","templated":true}]}}