{"id":83109,"date":"2018-10-27T12:23:25","date_gmt":"2018-10-27T15:23:25","guid":{"rendered":"http:\/\/www.hoymercedes.com.ar\/principal\/?p=83109"},"modified":"2018-10-27T15:18:03","modified_gmt":"2018-10-27T18:18:03","slug":"dos-oros-y-una-plata-la-cosecha-de-francisco-alvarez-en-los-evita-de-mar-del-plata","status":"publish","type":"post","link":"https:\/\/www.hoymercedes.com.ar\/principal\/2018\/10\/27\/dos-oros-y-una-plata-la-cosecha-de-francisco-alvarez-en-los-evita-de-mar-del-plata\/","title":{"rendered":"Dos oros y una plata, la cosecha de Francisco \u00c1lvarez en los Evita de Mar del Plata"},"content":{"rendered":"<p>El atleta mercedino Francisco \u00c1lvarez sum\u00f3 otras dos medallas m\u00e1s en los Juevos Nacionales Deportivos Evita que este a\u00f1o se llevaron a cabo en Mar del Plata. El mi\u00e9rcoles consigui\u00f3 la dorada en Lanzamiento de Bala y este viernes repiti\u00f3 en 100 metros sobre silla de ruedas y fue Plata en Nataci\u00f3n.<\/p>\n<p><img loading=\"lazy\" decoding=\"async\" data-attachment-id=\"83115\" data-permalink=\"https:\/\/www.hoymercedes.com.ar\/principal\/2018\/10\/27\/dos-oros-y-una-plata-la-cosecha-de-francisco-alvarez-en-los-evita-de-mar-del-plata\/francisco-alvarez-ganador-evita-2\/#main\" data-orig-file=\"https:\/\/www.hoymercedes.com.ar\/principal\/wp-content\/uploads\/2018\/10\/Francisco-Alvarez-ganador-evita-2.jpg\" data-orig-size=\"1280,768\" data-comments-opened=\"0\" data-image-meta=\"{&quot;aperture&quot;:&quot;0&quot;,&quot;credit&quot;:&quot;&quot;,&quot;camera&quot;:&quot;&quot;,&quot;caption&quot;:&quot;&quot;,&quot;created_timestamp&quot;:&quot;0&quot;,&quot;copyright&quot;:&quot;&quot;,&quot;focal_length&quot;:&quot;0&quot;,&quot;iso&quot;:&quot;0&quot;,&quot;shutter_speed&quot;:&quot;0&quot;,&quot;title&quot;:&quot;&quot;,&quot;orientation&quot;:&quot;0&quot;}\" data-image-title=\"Francisco Alvarez ganador evita 2\" data-image-description=\"\" data-image-caption=\"\" data-large-file=\"https:\/\/www.hoymercedes.com.ar\/principal\/wp-content\/uploads\/2018\/10\/Francisco-Alvarez-ganador-evita-2-1024x614.jpg\" class=\"aligncenter size-medium wp-image-83115\" src=\"https:\/\/www.hoymercedes.com.ar\/principal\/wp-content\/uploads\/2018\/10\/Francisco-Alvarez-ganador-evita-2-630x378.jpg\" alt=\"\" width=\"630\" height=\"378\" srcset=\"https:\/\/www.hoymercedes.com.ar\/principal\/wp-content\/uploads\/2018\/10\/Francisco-Alvarez-ganador-evita-2-630x378.jpg 630w, https:\/\/www.hoymercedes.com.ar\/principal\/wp-content\/uploads\/2018\/10\/Francisco-Alvarez-ganador-evita-2-150x90.jpg 150w, https:\/\/www.hoymercedes.com.ar\/principal\/wp-content\/uploads\/2018\/10\/Francisco-Alvarez-ganador-evita-2-1024x614.jpg 1024w, https:\/\/www.hoymercedes.com.ar\/principal\/wp-content\/uploads\/2018\/10\/Francisco-Alvarez-ganador-evita-2-750x450.jpg 750w, https:\/\/www.hoymercedes.com.ar\/principal\/wp-content\/uploads\/2018\/10\/Francisco-Alvarez-ganador-evita-2.jpg 1280w\" sizes=\"auto, (max-width: 630px) 100vw, 630px\" \/><\/p>\n<p>En lo que fue el final de los Evita, el mercedino Francisco \u00c1lvarez, que represent\u00f3 a la provincia de Buenos Aires, tras llegar al oro en Lanzamiento de Bala Sub 18 Motor F 57 con una distancia de 6 metros con 25 cent\u00edmetros, superando a Gonzalo Soisa de Chubut (6,14 metros), Agust\u00edn Bordet de Entre R\u00edos (6,13) y Santiago Nievas de San Juan (4,26), ahora logr\u00f3 repetir el primer puesto en 100 Metros Llanos T-57 en Silla de Ruedas con una marca de 30 segundos 74 mil\u00e9simas.<\/p>\n<p>Luego, en Nataci\u00f3n Promocional Adaptada, \u00c1lvarez se alz\u00f3 la presea de plata. Con estos resultados, el mercedino fue uno de los aportantes para que la provincia sea campeona en Sub 18, al igual que en Sub 14 y Sub 16.<\/p>\n","protected":false},"excerpt":{"rendered":"<p>El atleta mercedino Francisco \u00c1lvarez sum\u00f3 otras dos medallas m\u00e1s en los Juevos Nacionales Deportivos Evita que este a\u00f1o se &#8230; <a title=\"Dos oros y una plata, la cosecha de Francisco \u00c1lvarez en los Evita de Mar del Plata\" class=\"read-more\" href=\"https:\/\/www.hoymercedes.com.ar\/principal\/2018\/10\/27\/dos-oros-y-una-plata-la-cosecha-de-francisco-alvarez-en-los-evita-de-mar-del-plata\/\" aria-label=\"Leer m\u00e1s sobre Dos oros y una plata, la cosecha de Francisco \u00c1lvarez en los Evita de Mar del Plata\">Leer m\u00e1s<\/a><\/p>\n","protected":false},"author":1,"featured_media":83115,"comment_status":"closed","ping_status":"open","sticky":false,"template":"","format":"standard","meta":{"_monsterinsights_skip_tracking":false,"_monsterinsights_sitenote_active":false,"_monsterinsights_sitenote_note":"","_monsterinsights_sitenote_category":0,"jetpack_post_was_ever_published":false,"_jetpack_newsletter_access":"","_jetpack_dont_email_post_to_subs":false,"_jetpack_newsletter_tier_id":0,"_jetpack_memberships_contains_paywalled_content":false,"_jetpack_memberships_contains_paid_content":false,"footnotes":"","jetpack_publicize_message":"","jetpack_publicize_feature_enabled":true,"jetpack_social_post_already_shared":true,"jetpack_social_options":{"image_generator_settings":{"template":"highway","default_image_id":0,"font":"","enabled":false},"version":2},"_wpas_customize_per_network":false},"categories":[21],"tags":[803,204,13867,13868],"class_list":["post-83109","post","type-post","status-publish","format-standard","has-post-thumbnail","hentry","category-deportes","tag-atletismo","tag-deportes-2","tag-francisco-alvarez","tag-juegos-evita","generate-columns","tablet-grid-50","mobile-grid-100","grid-parent","grid-50"],"jetpack_publicize_connections":[],"jetpack_featured_media_url":"https:\/\/www.hoymercedes.com.ar\/principal\/wp-content\/uploads\/2018\/10\/Francisco-Alvarez-ganador-evita-2.jpg","wps_subtitle":"Atletismo","jetpack_sharing_enabled":true,"_links":{"self":[{"href":"https:\/\/www.hoymercedes.com.ar\/principal\/wp-json\/wp\/v2\/posts\/83109","targetHints":{"allow":["GET"]}}],"collection":[{"href":"https:\/\/www.hoymercedes.com.ar\/principal\/wp-json\/wp\/v2\/posts"}],"about":[{"href":"https:\/\/www.hoymercedes.com.ar\/principal\/wp-json\/wp\/v2\/types\/post"}],"author":[{"embeddable":true,"href":"https:\/\/www.hoymercedes.com.ar\/principal\/wp-json\/wp\/v2\/users\/1"}],"replies":[{"embeddable":true,"href":"https:\/\/www.hoymercedes.com.ar\/principal\/wp-json\/wp\/v2\/comments?post=83109"}],"version-history":[{"count":0,"href":"https:\/\/www.hoymercedes.com.ar\/principal\/wp-json\/wp\/v2\/posts\/83109\/revisions"}],"wp:featuredmedia":[{"embeddable":true,"href":"https:\/\/www.hoymercedes.com.ar\/principal\/wp-json\/wp\/v2\/media\/83115"}],"wp:attachment":[{"href":"https:\/\/www.hoymercedes.com.ar\/principal\/wp-json\/wp\/v2\/media?parent=83109"}],"wp:term":[{"taxonomy":"category","embeddable":true,"href":"https:\/\/www.hoymercedes.com.ar\/principal\/wp-json\/wp\/v2\/categories?post=83109"},{"taxonomy":"post_tag","embeddable":true,"href":"https:\/\/www.hoymercedes.com.ar\/principal\/wp-json\/wp\/v2\/tags?post=83109"}],"curies":[{"name":"wp","href":"https:\/\/api.w.org\/{rel}","templated":true}]}}