{"id":83113,"date":"2018-10-27T12:30:39","date_gmt":"2018-10-27T15:30:39","guid":{"rendered":"http:\/\/www.hoymercedes.com.ar\/principal\/?p=83113"},"modified":"2018-10-27T12:05:18","modified_gmt":"2018-10-27T15:05:18","slug":"los-rotary-de-la-ciudad-en-campana-contra-la-polio","status":"publish","type":"post","link":"https:\/\/www.hoymercedes.com.ar\/principal\/2018\/10\/27\/los-rotary-de-la-ciudad-en-campana-contra-la-polio\/","title":{"rendered":"Los Rotary de la ciudad en campa\u00f1a contra la polio"},"content":{"rendered":"<p>En el marco de la semana mundial contra la polio, los dos clubes rotarios de la ciudad (Mercedes y Mercedes Bulevar 40) llevaron adelante una campa\u00f1a para difundir la importancia de la vacuna para que la enfermedad no reaparezca en el pa\u00eds ni en el mundo.<\/p>\n<p><img loading=\"lazy\" decoding=\"async\" data-attachment-id=\"83111\" data-permalink=\"https:\/\/www.hoymercedes.com.ar\/principal\/2018\/10\/27\/remodelan-la-casa-donde-funcionara-el-centro-de-jubilados-municipales\/27-rotary-polio\/#main\" data-orig-file=\"https:\/\/www.hoymercedes.com.ar\/principal\/wp-content\/uploads\/2018\/10\/27-rotary-polio.jpg\" data-orig-size=\"750,500\" data-comments-opened=\"0\" data-image-meta=\"{&quot;aperture&quot;:&quot;2&quot;,&quot;credit&quot;:&quot;&quot;,&quot;camera&quot;:&quot;Moto G (5S) Plus&quot;,&quot;caption&quot;:&quot;&quot;,&quot;created_timestamp&quot;:&quot;1540558710&quot;,&quot;copyright&quot;:&quot;&quot;,&quot;focal_length&quot;:&quot;3.59&quot;,&quot;iso&quot;:&quot;100&quot;,&quot;shutter_speed&quot;:&quot;0.0010152284263959&quot;,&quot;title&quot;:&quot;&quot;,&quot;orientation&quot;:&quot;1&quot;}\" data-image-title=\"27 rotary polio\" data-image-description=\"\" data-image-caption=\"\" data-large-file=\"https:\/\/www.hoymercedes.com.ar\/principal\/wp-content\/uploads\/2018\/10\/27-rotary-polio.jpg\" class=\"aligncenter size-medium wp-image-83111\" src=\"https:\/\/www.hoymercedes.com.ar\/principal\/wp-content\/uploads\/2018\/10\/27-rotary-polio-630x420.jpg\" alt=\"\" width=\"630\" height=\"420\" srcset=\"https:\/\/www.hoymercedes.com.ar\/principal\/wp-content\/uploads\/2018\/10\/27-rotary-polio-630x420.jpg 630w, https:\/\/www.hoymercedes.com.ar\/principal\/wp-content\/uploads\/2018\/10\/27-rotary-polio-150x100.jpg 150w, https:\/\/www.hoymercedes.com.ar\/principal\/wp-content\/uploads\/2018\/10\/27-rotary-polio.jpg 750w\" sizes=\"auto, (max-width: 630px) 100vw, 630px\" \/><\/p>\n<p>Instalados en la plaza San Mart\u00edn, representantes de ambos Rotary Club de la ciudad distribu\u00edan folletos sobre la campa\u00f1a que a nivel mundial la instituci\u00f3n internacional de servicio a la comunidad lleva adelante desde hace m\u00e1s de 30 a\u00f1os.<\/p>\n<p>En di\u00e1logo con distintos medios, Alfredo Borzi (presidente del R.C. Mercedes Bulevar 40) y Pedro Lor\u00e9 (integrante del R.C. Mercedes) recordaron que el 24 de octubre fue el D\u00eda Mundial contra la Polio y por lo tanto ambas instituciones se unieron para hacer difusi\u00f3n de la tarea que se desarrolla de manera internacional.<\/p>\n<p>\u201cLa campa\u00f1a de Rotary Internacional fue muy importante a lo largo de los \u00faltimos treinta a\u00f1os, pero no se erradic\u00f3 completamente del mundo la enfermedad\u201d, dijo Borzi. A lo que Lor\u00e9 agreg\u00f3 que persisten algunos pa\u00edses con casos de poliomielitis, mientras que en otros pa\u00edses est\u00e1n en v\u00eda de la extinci\u00f3n total gracias al trabajo conjunto de Rotary Internacional, la Organizaci\u00f3n Mundial de la Salud y la Fundaci\u00f3n de Bill y Melida Gates que duplica los aportes dados por la instituci\u00f3n internacional que tiene dos clubes en nuestra ciudad. Cabe destacar que la enfermedad sigue siendo end\u00e9mica en Afganist\u00e1n y Pakist\u00e1n.<\/p>\n<p>\u201cCuando se inici\u00f3 la campa\u00f1a en 1985 hab\u00eda 365 mil casos por a\u00f1o, o sea mil casos diarios. Preocupante porque la enfermedad deja secuelas muy especiales a los m\u00e1s peque\u00f1os. Se trabaj\u00f3 intensamente, hoy estamos a un paso. Hoy hay diecinueve casos en todo el mundo\u201d, dijo Lor\u00e9. \u201cLa vacunaci\u00f3n es importante en los m\u00e1s chicos porque la transmisi\u00f3n tambi\u00e9n se da por el agua y los alimentos. Es importante que la gente tome conciencia sobre la vacunaci\u00f3n con la famosa Sabin Oral\u201d, agrega Borzi.<\/p>\n<p>\u201cHoy las nuevas generaciones no conocen la enfermedad porque en Argentina est\u00e1 erradicada hace treinta a\u00f1os\u201d, marc\u00f3 el presidente del R.C. Mercedes Bulevar 40. \u201cLas generaciones anteriores sabemos lo que esa enfermedad produce. Estamos felices que aqu\u00ed no est\u00e9 pero hay que seguir recordando la importancia de la vacuna\u201d, agreg\u00f3 el referente del R.C. Mercedes, hoy presidido por Gustavo Calvo.<\/p>\n","protected":false},"excerpt":{"rendered":"<p>En el marco de la semana mundial contra la polio, los dos clubes rotarios de la ciudad (Mercedes y Mercedes &#8230; <a title=\"Los Rotary de la ciudad en campa\u00f1a contra la polio\" class=\"read-more\" href=\"https:\/\/www.hoymercedes.com.ar\/principal\/2018\/10\/27\/los-rotary-de-la-ciudad-en-campana-contra-la-polio\/\" aria-label=\"Leer m\u00e1s sobre Los Rotary de la ciudad en campa\u00f1a contra la polio\">Leer m\u00e1s<\/a><\/p>\n","protected":false},"author":1,"featured_media":83111,"comment_status":"closed","ping_status":"open","sticky":false,"template":"","format":"standard","meta":{"_monsterinsights_skip_tracking":false,"_monsterinsights_sitenote_active":false,"_monsterinsights_sitenote_note":"","_monsterinsights_sitenote_category":0,"jetpack_post_was_ever_published":false,"_jetpack_newsletter_access":"","_jetpack_dont_email_post_to_subs":false,"_jetpack_newsletter_tier_id":0,"_jetpack_memberships_contains_paywalled_content":false,"_jetpack_memberships_contains_paid_content":false,"footnotes":"","jetpack_publicize_message":"","jetpack_publicize_feature_enabled":true,"jetpack_social_post_already_shared":true,"jetpack_social_options":{"image_generator_settings":{"template":"highway","default_image_id":0,"font":"","enabled":false},"version":2},"_wpas_customize_per_network":false},"categories":[8],"tags":[13947,2590,12770,7802],"class_list":["post-83113","post","type-post","status-publish","format-standard","has-post-thumbnail","hentry","category-sociedad","tag-campana-contra-polio","tag-rotary-club-mercedes","tag-rotary-club-mercedes-bulevar-40","tag-sociedad","generate-columns","tablet-grid-50","mobile-grid-100","grid-parent","grid-50"],"jetpack_publicize_connections":[],"jetpack_featured_media_url":"https:\/\/www.hoymercedes.com.ar\/principal\/wp-content\/uploads\/2018\/10\/27-rotary-polio.jpg","wps_subtitle":"Campa\u00f1a mundial","jetpack_sharing_enabled":true,"_links":{"self":[{"href":"https:\/\/www.hoymercedes.com.ar\/principal\/wp-json\/wp\/v2\/posts\/83113","targetHints":{"allow":["GET"]}}],"collection":[{"href":"https:\/\/www.hoymercedes.com.ar\/principal\/wp-json\/wp\/v2\/posts"}],"about":[{"href":"https:\/\/www.hoymercedes.com.ar\/principal\/wp-json\/wp\/v2\/types\/post"}],"author":[{"embeddable":true,"href":"https:\/\/www.hoymercedes.com.ar\/principal\/wp-json\/wp\/v2\/users\/1"}],"replies":[{"embeddable":true,"href":"https:\/\/www.hoymercedes.com.ar\/principal\/wp-json\/wp\/v2\/comments?post=83113"}],"version-history":[{"count":0,"href":"https:\/\/www.hoymercedes.com.ar\/principal\/wp-json\/wp\/v2\/posts\/83113\/revisions"}],"wp:featuredmedia":[{"embeddable":true,"href":"https:\/\/www.hoymercedes.com.ar\/principal\/wp-json\/wp\/v2\/media\/83111"}],"wp:attachment":[{"href":"https:\/\/www.hoymercedes.com.ar\/principal\/wp-json\/wp\/v2\/media?parent=83113"}],"wp:term":[{"taxonomy":"category","embeddable":true,"href":"https:\/\/www.hoymercedes.com.ar\/principal\/wp-json\/wp\/v2\/categories?post=83113"},{"taxonomy":"post_tag","embeddable":true,"href":"https:\/\/www.hoymercedes.com.ar\/principal\/wp-json\/wp\/v2\/tags?post=83113"}],"curies":[{"name":"wp","href":"https:\/\/api.w.org\/{rel}","templated":true}]}}