{"id":83124,"date":"2018-10-27T14:39:53","date_gmt":"2018-10-27T17:39:53","guid":{"rendered":"http:\/\/www.hoymercedes.com.ar\/principal\/?p=83124"},"modified":"2018-10-27T15:13:40","modified_gmt":"2018-10-27T18:13:40","slug":"fallece-tras-chocar-con-un-camion-estacionado","status":"publish","type":"post","link":"https:\/\/www.hoymercedes.com.ar\/principal\/2018\/10\/27\/fallece-tras-chocar-con-un-camion-estacionado\/","title":{"rendered":"Fallece tras chocar con un cami\u00f3n estacionado"},"content":{"rendered":"<p>Esta madrugada se produjo un siniestro vial en calle 15 entre 102 y 104. En el lugar \u2013 por causas que son materia de investigaci\u00f3n \u2013 el conductor de una moto guerrero 110 cc, colision\u00f3 con un cami\u00f3n Mercedes Benz que estaba estacionado en dicho lugar.<\/p>\n<p>El hecho ocurri\u00f3 alrededor de las 0:15 de este s\u00e1bado. Juan Manuel Saruba (35 a\u00f1os), alba\u00f1il, domiciliado en nuestra ciudad, ingres\u00f3 con serias lesiones al hospital Blas L. Dubarry donde, lamentablemente, pereci\u00f3 a las pocas horas a pesar de los esfuerzos m\u00e9dicos.<\/p>\n<p>El hecho fue caratulado como \u201cAveriguaci\u00f3n causales de muerte\u201d, a cargo de la UFI N\u00b0 3 en turno. Por estas horas se le practica la autopsia en sede de Chivilcoy.<\/p>\n","protected":false},"excerpt":{"rendered":"<p>Esta madrugada se produjo un siniestro vial en calle 15 entre 102 y 104. En el lugar \u2013 por causas &#8230; <a title=\"Fallece tras chocar con un cami\u00f3n estacionado\" class=\"read-more\" href=\"https:\/\/www.hoymercedes.com.ar\/principal\/2018\/10\/27\/fallece-tras-chocar-con-un-camion-estacionado\/\" aria-label=\"Leer m\u00e1s sobre Fallece tras chocar con un cami\u00f3n estacionado\">Leer m\u00e1s<\/a><\/p>\n","protected":false},"author":1,"featured_media":83125,"comment_status":"closed","ping_status":"open","sticky":false,"template":"","format":"standard","meta":{"_monsterinsights_skip_tracking":false,"_monsterinsights_sitenote_active":false,"_monsterinsights_sitenote_note":"","_monsterinsights_sitenote_category":0,"jetpack_post_was_ever_published":false,"_jetpack_newsletter_access":"","_jetpack_dont_email_post_to_subs":false,"_jetpack_newsletter_tier_id":0,"_jetpack_memberships_contains_paywalled_content":false,"_jetpack_memberships_contains_paid_content":false,"footnotes":"","jetpack_publicize_message":"","jetpack_publicize_feature_enabled":true,"jetpack_social_post_already_shared":true,"jetpack_social_options":{"image_generator_settings":{"template":"highway","default_image_id":0,"font":"","enabled":false},"version":2},"_wpas_customize_per_network":false},"categories":[85],"tags":[11433,3457,10395,13948],"class_list":["post-83124","post","type-post","status-publish","format-standard","has-post-thumbnail","hentry","category-policial","tag-fallecido","tag-policiales","tag-siniestro-vial","tag-victima-fatal","generate-columns","tablet-grid-50","mobile-grid-100","grid-parent","grid-50"],"jetpack_publicize_connections":[],"jetpack_featured_media_url":"https:\/\/www.hoymercedes.com.ar\/principal\/wp-content\/uploads\/2018\/10\/motoweb.jpeg","wps_subtitle":"Esta madrugada","jetpack_sharing_enabled":true,"_links":{"self":[{"href":"https:\/\/www.hoymercedes.com.ar\/principal\/wp-json\/wp\/v2\/posts\/83124","targetHints":{"allow":["GET"]}}],"collection":[{"href":"https:\/\/www.hoymercedes.com.ar\/principal\/wp-json\/wp\/v2\/posts"}],"about":[{"href":"https:\/\/www.hoymercedes.com.ar\/principal\/wp-json\/wp\/v2\/types\/post"}],"author":[{"embeddable":true,"href":"https:\/\/www.hoymercedes.com.ar\/principal\/wp-json\/wp\/v2\/users\/1"}],"replies":[{"embeddable":true,"href":"https:\/\/www.hoymercedes.com.ar\/principal\/wp-json\/wp\/v2\/comments?post=83124"}],"version-history":[{"count":0,"href":"https:\/\/www.hoymercedes.com.ar\/principal\/wp-json\/wp\/v2\/posts\/83124\/revisions"}],"wp:featuredmedia":[{"embeddable":true,"href":"https:\/\/www.hoymercedes.com.ar\/principal\/wp-json\/wp\/v2\/media\/83125"}],"wp:attachment":[{"href":"https:\/\/www.hoymercedes.com.ar\/principal\/wp-json\/wp\/v2\/media?parent=83124"}],"wp:term":[{"taxonomy":"category","embeddable":true,"href":"https:\/\/www.hoymercedes.com.ar\/principal\/wp-json\/wp\/v2\/categories?post=83124"},{"taxonomy":"post_tag","embeddable":true,"href":"https:\/\/www.hoymercedes.com.ar\/principal\/wp-json\/wp\/v2\/tags?post=83124"}],"curies":[{"name":"wp","href":"https:\/\/api.w.org\/{rel}","templated":true}]}}