{"id":8316,"date":"2011-10-17T11:19:45","date_gmt":"2011-10-17T11:19:45","guid":{"rendered":"http:\/\/www.hoymercedes.com.ar\/principal\/?p=8316"},"modified":"2011-10-17T11:19:45","modified_gmt":"2011-10-17T11:19:45","slug":"el-domingo-23-elegimos-el-futuro-y-la-profundizacion-del-proyecto-nacional","status":"publish","type":"post","link":"https:\/\/www.hoymercedes.com.ar\/principal\/2011\/10\/17\/el-domingo-23-elegimos-el-futuro-y-la-profundizacion-del-proyecto-nacional\/","title":{"rendered":"El Domingo 23 elegimos el futuro y la profundizaci\u00f3n del proyecto nacional"},"content":{"rendered":"<p><span style=\"color: #003366;\"><strong>GUILLERMO \u201cGRILLO\u201d DELUCA<\/strong><\/span><\/p>\n<p>Son muy pocas las ocasiones en las que podemos vivir un acontecimiento trascendente de la historia de nuestro pa\u00eds. Y afortunadamente, en la actualidad, los argentinos estamos transitando una \u00e9poca que quedar\u00e1 grabada en la memoria nacional y ser\u00e1 comentada por las futuras generaciones, un momento hist\u00f3rico de transformaci\u00f3n del pa\u00eds, de crecimiento y de inclusi\u00f3n social impensado a\u00f1os atr\u00e1s.<\/p>\n<p>Y hoy entramos a la una semana de campa\u00f1a que concluir\u00e1 en las elecciones del 23 de Octubre. Este camino a transitar merece una reflexi\u00f3n, porque hay que ser consientes de que el rumbo emprendido en 2003 no tiene par\u00e1metro comparativo con ning\u00fan otro ocurrido en el tiempo hist\u00f3rico que va desde la recuperaci\u00f3n de la democracia hasta el presente<\/p>\n<p>Esta etapa transformadora se hace visible por diversos motivos. Porque despu\u00e9s de salir de la gran crisis de 2001, hoy la Argentina es considerada como el ejemplo a seguir, como el modelo que pone en evidencia los beneficios de optar por la estrategia propia.<\/p>\n<p>Porque adem\u00e1s, los j\u00f3venes se lanzaron al ruedo de la militancia y la responsabilidad p\u00fablica y social. Y tambi\u00e9n, porque el kirchnerismo recuper\u00f3 para el pa\u00eds la convicci\u00f3n y la coherencia: las mismas banderas que se levantaron hace 8 a\u00f1os son las que se izan hoy y se defienden con principios y datos concretos.<\/p>\n<p>Hacia el futuro hay algunas certezas palpables: en medio de un mundo que no puede pagar lo que debe y se hunde en la incertidumbre, la Argentina es conducida por Cristina Fern\u00e1ndez de Kirchner hacia su \u00faltima y definitiva etapa de desendeudamiento. El modelo de crecimiento con inclusi\u00f3n social demostr\u00f3 ser resistente a los vaivenes de la econom\u00eda mundial.<\/p>\n<p>En este contexto, el 23 de octubre se convertir\u00e1 en un nuevo hito en la historia de nuestra Argentina: seguramente la gente dar\u00e1 un respaldo muy fuerte al Gobierno de Cristina Fern\u00e1ndez de Kirchner. Y todo este proceso de cambio que estamos viviendo quedar\u00e1 grabado en la memoria colectiva por siempre, como una etapa \u00fanica, que le est\u00e1 devolviendo la dignidad, la confianza y la esperanza a millones de argentinos.<\/p>\n<p>Y en nuestro distrito tenemos que seguir con la misma l\u00ednea, articulando acciones pol\u00edtica y social con la naci\u00f3n y la provincia para el desarrollo de nuestra ciudad.<\/p>\n<p>Como as\u00ed tambi\u00e9n pienso que la construcci\u00f3n tiene que ser colectiva, con discusi\u00f3n pol\u00edtica, con ideas y con una visi\u00f3n cr\u00edtica, pero esto se da con discusi\u00f3n interna, para el mejoramiento del mismo.<\/p>\n<p>No podemos caer en los mismos errores que nos estuvieron sucediendo, hasta hoy, es por eso que pienso que hay que empezar a discutir desde a hora hacia d\u00f3nde vamos y por donde vamos, s\u00e9 que no es f\u00e1cil conformar a todos, pero si s\u00e9 que es fundamental el cambio de rumbo para la ciudad, con mayor integraci\u00f3n social, fortalecer y apoyar a la cultura, desde lo pr\u00e1ctico hasta lo ideol\u00f3gico, la cultura es la medula de un pueblo.<\/p>\n<p>Tenemos una gran oportunidad todos los Mercedinos de transformar a la ciudad, pero esta transformaci\u00f3n para llevarla adelante se necesita de todos los actores y sectores de la sociedad, sin ego\u00edsmos y sin proyectos personales entre todos lograremos las metas que el Frente Mercedino para la Victoria viene desarrollando.<\/p>\n<p>Por eso hay que apoyar esta nueva gesta que se nos presenta y que no la podemos desaprovechar con humildad, trabajo y compromiso.<\/p>\n<p>Que el pr\u00f3ximo domingo 23, sea una fiesta para todos los argentinos y sobre todo para los Mercedinos, acudamos todos a este acto de la democracia, con respeto, con alegr\u00eda de tener una vez m\u00e1s la oportunidad de elegir a libremente a nuestros futuros representantes.<\/p>\n<p>Con CRISTINA Y con JUANI todos juntos lograremos el tan deseado cambio.<\/p>\n<p>&nbsp;<\/p>\n","protected":false},"excerpt":{"rendered":"<p>GUILLERMO \u201cGRILLO\u201d DELUCA Son muy pocas las ocasiones en las que podemos vivir un acontecimiento trascendente de la historia de &#8230; <a title=\"El Domingo 23 elegimos el futuro y la profundizaci\u00f3n del proyecto nacional\" class=\"read-more\" href=\"https:\/\/www.hoymercedes.com.ar\/principal\/2011\/10\/17\/el-domingo-23-elegimos-el-futuro-y-la-profundizacion-del-proyecto-nacional\/\" aria-label=\"Leer m\u00e1s sobre El Domingo 23 elegimos el futuro y la profundizaci\u00f3n del proyecto nacional\">Leer m\u00e1s<\/a><\/p>\n","protected":false},"author":1,"featured_media":0,"comment_status":"open","ping_status":"open","sticky":false,"template":"","format":"standard","meta":{"_monsterinsights_skip_tracking":false,"_monsterinsights_sitenote_active":false,"_monsterinsights_sitenote_note":"","_monsterinsights_sitenote_category":0,"jetpack_post_was_ever_published":false,"_jetpack_newsletter_access":"","_jetpack_dont_email_post_to_subs":false,"_jetpack_newsletter_tier_id":0,"_jetpack_memberships_contains_paywalled_content":false,"_jetpack_memberships_contains_paid_content":false,"footnotes":"","jetpack_publicize_message":"","jetpack_publicize_feature_enabled":true,"jetpack_social_post_already_shared":false,"jetpack_social_options":{"image_generator_settings":{"template":"highway","default_image_id":0,"font":"","enabled":false},"version":2},"_wpas_customize_per_network":false},"categories":[1],"tags":[1476],"class_list":["post-8316","post","type-post","status-publish","format-standard","hentry","category-opinion","tag-guillermo-grillo-deluca","generate-columns","tablet-grid-50","mobile-grid-100","grid-parent","grid-50"],"jetpack_publicize_connections":[],"jetpack_featured_media_url":"","wps_subtitle":"","jetpack_sharing_enabled":true,"_links":{"self":[{"href":"https:\/\/www.hoymercedes.com.ar\/principal\/wp-json\/wp\/v2\/posts\/8316","targetHints":{"allow":["GET"]}}],"collection":[{"href":"https:\/\/www.hoymercedes.com.ar\/principal\/wp-json\/wp\/v2\/posts"}],"about":[{"href":"https:\/\/www.hoymercedes.com.ar\/principal\/wp-json\/wp\/v2\/types\/post"}],"author":[{"embeddable":true,"href":"https:\/\/www.hoymercedes.com.ar\/principal\/wp-json\/wp\/v2\/users\/1"}],"replies":[{"embeddable":true,"href":"https:\/\/www.hoymercedes.com.ar\/principal\/wp-json\/wp\/v2\/comments?post=8316"}],"version-history":[{"count":0,"href":"https:\/\/www.hoymercedes.com.ar\/principal\/wp-json\/wp\/v2\/posts\/8316\/revisions"}],"wp:attachment":[{"href":"https:\/\/www.hoymercedes.com.ar\/principal\/wp-json\/wp\/v2\/media?parent=8316"}],"wp:term":[{"taxonomy":"category","embeddable":true,"href":"https:\/\/www.hoymercedes.com.ar\/principal\/wp-json\/wp\/v2\/categories?post=8316"},{"taxonomy":"post_tag","embeddable":true,"href":"https:\/\/www.hoymercedes.com.ar\/principal\/wp-json\/wp\/v2\/tags?post=8316"}],"curies":[{"name":"wp","href":"https:\/\/api.w.org\/{rel}","templated":true}]}}