{"id":8319,"date":"2011-10-17T11:22:40","date_gmt":"2011-10-17T11:22:40","guid":{"rendered":"http:\/\/www.hoymercedes.com.ar\/principal\/?p=8319"},"modified":"2011-10-17T11:22:40","modified_gmt":"2011-10-17T11:22:40","slug":"se-trabaja-en-la-edicion-2011-de-la-fiesta-nacional-del-durazno","status":"publish","type":"post","link":"https:\/\/www.hoymercedes.com.ar\/principal\/2011\/10\/17\/se-trabaja-en-la-edicion-2011-de-la-fiesta-nacional-del-durazno\/","title":{"rendered":"Se trabaja en la edici\u00f3n 2011 de la Fiesta Nacional del Durazno"},"content":{"rendered":"<p>Es casi un hecho la realizaci\u00f3n en noviembre de la Pe\u00f1a Oficial de la Fiesta. Tambi\u00e9n se podr\u00eda llevar a cabo un interesante concurso de alcance nacional con representantes de todos los sectores del pais donde existen plantaciones de duraznos<\/p>\n<p><strong>Susana Castagnetto,<\/strong> una de las responsables del <strong>Grupo Resurgir<\/strong> encargado del proceso de re plantaci\u00f3n de durazneros en el Partido de Mercedes se refiri\u00f3 a las tareas que se est\u00e1n llevando a cabo con mira a la Edici\u00f3n 2011 de la Fiesta Nacional del Durazno anticipando algunas novedades de importancia que seguramente le dar\u00e1n otra fisonom\u00eda el evento.<\/p>\n<p>Sostuvo al dialogar ayer con la prensa en el palacio municipal <em>\u201ccon los productores y un grupo de vecinos de la ciudad estamos trabajando en varios puntos muy importantes, al menos as\u00ed lo entendemos nosotros, que podr\u00edan aplicarse en la pr\u00f3xima edici\u00f3n de la Fiesta Nacional como por ejemplo poder concretar cosas que ven\u00edamos realizando hasta hace algunos a\u00f1os y que se dejaron de hacer por diferentes motivos y ahora pretendemos volver a jerarquizar, como por ejemplo loa Pe\u00f1a Oficial de la Fiesta, es decir un encuentro folcl\u00f3rico de jerarqu\u00eda en la ciudad ya que con todo lo que se ha trabajado en la transformaci\u00f3n de las Fiestas nacionales en nuestra ciudad nosotros tenemos la obligaci\u00f3n de estar a tono con dichos cambios y realizar diversas actividades que se dejaron de hacer por carecer de los recursos necesarios.<\/em><\/p>\n<p><em>Este a\u00f1o ya est\u00e1 decidida la realizaci\u00f3n de la Pe\u00f1a previa a la Fiesta en un lugar que aun nos resta decidir pero bien podr\u00eda ser el predio que actualmente ocupa el Centro de Formaci\u00f3n de la Gendarmer\u00eda Nacional y la fecha tentativa ser\u00eda el <strong>19 de noviembre<\/strong> y para ello contamos con un grupo significativo en el cual hay varias profesoras y directores de las Escuelas de Danzas de la ciudad como as\u00ed tambi\u00e9n integrantes de las mismas que bailan y ellos est\u00e1n colaborando con muchas ganas para concretar este evento m\u00e1s all\u00e1 de lo que habitualmente hacemos a lo largo de las tres noches de la Fiesta, como le hecho el a\u00f1o pasado, con las cl\u00e1sicas pe\u00f1as folcl\u00f3ricas que para este a\u00f1o ya tenemos una carpa de mayor tama\u00f1o para que puedan estar compartiendo el encuentro muchas m\u00e1s personas.<\/em><\/p>\n<p><em>Pero al mismo tiempo estamos pensando en algo realmente importante como es la realizaci\u00f3n de un <strong>concurso a nivel nacional<\/strong>, es decir que puedan tener participaci\u00f3n por ejemplo personas que viven en todos los sectores de la rep\u00fablica Argentina en los que se haya producci\u00f3n de Duraznos, por ejemplo en las provincias del norte, en las del Litoral, las de Cuyo como el caso de Mendoza y desde ya las cl\u00e1sicas de Buenos Aires, es algo genuino que en cuanto tengamos todo m\u00e1s o menos encauzado vamos a dar m\u00e1s detalles\u201d.<\/em><\/p>\n<p><em>Si bien Susana Castagnetto no lo confirm\u00f3 plenamente, si admiti\u00f3 que podr\u00eda llevarse a cabo un concurso nacional de <strong>\u201cdulceras de duraznos\u201d<\/strong> <\/em>para lo cual se estar\u00eda convocando a todos los interesados del pa\u00eds en participar<em>\u00a0\u00abpara que vengan a mercedes los d\u00edas de la Fiesta y con duraznos iguales para todos participar del concurso haciendo sus dulces a la vista de quienes concurren al evento. \u201cSabemos que hay personas, incluso en nuestra ciudad, que manejan exquisitas recetas relacionadas con el dulce de durazno ya sea del tipo con la fruta trozada en una base de almibar como por ejemplo el dulce de Zapallo cortado en dados o de la forma m\u00e1s pisada tipo mermelada.<\/em><\/p>\n<p><em>Pero vuelvo a insistir que por ahora es una idea para hacer algo nuevo que definitivamente nacionalice la Fiesta aunque es un tanto dif\u00edcil poder congregar a las personas de todos los sectores porque en cada uno de ello el tiempo de producci\u00f3n es diferente, por ejemplo ya se pueden ver duraznos producidos en el norte del pa\u00eds (Jujuy y Salta) luego es el turno de la producci\u00f3n en misiones calculo que en 10 d\u00edas, para fines de noviembre luego parte de C\u00f3rdoba, sur de Santa fe, Corrientes y la primer semana de diciembre la de Mercedes y la zona para finalmente lo que se junta en el valle de R\u00edo negro y Mendoza, de cualquier manera la idea ha prendido fuerte y trataremos de hacer todo el esfuerzo necesario para poder concretarla\u201d.<\/em><\/p>\n","protected":false},"excerpt":{"rendered":"<p>Es casi un hecho la realizaci\u00f3n en noviembre de la Pe\u00f1a Oficial de la Fiesta. Tambi\u00e9n se podr\u00eda llevar a &#8230; <a title=\"Se trabaja en la edici\u00f3n 2011 de la Fiesta Nacional del Durazno\" class=\"read-more\" href=\"https:\/\/www.hoymercedes.com.ar\/principal\/2011\/10\/17\/se-trabaja-en-la-edicion-2011-de-la-fiesta-nacional-del-durazno\/\" aria-label=\"Leer m\u00e1s sobre Se trabaja en la edici\u00f3n 2011 de la Fiesta Nacional del Durazno\">Leer m\u00e1s<\/a><\/p>\n","protected":false},"author":1,"featured_media":0,"comment_status":"open","ping_status":"open","sticky":false,"template":"","format":"standard","meta":{"_monsterinsights_skip_tracking":false,"_monsterinsights_sitenote_active":false,"_monsterinsights_sitenote_note":"","_monsterinsights_sitenote_category":0,"jetpack_post_was_ever_published":false,"_jetpack_newsletter_access":"","_jetpack_dont_email_post_to_subs":false,"_jetpack_newsletter_tier_id":0,"_jetpack_memberships_contains_paywalled_content":false,"_jetpack_memberships_contains_paid_content":false,"footnotes":"","jetpack_publicize_message":"","jetpack_publicize_feature_enabled":true,"jetpack_social_post_already_shared":false,"jetpack_social_options":{"image_generator_settings":{"template":"highway","default_image_id":0,"font":"","enabled":false},"version":2},"_wpas_customize_per_network":false},"categories":[1],"tags":[208,1477],"class_list":["post-8319","post","type-post","status-publish","format-standard","hentry","category-opinion","tag-fiesta-del-durazno","tag-susana-castagnetto","generate-columns","tablet-grid-50","mobile-grid-100","grid-parent","grid-50"],"jetpack_publicize_connections":[],"jetpack_featured_media_url":"","wps_subtitle":"","jetpack_sharing_enabled":true,"_links":{"self":[{"href":"https:\/\/www.hoymercedes.com.ar\/principal\/wp-json\/wp\/v2\/posts\/8319","targetHints":{"allow":["GET"]}}],"collection":[{"href":"https:\/\/www.hoymercedes.com.ar\/principal\/wp-json\/wp\/v2\/posts"}],"about":[{"href":"https:\/\/www.hoymercedes.com.ar\/principal\/wp-json\/wp\/v2\/types\/post"}],"author":[{"embeddable":true,"href":"https:\/\/www.hoymercedes.com.ar\/principal\/wp-json\/wp\/v2\/users\/1"}],"replies":[{"embeddable":true,"href":"https:\/\/www.hoymercedes.com.ar\/principal\/wp-json\/wp\/v2\/comments?post=8319"}],"version-history":[{"count":0,"href":"https:\/\/www.hoymercedes.com.ar\/principal\/wp-json\/wp\/v2\/posts\/8319\/revisions"}],"wp:attachment":[{"href":"https:\/\/www.hoymercedes.com.ar\/principal\/wp-json\/wp\/v2\/media?parent=8319"}],"wp:term":[{"taxonomy":"category","embeddable":true,"href":"https:\/\/www.hoymercedes.com.ar\/principal\/wp-json\/wp\/v2\/categories?post=8319"},{"taxonomy":"post_tag","embeddable":true,"href":"https:\/\/www.hoymercedes.com.ar\/principal\/wp-json\/wp\/v2\/tags?post=8319"}],"curies":[{"name":"wp","href":"https:\/\/api.w.org\/{rel}","templated":true}]}}