{"id":83204,"date":"2018-10-30T01:09:20","date_gmt":"2018-10-30T04:09:20","guid":{"rendered":"http:\/\/www.hoymercedes.com.ar\/principal\/?p=83204"},"modified":"2018-10-29T21:36:21","modified_gmt":"2018-10-30T00:36:21","slug":"secretario-del-consejo-federal-de-ddhh-visito-la-ciudad","status":"publish","type":"post","link":"https:\/\/www.hoymercedes.com.ar\/principal\/2018\/10\/30\/secretario-del-consejo-federal-de-ddhh-visito-la-ciudad\/","title":{"rendered":"Secretario del Consejo Federal de DDHH visit\u00f3 la ciudad"},"content":{"rendered":"<p>Este lunes recorri\u00f3 organismos nacionales radicados en Mercedes, Alejandro Collia, Secretario Ejecutivo del Consejo Federal de Derechos Humanos dependiente del Ministerio de Justicia de la Naci\u00f3n.\u00a0 Promediando la ma\u00f1ana fue recibido por los titulares locales del CDR, UDAI Anses y PAMI, para luego hacerse presente en el Palacio Municipal, reunirse con el intendente Ustarroz y m\u00e1s tarde con el bloque de Cambiemos. Terminando su recorrida en la c\u00e1rcel de Mercedes.<\/p>\n<p><img loading=\"lazy\" decoding=\"async\" data-attachment-id=\"83205\" data-permalink=\"https:\/\/www.hoymercedes.com.ar\/principal\/2018\/10\/30\/secretario-del-consejo-federal-de-ddhh-visito-la-ciudad\/30-cambiemos-colia\/#main\" data-orig-file=\"https:\/\/www.hoymercedes.com.ar\/principal\/wp-content\/uploads\/2018\/10\/30-cambiemos-Colia.jpg\" data-orig-size=\"750,563\" data-comments-opened=\"0\" data-image-meta=\"{&quot;aperture&quot;:&quot;0&quot;,&quot;credit&quot;:&quot;&quot;,&quot;camera&quot;:&quot;&quot;,&quot;caption&quot;:&quot;&quot;,&quot;created_timestamp&quot;:&quot;0&quot;,&quot;copyright&quot;:&quot;&quot;,&quot;focal_length&quot;:&quot;0&quot;,&quot;iso&quot;:&quot;0&quot;,&quot;shutter_speed&quot;:&quot;0&quot;,&quot;title&quot;:&quot;&quot;,&quot;orientation&quot;:&quot;0&quot;}\" data-image-title=\"30 cambiemos Colia\" data-image-description=\"\" data-image-caption=\"\" data-large-file=\"https:\/\/www.hoymercedes.com.ar\/principal\/wp-content\/uploads\/2018\/10\/30-cambiemos-Colia.jpg\" class=\"aligncenter size-medium wp-image-83205\" src=\"https:\/\/www.hoymercedes.com.ar\/principal\/wp-content\/uploads\/2018\/10\/30-cambiemos-Colia-630x473.jpg\" alt=\"\" width=\"630\" height=\"473\" srcset=\"https:\/\/www.hoymercedes.com.ar\/principal\/wp-content\/uploads\/2018\/10\/30-cambiemos-Colia-630x473.jpg 630w, https:\/\/www.hoymercedes.com.ar\/principal\/wp-content\/uploads\/2018\/10\/30-cambiemos-Colia-150x113.jpg 150w, https:\/\/www.hoymercedes.com.ar\/principal\/wp-content\/uploads\/2018\/10\/30-cambiemos-Colia.jpg 750w\" sizes=\"auto, (max-width: 630px) 100vw, 630px\" \/><\/p>\n<p>Con Ana Luna del Centro de Referencia del Ministerio de Desarrollo Social de Naci\u00f3n; Fabricio Narvarte de la UDAI &#8211;\u00a0 Anses local, y Nicol\u00e1s Farias jefe de PAMI, coordinaron una agenda com\u00fan sobre diferentes tem\u00e1ticas que tiene el \u00e1rea y posibles charlas y seminarios que podr\u00edan traer desde el Consejo Federal a la ciudad.<\/p>\n<p><img loading=\"lazy\" decoding=\"async\" data-attachment-id=\"83207\" data-permalink=\"https:\/\/www.hoymercedes.com.ar\/principal\/2018\/10\/30\/secretario-del-consejo-federal-de-ddhh-visito-la-ciudad\/30-collia-ustarroz\/#main\" data-orig-file=\"https:\/\/www.hoymercedes.com.ar\/principal\/wp-content\/uploads\/2018\/10\/30-collia-ustarroz.jpg\" data-orig-size=\"750,500\" data-comments-opened=\"0\" data-image-meta=\"{&quot;aperture&quot;:&quot;0&quot;,&quot;credit&quot;:&quot;&quot;,&quot;camera&quot;:&quot;&quot;,&quot;caption&quot;:&quot;&quot;,&quot;created_timestamp&quot;:&quot;0&quot;,&quot;copyright&quot;:&quot;&quot;,&quot;focal_length&quot;:&quot;0&quot;,&quot;iso&quot;:&quot;0&quot;,&quot;shutter_speed&quot;:&quot;0&quot;,&quot;title&quot;:&quot;&quot;,&quot;orientation&quot;:&quot;0&quot;}\" data-image-title=\"30 collia ustarroz\" data-image-description=\"\" data-image-caption=\"\" data-large-file=\"https:\/\/www.hoymercedes.com.ar\/principal\/wp-content\/uploads\/2018\/10\/30-collia-ustarroz.jpg\" class=\"aligncenter size-medium wp-image-83207\" src=\"https:\/\/www.hoymercedes.com.ar\/principal\/wp-content\/uploads\/2018\/10\/30-collia-ustarroz-630x420.jpg\" alt=\"\" width=\"630\" height=\"420\" srcset=\"https:\/\/www.hoymercedes.com.ar\/principal\/wp-content\/uploads\/2018\/10\/30-collia-ustarroz-630x420.jpg 630w, https:\/\/www.hoymercedes.com.ar\/principal\/wp-content\/uploads\/2018\/10\/30-collia-ustarroz-150x100.jpg 150w, https:\/\/www.hoymercedes.com.ar\/principal\/wp-content\/uploads\/2018\/10\/30-collia-ustarroz.jpg 750w\" sizes=\"auto, (max-width: 630px) 100vw, 630px\" \/><\/p>\n<p>Luego, con Ustarroz tambi\u00e9n acordaron acciones a trabajar en conjunto con el \u00e1rea del Ministerio y la Municipalidad de Mercedes. Finalmente, Collia se reuni\u00f3 con los concejales y hablaron sobre la importancia de impulsar iniciativas legislativas con enfoque en DDHH. Finaliz\u00f3 se recorrido en las instalaciones de la Unidad Penitenciaria N\u00b0 5 junto al director de la misma, Ricardo M\u00e9ndez.<\/p>\n<p><img loading=\"lazy\" decoding=\"async\" data-attachment-id=\"83206\" data-permalink=\"https:\/\/www.hoymercedes.com.ar\/principal\/2018\/10\/30\/secretario-del-consejo-federal-de-ddhh-visito-la-ciudad\/30-cambiemos-colia1\/#main\" data-orig-file=\"https:\/\/www.hoymercedes.com.ar\/principal\/wp-content\/uploads\/2018\/10\/30-cambiemos-Colia1.jpg\" data-orig-size=\"750,500\" data-comments-opened=\"0\" data-image-meta=\"{&quot;aperture&quot;:&quot;0&quot;,&quot;credit&quot;:&quot;&quot;,&quot;camera&quot;:&quot;&quot;,&quot;caption&quot;:&quot;&quot;,&quot;created_timestamp&quot;:&quot;0&quot;,&quot;copyright&quot;:&quot;&quot;,&quot;focal_length&quot;:&quot;0&quot;,&quot;iso&quot;:&quot;0&quot;,&quot;shutter_speed&quot;:&quot;0&quot;,&quot;title&quot;:&quot;&quot;,&quot;orientation&quot;:&quot;0&quot;}\" data-image-title=\"30 cambiemos Colia1\" data-image-description=\"\" data-image-caption=\"\" data-large-file=\"https:\/\/www.hoymercedes.com.ar\/principal\/wp-content\/uploads\/2018\/10\/30-cambiemos-Colia1.jpg\" class=\"aligncenter size-medium wp-image-83206\" src=\"https:\/\/www.hoymercedes.com.ar\/principal\/wp-content\/uploads\/2018\/10\/30-cambiemos-Colia1-630x420.jpg\" alt=\"\" width=\"630\" height=\"420\" srcset=\"https:\/\/www.hoymercedes.com.ar\/principal\/wp-content\/uploads\/2018\/10\/30-cambiemos-Colia1-630x420.jpg 630w, https:\/\/www.hoymercedes.com.ar\/principal\/wp-content\/uploads\/2018\/10\/30-cambiemos-Colia1-150x100.jpg 150w, https:\/\/www.hoymercedes.com.ar\/principal\/wp-content\/uploads\/2018\/10\/30-cambiemos-Colia1.jpg 750w\" sizes=\"auto, (max-width: 630px) 100vw, 630px\" \/><\/p>\n","protected":false},"excerpt":{"rendered":"<p>Este lunes recorri\u00f3 organismos nacionales radicados en Mercedes, Alejandro Collia, Secretario Ejecutivo del Consejo Federal de Derechos Humanos dependiente del &#8230; <a title=\"Secretario del Consejo Federal de DDHH visit\u00f3 la ciudad\" class=\"read-more\" href=\"https:\/\/www.hoymercedes.com.ar\/principal\/2018\/10\/30\/secretario-del-consejo-federal-de-ddhh-visito-la-ciudad\/\" aria-label=\"Leer m\u00e1s sobre Secretario del Consejo Federal de DDHH visit\u00f3 la ciudad\">Leer m\u00e1s<\/a><\/p>\n","protected":false},"author":1,"featured_media":83205,"comment_status":"closed","ping_status":"open","sticky":false,"template":"","format":"standard","meta":{"_monsterinsights_skip_tracking":false,"_monsterinsights_sitenote_active":false,"_monsterinsights_sitenote_note":"","_monsterinsights_sitenote_category":0,"jetpack_post_was_ever_published":false,"_jetpack_newsletter_access":"","_jetpack_dont_email_post_to_subs":false,"_jetpack_newsletter_tier_id":0,"_jetpack_memberships_contains_paywalled_content":false,"_jetpack_memberships_contains_paid_content":false,"footnotes":"","jetpack_publicize_message":"","jetpack_publicize_feature_enabled":true,"jetpack_social_post_already_shared":true,"jetpack_social_options":{"image_generator_settings":{"template":"highway","default_image_id":0,"font":"","enabled":false},"version":2},"_wpas_customize_per_network":false},"categories":[8],"tags":[8055,9311,13954,10,5319],"class_list":["post-83204","post","type-post","status-publish","format-standard","has-post-thumbnail","hentry","category-sociedad","tag-cambiemos","tag-ddhh","tag-funcionario-nacional","tag-mercedes","tag-politica-2","generate-columns","tablet-grid-50","mobile-grid-100","grid-parent","grid-50"],"jetpack_publicize_connections":[],"jetpack_featured_media_url":"https:\/\/www.hoymercedes.com.ar\/principal\/wp-content\/uploads\/2018\/10\/30-cambiemos-Colia.jpg","wps_subtitle":"Recorri\u00f3 instituciones","jetpack_sharing_enabled":true,"_links":{"self":[{"href":"https:\/\/www.hoymercedes.com.ar\/principal\/wp-json\/wp\/v2\/posts\/83204","targetHints":{"allow":["GET"]}}],"collection":[{"href":"https:\/\/www.hoymercedes.com.ar\/principal\/wp-json\/wp\/v2\/posts"}],"about":[{"href":"https:\/\/www.hoymercedes.com.ar\/principal\/wp-json\/wp\/v2\/types\/post"}],"author":[{"embeddable":true,"href":"https:\/\/www.hoymercedes.com.ar\/principal\/wp-json\/wp\/v2\/users\/1"}],"replies":[{"embeddable":true,"href":"https:\/\/www.hoymercedes.com.ar\/principal\/wp-json\/wp\/v2\/comments?post=83204"}],"version-history":[{"count":0,"href":"https:\/\/www.hoymercedes.com.ar\/principal\/wp-json\/wp\/v2\/posts\/83204\/revisions"}],"wp:featuredmedia":[{"embeddable":true,"href":"https:\/\/www.hoymercedes.com.ar\/principal\/wp-json\/wp\/v2\/media\/83205"}],"wp:attachment":[{"href":"https:\/\/www.hoymercedes.com.ar\/principal\/wp-json\/wp\/v2\/media?parent=83204"}],"wp:term":[{"taxonomy":"category","embeddable":true,"href":"https:\/\/www.hoymercedes.com.ar\/principal\/wp-json\/wp\/v2\/categories?post=83204"},{"taxonomy":"post_tag","embeddable":true,"href":"https:\/\/www.hoymercedes.com.ar\/principal\/wp-json\/wp\/v2\/tags?post=83204"}],"curies":[{"name":"wp","href":"https:\/\/api.w.org\/{rel}","templated":true}]}}