{"id":83210,"date":"2018-10-30T09:23:38","date_gmt":"2018-10-30T12:23:38","guid":{"rendered":"http:\/\/www.hoymercedes.com.ar\/principal\/?p=83210"},"modified":"2018-10-30T09:37:52","modified_gmt":"2018-10-30T12:37:52","slug":"pablin-no-esperaba-que-el-colectivo-oxidado-gustase-tanto","status":"publish","type":"post","link":"https:\/\/www.hoymercedes.com.ar\/principal\/2018\/10\/30\/pablin-no-esperaba-que-el-colectivo-oxidado-gustase-tanto\/","title":{"rendered":"Pabl\u00edn: \u00abNo esperaba que el colectivo oxidado gustase tanto\u00bb"},"content":{"rendered":"<p>Por TeCleArte &#8211; En la noche del s\u00e1bado se inaugur\u00f3 el <a href=\"https:\/\/www.hoymercedes.com.ar\/principal\/2018\/10\/25\/premios-y-apertura-del-xxxv-salon-de-pintura-del-colegio-de-abogados\/\" target=\"_blank\" rel=\"noopener\">XXXV Sal\u00f3n de Pintura del Colegio de Abogados de Mercedes.<\/a> En ese marco se entregaron todas las distinciones a quienes obtuvieron premios y menciones y se conocieron las pinturas seleccionadas por el jurado que forman parte de la exposici\u00f3n abierta toda la semana en el segundo piso del edificio de 29 y 24.<\/p>\n<p><img loading=\"lazy\" decoding=\"async\" data-attachment-id=\"83236\" data-permalink=\"https:\/\/www.hoymercedes.com.ar\/principal\/2018\/10\/30\/pablin-no-esperaba-que-el-colectivo-oxidado-gustase-tanto\/30-salon-aboagos-1\/#main\" data-orig-file=\"https:\/\/www.hoymercedes.com.ar\/principal\/wp-content\/uploads\/2018\/10\/30-salon-aboagos-1.jpg\" data-orig-size=\"750,500\" data-comments-opened=\"0\" data-image-meta=\"{&quot;aperture&quot;:&quot;4.2&quot;,&quot;credit&quot;:&quot;&quot;,&quot;camera&quot;:&quot;NIKON D3100&quot;,&quot;caption&quot;:&quot;&quot;,&quot;created_timestamp&quot;:&quot;1540674430&quot;,&quot;copyright&quot;:&quot;&quot;,&quot;focal_length&quot;:&quot;31&quot;,&quot;iso&quot;:&quot;640&quot;,&quot;shutter_speed&quot;:&quot;0.016666666666667&quot;,&quot;title&quot;:&quot;&quot;,&quot;orientation&quot;:&quot;1&quot;}\" data-image-title=\"30 salon aboagos 1\" data-image-description=\"\" data-image-caption=\"\" data-large-file=\"https:\/\/www.hoymercedes.com.ar\/principal\/wp-content\/uploads\/2018\/10\/30-salon-aboagos-1.jpg\" class=\"aligncenter size-medium wp-image-83236\" src=\"https:\/\/www.hoymercedes.com.ar\/principal\/wp-content\/uploads\/2018\/10\/30-salon-aboagos-1-630x420.jpg\" alt=\"\" width=\"630\" height=\"420\" srcset=\"https:\/\/www.hoymercedes.com.ar\/principal\/wp-content\/uploads\/2018\/10\/30-salon-aboagos-1-630x420.jpg 630w, https:\/\/www.hoymercedes.com.ar\/principal\/wp-content\/uploads\/2018\/10\/30-salon-aboagos-1-150x100.jpg 150w, https:\/\/www.hoymercedes.com.ar\/principal\/wp-content\/uploads\/2018\/10\/30-salon-aboagos-1.jpg 750w\" sizes=\"auto, (max-width: 630px) 100vw, 630px\" \/><\/p>\n<p>El m\u00e1ximo ganador fue el mercedino Pablo Rodr\u00edguez, \u00abPabl\u00edn\u00bb. Su primer premio fue el entregado segundos despu\u00e9s de conocer el video en donde el jurado explic\u00f3 cu\u00e1les fueron sus impresiones a la hora de ver el conjunto de obras: \u00abRealmente estoy muy sorprendido porque no lo esperaba. No puedo creer todo lo que dijo el jurado, y no puedo creer todas las cosas que una persona puede ver en una pintura\u201d.<\/p>\n<p>\u00abLa pintura estuvo parada un a\u00f1o en el taller de Marcela Cueto. La dej\u00e9 por estudios, trabajo y dem\u00e1s. Cuando volv\u00ed al taller quer\u00eda hacer otra cosa, quer\u00eda hacer bodegones. Esquivaba la pintura. Pero la perseverancia de Marcela hizo que lo terminase. La busqu\u00e9 la vuelta y arranqu\u00e9. Busqu\u00e9 fotos de colectivos oxidados y me encant\u00f3 lo viejo del colectivo, despu\u00e9s apareci\u00f3 el nene. Cuando me avisan que gan\u00e9, pens\u00e9 que les hab\u00eda gustado el nene; pero no. Todos enloquecidos con el colectivo.\u00a0No esperaba que el colectivo oxidado gustase tanto\u00bb, resalt\u00f3 en el di\u00e1logo con medios period\u00edsticos de la ciudad.<\/p>\n<p><img loading=\"lazy\" decoding=\"async\" data-attachment-id=\"83235\" data-permalink=\"https:\/\/www.hoymercedes.com.ar\/principal\/2018\/10\/30\/pablin-no-esperaba-que-el-colectivo-oxidado-gustase-tanto\/30-pablin-abogados-1\/#main\" data-orig-file=\"https:\/\/www.hoymercedes.com.ar\/principal\/wp-content\/uploads\/2018\/10\/30-pablin-abogados-1-e1540902691837.jpg\" data-orig-size=\"736,496\" data-comments-opened=\"0\" data-image-meta=\"{&quot;aperture&quot;:&quot;2&quot;,&quot;credit&quot;:&quot;&quot;,&quot;camera&quot;:&quot;Moto G (5S) Plus&quot;,&quot;caption&quot;:&quot;&quot;,&quot;created_timestamp&quot;:&quot;1540674445&quot;,&quot;copyright&quot;:&quot;&quot;,&quot;focal_length&quot;:&quot;3.59&quot;,&quot;iso&quot;:&quot;196&quot;,&quot;shutter_speed&quot;:&quot;0.033333333333333&quot;,&quot;title&quot;:&quot;&quot;,&quot;orientation&quot;:&quot;1&quot;}\" data-image-title=\"30 pablin abogados 1\" data-image-description=\"\" data-image-caption=\"\" data-large-file=\"https:\/\/www.hoymercedes.com.ar\/principal\/wp-content\/uploads\/2018\/10\/30-pablin-abogados-1-e1540902691837.jpg\" class=\"aligncenter size-medium wp-image-83235\" src=\"https:\/\/www.hoymercedes.com.ar\/principal\/wp-content\/uploads\/2018\/10\/30-pablin-abogados-1-e1540902691837-630x425.jpg\" alt=\"\" width=\"630\" height=\"425\" srcset=\"https:\/\/www.hoymercedes.com.ar\/principal\/wp-content\/uploads\/2018\/10\/30-pablin-abogados-1-e1540902691837-630x425.jpg 630w, https:\/\/www.hoymercedes.com.ar\/principal\/wp-content\/uploads\/2018\/10\/30-pablin-abogados-1-e1540902691837-150x101.jpg 150w, https:\/\/www.hoymercedes.com.ar\/principal\/wp-content\/uploads\/2018\/10\/30-pablin-abogados-1-e1540902691837.jpg 736w\" sizes=\"auto, (max-width: 630px) 100vw, 630px\" \/><\/p>\n<p><strong>Bodegones<\/strong><\/p>\n<p>Los bodegones a los que Pablo se refiri\u00f3 y que estaban en sus ansias por pintar mientras el colectivo esperaba, ser\u00e1n presentados el 16 de noviembre en la sala de exposiciones del Teatro Tal\u00eda. Desde la hora 21 de ese viernes, habr\u00e1 cuadros de naturalezas muertas que reflejan su evoluci\u00f3n como artista pl\u00e1stico. \u00abEs una muestra retrospectiva a trav\u00e9s de frutas, botellas, copas y dem\u00e1s. Algunas las hice el profesorado, otras en los talleres a los que asist\u00ed y otras en m\u00ed taller. Adem\u00e1s proyecto hacer una instalaci\u00f3n interactiva para la inauguraci\u00f3n de la muestra\u201d, anticip\u00f3 Rodr\u00edguez en una muestra que dar\u00e1 un paso m\u00e1s al a\u00f1o positivo en su arte.<\/p>\n","protected":false},"excerpt":{"rendered":"<p>Por TeCleArte &#8211; En la noche del s\u00e1bado se inaugur\u00f3 el XXXV Sal\u00f3n de Pintura del Colegio de Abogados de &#8230; <a title=\"Pabl\u00edn: \u00abNo esperaba que el colectivo oxidado gustase tanto\u00bb\" class=\"read-more\" href=\"https:\/\/www.hoymercedes.com.ar\/principal\/2018\/10\/30\/pablin-no-esperaba-que-el-colectivo-oxidado-gustase-tanto\/\" aria-label=\"Leer m\u00e1s sobre Pabl\u00edn: \u00abNo esperaba que el colectivo oxidado gustase tanto\u00bb\">Leer m\u00e1s<\/a><\/p>\n","protected":false},"author":1,"featured_media":83235,"comment_status":"closed","ping_status":"open","sticky":false,"template":"","format":"standard","meta":{"_monsterinsights_skip_tracking":false,"_monsterinsights_sitenote_active":false,"_monsterinsights_sitenote_note":"","_monsterinsights_sitenote_category":0,"jetpack_post_was_ever_published":false,"_jetpack_newsletter_access":"","_jetpack_dont_email_post_to_subs":false,"_jetpack_newsletter_tier_id":0,"_jetpack_memberships_contains_paywalled_content":false,"_jetpack_memberships_contains_paid_content":false,"footnotes":"","jetpack_publicize_message":"","jetpack_publicize_feature_enabled":true,"jetpack_social_post_already_shared":true,"jetpack_social_options":{"image_generator_settings":{"template":"highway","default_image_id":0,"font":"","enabled":false},"version":2},"_wpas_customize_per_network":false},"categories":[104],"tags":[8890,7805,10,13957],"class_list":["post-83210","post","type-post","status-publish","format-standard","has-post-thumbnail","hentry","category-cultura","tag-artes-plasticas","tag-cultura","tag-mercedes","tag-salon-de-pintura-de-abogados","generate-columns","tablet-grid-50","mobile-grid-100","grid-parent","grid-50"],"jetpack_publicize_connections":[],"jetpack_featured_media_url":"https:\/\/www.hoymercedes.com.ar\/principal\/wp-content\/uploads\/2018\/10\/30-pablin-abogados-1-e1540902691837.jpg","wps_subtitle":"Entrega de premios e inauguraci\u00f3n en Abogados","jetpack_sharing_enabled":true,"_links":{"self":[{"href":"https:\/\/www.hoymercedes.com.ar\/principal\/wp-json\/wp\/v2\/posts\/83210","targetHints":{"allow":["GET"]}}],"collection":[{"href":"https:\/\/www.hoymercedes.com.ar\/principal\/wp-json\/wp\/v2\/posts"}],"about":[{"href":"https:\/\/www.hoymercedes.com.ar\/principal\/wp-json\/wp\/v2\/types\/post"}],"author":[{"embeddable":true,"href":"https:\/\/www.hoymercedes.com.ar\/principal\/wp-json\/wp\/v2\/users\/1"}],"replies":[{"embeddable":true,"href":"https:\/\/www.hoymercedes.com.ar\/principal\/wp-json\/wp\/v2\/comments?post=83210"}],"version-history":[{"count":0,"href":"https:\/\/www.hoymercedes.com.ar\/principal\/wp-json\/wp\/v2\/posts\/83210\/revisions"}],"wp:featuredmedia":[{"embeddable":true,"href":"https:\/\/www.hoymercedes.com.ar\/principal\/wp-json\/wp\/v2\/media\/83235"}],"wp:attachment":[{"href":"https:\/\/www.hoymercedes.com.ar\/principal\/wp-json\/wp\/v2\/media?parent=83210"}],"wp:term":[{"taxonomy":"category","embeddable":true,"href":"https:\/\/www.hoymercedes.com.ar\/principal\/wp-json\/wp\/v2\/categories?post=83210"},{"taxonomy":"post_tag","embeddable":true,"href":"https:\/\/www.hoymercedes.com.ar\/principal\/wp-json\/wp\/v2\/tags?post=83210"}],"curies":[{"name":"wp","href":"https:\/\/api.w.org\/{rel}","templated":true}]}}