{"id":83213,"date":"2018-10-30T08:14:01","date_gmt":"2018-10-30T11:14:01","guid":{"rendered":"http:\/\/www.hoymercedes.com.ar\/principal\/?p=83213"},"modified":"2018-10-30T09:38:08","modified_gmt":"2018-10-30T12:38:08","slug":"solventado-por-la-municipalidad-ya-funciona-el-transporte-publico-de-pasajeros","status":"publish","type":"post","link":"https:\/\/www.hoymercedes.com.ar\/principal\/2018\/10\/30\/solventado-por-la-municipalidad-ya-funciona-el-transporte-publico-de-pasajeros\/","title":{"rendered":"Solventado por la Municipalidad ya funciona el transporte p\u00fablico de pasajeros"},"content":{"rendered":"<figure id=\"attachment_83214\" aria-describedby=\"caption-attachment-83214\" style=\"width: 758px\" class=\"wp-caption aligncenter\"><img loading=\"lazy\" decoding=\"async\" data-attachment-id=\"83214\" data-permalink=\"https:\/\/www.hoymercedes.com.ar\/principal\/2018\/10\/30\/solventado-por-la-municipalidad-ya-funciona-el-transporte-publico-de-pasajeros\/colectivos-1\/#main\" data-orig-file=\"https:\/\/www.hoymercedes.com.ar\/principal\/wp-content\/uploads\/2018\/10\/colectivos-1.jpeg\" data-orig-size=\"960,1280\" data-comments-opened=\"0\" data-image-meta=\"{&quot;aperture&quot;:&quot;0&quot;,&quot;credit&quot;:&quot;&quot;,&quot;camera&quot;:&quot;&quot;,&quot;caption&quot;:&quot;&quot;,&quot;created_timestamp&quot;:&quot;0&quot;,&quot;copyright&quot;:&quot;&quot;,&quot;focal_length&quot;:&quot;0&quot;,&quot;iso&quot;:&quot;0&quot;,&quot;shutter_speed&quot;:&quot;0&quot;,&quot;title&quot;:&quot;&quot;,&quot;orientation&quot;:&quot;0&quot;}\" data-image-title=\"colectivos-1\" data-image-description=\"\" data-image-caption=\"&lt;p&gt;Transporte p\u00fablico de pasajeros&lt;\/p&gt;\n\" data-large-file=\"https:\/\/www.hoymercedes.com.ar\/principal\/wp-content\/uploads\/2018\/10\/colectivos-1-768x1024.jpeg\" class=\"wp-image-83214 size-large\" src=\"https:\/\/www.hoymercedes.com.ar\/principal\/wp-content\/uploads\/2018\/10\/colectivos-1-768x1024.jpeg\" alt=\"\" width=\"768\" height=\"1024\" srcset=\"https:\/\/www.hoymercedes.com.ar\/principal\/wp-content\/uploads\/2018\/10\/colectivos-1-768x1024.jpeg 768w, https:\/\/www.hoymercedes.com.ar\/principal\/wp-content\/uploads\/2018\/10\/colectivos-1-113x150.jpeg 113w, https:\/\/www.hoymercedes.com.ar\/principal\/wp-content\/uploads\/2018\/10\/colectivos-1-465x620.jpeg 465w, https:\/\/www.hoymercedes.com.ar\/principal\/wp-content\/uploads\/2018\/10\/colectivos-1.jpeg 960w\" sizes=\"auto, (max-width: 768px) 100vw, 768px\" \/><figcaption id=\"caption-attachment-83214\" class=\"wp-caption-text\">Transporte p\u00fablico de pasajeros<\/figcaption><\/figure>\n<p>Tras el anuncio el salvataje efectuado por la Municipalidad arranc\u00f3 este lunes el municipalizado servicio de colectivo con una importante cantidad de vecinos utilizando la prestaci\u00f3n. \u201cEstamos convencidos de la medida tomada. Es muy importante para todos los vecinos, para estudiantes, trabajadores y m\u00e1s a\u00fan cuando somos cada uno de los mercedinos los que lo solventamos\u201d, coment\u00f3 el jefe comunal Dr. Juan Ignacio Ustarroz.<\/p>\n<p>Las l\u00edneas 1 y 2 fueron restablecidas, con una frecuencia de una hora y con un recorrido que se conform\u00f3 tras escuchas las experiencias de los choferes y fundamentalmente los usuarios, que tuvieron una activa voz en el proceso de transferencia del privado a la Comuna, coment\u00f3 la sub secretaria de seguridad Clara Zunino<\/p>\n<p>Se sabe que el costo del mismo se cubre en parte con lo proveniente del Estacionamiento Medido, que \u201ces un dinero que no se va m\u00e1s de Mercedes, queda para los vecinos\u201d narraba el intendente Ustarroz a la hora de confirmar d\u00edas atr\u00e1s que tambi\u00e9n se adquir\u00edan los colectivos.<\/p>\n<p>Desde este lunes 29 de octubre, a primera hora, el transporte p\u00fablico urbano de pasajeros es un servicio m\u00e1s que brinda la Municipalidad de Mercedes y que es gratis hasta tanto se terminen todos los tr\u00e1mites en la CNRT para poder utilizar correctamente la tarjeta SUBE.<\/p>\n<p>Los horarios completos y sus recorridos est\u00e1n disponibles en la p\u00e1gina web <a href=\"http:\/\/www.mercedes.gob.ar\" target=\"_blank\" rel=\"noopener\">www.mercedes.gob.ar<\/a> y ante cualquier duda se puede llamar al 147.<\/p>\n<p>Info: Sec. de Seguridad<\/p>\n","protected":false},"excerpt":{"rendered":"<p>Tras el anuncio el salvataje efectuado por la Municipalidad arranc\u00f3 este lunes el municipalizado servicio de colectivo con una importante &#8230; <a title=\"Solventado por la Municipalidad ya funciona el transporte p\u00fablico de pasajeros\" class=\"read-more\" href=\"https:\/\/www.hoymercedes.com.ar\/principal\/2018\/10\/30\/solventado-por-la-municipalidad-ya-funciona-el-transporte-publico-de-pasajeros\/\" aria-label=\"Leer m\u00e1s sobre Solventado por la Municipalidad ya funciona el transporte p\u00fablico de pasajeros\">Leer m\u00e1s<\/a><\/p>\n","protected":false},"author":1,"featured_media":83214,"comment_status":"closed","ping_status":"open","sticky":false,"template":"","format":"standard","meta":{"_monsterinsights_skip_tracking":false,"_monsterinsights_sitenote_active":false,"_monsterinsights_sitenote_note":"","_monsterinsights_sitenote_category":0,"jetpack_post_was_ever_published":false,"_jetpack_newsletter_access":"","_jetpack_dont_email_post_to_subs":false,"_jetpack_newsletter_tier_id":0,"_jetpack_memberships_contains_paywalled_content":false,"_jetpack_memberships_contains_paid_content":false,"footnotes":"","jetpack_publicize_message":"","jetpack_publicize_feature_enabled":true,"jetpack_social_post_already_shared":true,"jetpack_social_options":{"image_generator_settings":{"template":"highway","default_image_id":0,"font":"","enabled":false},"version":2},"_wpas_customize_per_network":false},"categories":[30,8],"tags":[905,13955,13956,424],"class_list":["post-83213","post","type-post","status-publish","format-standard","has-post-thumbnail","hentry","category-municipio","category-sociedad","tag-colectivos-mercedes","tag-municipalizacion-colectivos","tag-salvataje-colectivos","tag-ustarroz","generate-columns","tablet-grid-50","mobile-grid-100","grid-parent","grid-50"],"jetpack_publicize_connections":[],"jetpack_featured_media_url":"https:\/\/www.hoymercedes.com.ar\/principal\/wp-content\/uploads\/2018\/10\/colectivos-1.jpeg","wps_subtitle":"Solventado por la ciudad","jetpack_sharing_enabled":true,"_links":{"self":[{"href":"https:\/\/www.hoymercedes.com.ar\/principal\/wp-json\/wp\/v2\/posts\/83213","targetHints":{"allow":["GET"]}}],"collection":[{"href":"https:\/\/www.hoymercedes.com.ar\/principal\/wp-json\/wp\/v2\/posts"}],"about":[{"href":"https:\/\/www.hoymercedes.com.ar\/principal\/wp-json\/wp\/v2\/types\/post"}],"author":[{"embeddable":true,"href":"https:\/\/www.hoymercedes.com.ar\/principal\/wp-json\/wp\/v2\/users\/1"}],"replies":[{"embeddable":true,"href":"https:\/\/www.hoymercedes.com.ar\/principal\/wp-json\/wp\/v2\/comments?post=83213"}],"version-history":[{"count":0,"href":"https:\/\/www.hoymercedes.com.ar\/principal\/wp-json\/wp\/v2\/posts\/83213\/revisions"}],"wp:featuredmedia":[{"embeddable":true,"href":"https:\/\/www.hoymercedes.com.ar\/principal\/wp-json\/wp\/v2\/media\/83214"}],"wp:attachment":[{"href":"https:\/\/www.hoymercedes.com.ar\/principal\/wp-json\/wp\/v2\/media?parent=83213"}],"wp:term":[{"taxonomy":"category","embeddable":true,"href":"https:\/\/www.hoymercedes.com.ar\/principal\/wp-json\/wp\/v2\/categories?post=83213"},{"taxonomy":"post_tag","embeddable":true,"href":"https:\/\/www.hoymercedes.com.ar\/principal\/wp-json\/wp\/v2\/tags?post=83213"}],"curies":[{"name":"wp","href":"https:\/\/api.w.org\/{rel}","templated":true}]}}