{"id":8322,"date":"2011-10-17T11:25:55","date_gmt":"2011-10-17T11:25:55","guid":{"rendered":"http:\/\/www.hoymercedes.com.ar\/principal\/?p=8322"},"modified":"2011-10-17T11:49:50","modified_gmt":"2011-10-17T11:49:50","slug":"se-habilito-ayer-la-muestra-del-complejo-enrique-udaondo-de-lujan","status":"publish","type":"post","link":"https:\/\/www.hoymercedes.com.ar\/principal\/2011\/10\/17\/se-habilito-ayer-la-muestra-del-complejo-enrique-udaondo-de-lujan\/","title":{"rendered":"Se habilit\u00f3 ayer la muestra del Complejo Enrique Udaondo  de Luj\u00e1n"},"content":{"rendered":"<p><a href=\"https:\/\/www.hoymercedes.com.ar\/principal\/wp-content\/uploads\/2011\/10\/muestra-udaondo-Mercedes-I.jpg\"><img loading=\"lazy\" decoding=\"async\" data-attachment-id=\"8327\" data-permalink=\"https:\/\/www.hoymercedes.com.ar\/principal\/2011\/10\/17\/se-habilito-ayer-la-muestra-del-complejo-enrique-udaondo-de-lujan\/muestra-udaondo-mercedes-i\/#main\" data-orig-file=\"https:\/\/www.hoymercedes.com.ar\/principal\/wp-content\/uploads\/2011\/10\/muestra-udaondo-Mercedes-I.jpg\" data-orig-size=\"612,459\" data-comments-opened=\"1\" data-image-meta=\"{&quot;aperture&quot;:&quot;2.8&quot;,&quot;credit&quot;:&quot;&quot;,&quot;camera&quot;:&quot;COOLPIX L10&quot;,&quot;caption&quot;:&quot;&quot;,&quot;created_timestamp&quot;:&quot;1318433437&quot;,&quot;copyright&quot;:&quot;Copyright 2006&quot;,&quot;focal_length&quot;:&quot;6.2&quot;,&quot;iso&quot;:&quot;400&quot;,&quot;shutter_speed&quot;:&quot;0.016666666666667&quot;,&quot;title&quot;:&quot;&quot;}\" data-image-title=\"muestra-udaondo-Mercedes-I\" data-image-description=\"\" data-image-caption=\"\" data-large-file=\"https:\/\/www.hoymercedes.com.ar\/principal\/wp-content\/uploads\/2011\/10\/muestra-udaondo-Mercedes-I.jpg\" class=\"aligncenter size-full wp-image-8327\" title=\"muestra-udaondo-Mercedes-I\" src=\"https:\/\/www.hoymercedes.com.ar\/principal\/wp-content\/uploads\/2011\/10\/muestra-udaondo-Mercedes-I.jpg\" alt=\"\" width=\"612\" height=\"459\" \/><\/a><\/p>\n<p>La muestra busca recrear los elementos utilizado por nuestros <strong>gauchos y sus familias y las costumbre propias<\/strong> delos habitantes de nuestra zona<\/p>\n<p>Con la presencia del Director de Cultura Fernando Pachiani se inaugur\u00f3 anoche la muestra <strong>De Arrieros y De Fogones<\/strong> que pertenece al reservorio del Complejo Museogr\u00e1fico Enrique Udaondo de la ciudad de Luj\u00e1n.<\/p>\n<p>La Directora del Complejo<strong> Ameghino \u2013Mar\u00edn<\/strong> donde se desarrolla la muestra, <strong>Diana Manos<\/strong>, sostuvo <em>\u201cesta es una muestra muy importante para nosotros por lo cual estamos orgullosos de poder presentarla en nuestra ciudad gracias a un convenio entre el Municipio y el Instituto Cultural de la Provincia de Buenos Aires ya que se trata de piezas que pertenecen al Complejo Udaondo de la ciudad de Luj\u00e1n a quien mucho agradecemos la gentileza de enviarnos las piezas que ustedes pueden observar<\/em><\/p>\n<p><em>De esta manera hemos querido continuar con lo que comenzamos hace dos a\u00f1os atr\u00e1s con la muestra de Per\u00fa, el a\u00f1o pasado la de Catamarca y ahora rescatamos los usos y costumbres de los hombres que est\u00e1n m\u00e1s cerca de nosotros, costumbres que hemos cuidado \u00bfy preservado, me refiero al gaucho, su mujer y su familia\u201d.<\/em><\/p>\n<p>Posteriormente Juan Dagnino explic\u00f3 en que consiste la muestra realizada en plata, madera y cuero. Algo realmente muy atractivo para no dejar de ver y as\u00ed entender parte de nuestras costumbres de Argentinos.<\/p>\n<p><a href=\"https:\/\/www.hoymercedes.com.ar\/principal\/wp-content\/uploads\/2011\/10\/muestra-udaondo-Mercedes-II.jpg\"><img loading=\"lazy\" decoding=\"async\" data-attachment-id=\"8328\" data-permalink=\"https:\/\/www.hoymercedes.com.ar\/principal\/2011\/10\/17\/se-habilito-ayer-la-muestra-del-complejo-enrique-udaondo-de-lujan\/muestra-udaondo-mercedes-ii\/#main\" data-orig-file=\"https:\/\/www.hoymercedes.com.ar\/principal\/wp-content\/uploads\/2011\/10\/muestra-udaondo-Mercedes-II.jpg\" data-orig-size=\"612,459\" data-comments-opened=\"1\" data-image-meta=\"{&quot;aperture&quot;:&quot;2.8&quot;,&quot;credit&quot;:&quot;&quot;,&quot;camera&quot;:&quot;COOLPIX L10&quot;,&quot;caption&quot;:&quot;&quot;,&quot;created_timestamp&quot;:&quot;1318433409&quot;,&quot;copyright&quot;:&quot;Copyright 2006&quot;,&quot;focal_length&quot;:&quot;6.2&quot;,&quot;iso&quot;:&quot;64&quot;,&quot;shutter_speed&quot;:&quot;0.016666666666667&quot;,&quot;title&quot;:&quot;&quot;}\" data-image-title=\"muestra-udaondo-Mercedes-II\" data-image-description=\"\" data-image-caption=\"\" data-large-file=\"https:\/\/www.hoymercedes.com.ar\/principal\/wp-content\/uploads\/2011\/10\/muestra-udaondo-Mercedes-II.jpg\" class=\"aligncenter size-full wp-image-8328\" title=\"muestra-udaondo-Mercedes-II\" src=\"https:\/\/www.hoymercedes.com.ar\/principal\/wp-content\/uploads\/2011\/10\/muestra-udaondo-Mercedes-II.jpg\" alt=\"\" width=\"612\" height=\"459\" srcset=\"https:\/\/www.hoymercedes.com.ar\/principal\/wp-content\/uploads\/2011\/10\/muestra-udaondo-Mercedes-II.jpg 612w, https:\/\/www.hoymercedes.com.ar\/principal\/wp-content\/uploads\/2011\/10\/muestra-udaondo-Mercedes-II-300x225.jpg 300w\" sizes=\"auto, (max-width: 612px) 100vw, 612px\" \/><\/a><\/p>\n","protected":false},"excerpt":{"rendered":"<p>La muestra busca recrear los elementos utilizado por nuestros gauchos y sus familias y las costumbre propias delos habitantes de &#8230; <a title=\"Se habilit\u00f3 ayer la muestra del Complejo Enrique Udaondo  de Luj\u00e1n\" class=\"read-more\" href=\"https:\/\/www.hoymercedes.com.ar\/principal\/2011\/10\/17\/se-habilito-ayer-la-muestra-del-complejo-enrique-udaondo-de-lujan\/\" aria-label=\"Leer m\u00e1s sobre Se habilit\u00f3 ayer la muestra del Complejo Enrique Udaondo  de Luj\u00e1n\">Leer m\u00e1s<\/a><\/p>\n","protected":false},"author":1,"featured_media":0,"comment_status":"open","ping_status":"open","sticky":false,"template":"","format":"standard","meta":{"_monsterinsights_skip_tracking":false,"_monsterinsights_sitenote_active":false,"_monsterinsights_sitenote_note":"","_monsterinsights_sitenote_category":0,"jetpack_post_was_ever_published":false,"_jetpack_newsletter_access":"","_jetpack_dont_email_post_to_subs":false,"_jetpack_newsletter_tier_id":0,"_jetpack_memberships_contains_paywalled_content":false,"_jetpack_memberships_contains_paid_content":false,"footnotes":"","jetpack_publicize_message":"","jetpack_publicize_feature_enabled":true,"jetpack_social_post_already_shared":false,"jetpack_social_options":{"image_generator_settings":{"template":"highway","default_image_id":0,"font":"","enabled":false},"version":2},"_wpas_customize_per_network":false},"categories":[8],"tags":[1478,1479],"class_list":["post-8322","post","type-post","status-publish","format-standard","hentry","category-sociedad","tag-ameghino-marin","tag-de-arrieros-y-de-fogones","generate-columns","tablet-grid-50","mobile-grid-100","grid-parent","grid-50"],"jetpack_publicize_connections":[],"jetpack_featured_media_url":"","wps_subtitle":"","jetpack_sharing_enabled":true,"_links":{"self":[{"href":"https:\/\/www.hoymercedes.com.ar\/principal\/wp-json\/wp\/v2\/posts\/8322","targetHints":{"allow":["GET"]}}],"collection":[{"href":"https:\/\/www.hoymercedes.com.ar\/principal\/wp-json\/wp\/v2\/posts"}],"about":[{"href":"https:\/\/www.hoymercedes.com.ar\/principal\/wp-json\/wp\/v2\/types\/post"}],"author":[{"embeddable":true,"href":"https:\/\/www.hoymercedes.com.ar\/principal\/wp-json\/wp\/v2\/users\/1"}],"replies":[{"embeddable":true,"href":"https:\/\/www.hoymercedes.com.ar\/principal\/wp-json\/wp\/v2\/comments?post=8322"}],"version-history":[{"count":0,"href":"https:\/\/www.hoymercedes.com.ar\/principal\/wp-json\/wp\/v2\/posts\/8322\/revisions"}],"wp:attachment":[{"href":"https:\/\/www.hoymercedes.com.ar\/principal\/wp-json\/wp\/v2\/media?parent=8322"}],"wp:term":[{"taxonomy":"category","embeddable":true,"href":"https:\/\/www.hoymercedes.com.ar\/principal\/wp-json\/wp\/v2\/categories?post=8322"},{"taxonomy":"post_tag","embeddable":true,"href":"https:\/\/www.hoymercedes.com.ar\/principal\/wp-json\/wp\/v2\/tags?post=8322"}],"curies":[{"name":"wp","href":"https:\/\/api.w.org\/{rel}","templated":true}]}}