{"id":83220,"date":"2018-11-01T09:39:50","date_gmt":"2018-11-01T12:39:50","guid":{"rendered":"http:\/\/www.hoymercedes.com.ar\/principal\/?p=83220"},"modified":"2018-10-31T09:56:48","modified_gmt":"2018-10-31T12:56:48","slug":"policia-comunal-logra-recuperar-motos-robadas","status":"publish","type":"post","link":"https:\/\/www.hoymercedes.com.ar\/principal\/2018\/11\/01\/policia-comunal-logra-recuperar-motos-robadas\/","title":{"rendered":"Polic\u00eda Comunal logra recuperar motos robadas"},"content":{"rendered":"<figure id=\"attachment_83221\" aria-describedby=\"caption-attachment-83221\" style=\"width: 620px\" class=\"wp-caption aligncenter\"><img loading=\"lazy\" decoding=\"async\" data-attachment-id=\"83221\" data-permalink=\"https:\/\/www.hoymercedes.com.ar\/principal\/2018\/11\/01\/policia-comunal-logra-recuperar-motos-robadas\/motos-robadas-mercedes\/#main\" data-orig-file=\"https:\/\/www.hoymercedes.com.ar\/principal\/wp-content\/uploads\/2018\/10\/motos-robadas-mercedes.jpeg\" data-orig-size=\"1280,720\" data-comments-opened=\"0\" data-image-meta=\"{&quot;aperture&quot;:&quot;0&quot;,&quot;credit&quot;:&quot;&quot;,&quot;camera&quot;:&quot;&quot;,&quot;caption&quot;:&quot;&quot;,&quot;created_timestamp&quot;:&quot;0&quot;,&quot;copyright&quot;:&quot;&quot;,&quot;focal_length&quot;:&quot;0&quot;,&quot;iso&quot;:&quot;0&quot;,&quot;shutter_speed&quot;:&quot;0&quot;,&quot;title&quot;:&quot;&quot;,&quot;orientation&quot;:&quot;0&quot;}\" data-image-title=\"motos-robadas-mercedes\" data-image-description=\"\" data-image-caption=\"&lt;p&gt;Motos robadas recuperadas&lt;\/p&gt;\n\" data-large-file=\"https:\/\/www.hoymercedes.com.ar\/principal\/wp-content\/uploads\/2018\/10\/motos-robadas-mercedes-1024x576.jpeg\" class=\"size-medium wp-image-83221\" src=\"https:\/\/www.hoymercedes.com.ar\/principal\/wp-content\/uploads\/2018\/10\/motos-robadas-mercedes-630x354.jpeg\" alt=\"\" width=\"630\" height=\"354\" srcset=\"https:\/\/www.hoymercedes.com.ar\/principal\/wp-content\/uploads\/2018\/10\/motos-robadas-mercedes-630x354.jpeg 630w, https:\/\/www.hoymercedes.com.ar\/principal\/wp-content\/uploads\/2018\/10\/motos-robadas-mercedes-150x84.jpeg 150w, https:\/\/www.hoymercedes.com.ar\/principal\/wp-content\/uploads\/2018\/10\/motos-robadas-mercedes-1024x576.jpeg 1024w, https:\/\/www.hoymercedes.com.ar\/principal\/wp-content\/uploads\/2018\/10\/motos-robadas-mercedes.jpeg 1280w\" sizes=\"auto, (max-width: 630px) 100vw, 630px\" \/><figcaption id=\"caption-attachment-83221\" class=\"wp-caption-text\">Motos robadas recuperadas<\/figcaption><\/figure>\n<p>Es uno de los temas que preocupa en toda la provincia y el pa\u00eds. La rapidez con que se puede sustraer una motocicleta desde cualquier espacio. Por eso es tan dif\u00edcil la tarea, sostienen los expertos en seguridad. En este caso, en la \u00faltima semana, gracias a no bajar la guardia en el tema, los dirigidos por el Comisario Macedo lograron recuperar 4 motos robadas en nuestra ciudad.<\/p>\n<p>Tras varias pesquisas y seguir atentos a los pedidos de captura lograron desde el Gabinete Criminol\u00f3gico de Mercedes y el Personal de Calle recuperar 4 motorcicletas sustra\u00eddas a sus leg\u00edtimos propietarios. El hecho es positivo en tanto y en cuanto pone en jaque el mito de la \u201cimpunidad\u201d de este \u201ctipo de delito\u201d. Existe la idea generalizada que no pasa nada, pero en lo que va del a\u00f1o fueron much\u00edsimas las recuperadas, mostrando as\u00ed un alto nivel de eficacia en investigaci\u00f3n y seguimiento de casos.<\/p>\n<p>La secretaria de seguridad, Josefina Kelly, destac\u00f3 que \u201cse trabaja siempre\u201d y mencion\u00f3 que \u201clos casos no caen en cajones de escritorio, siguen vigentes, por eso a veces pasa el tiempo, pero se llega a una resoluci\u00f3n\u201d mencion\u00f3 y destac\u00f3 que \u201chay un alto nivel de resoluci\u00f3n, pr\u00e1cticamente todos los casos resonantes fueron resueltos, realizados por personas for\u00e1neas, todas ya a disposici\u00f3n de la justicia\u201d, sostuvo quien tiene a cargo el \u00e1rea municipal de seguridad.<\/p>\n<p>Por su parte, el Comisario Macedo, reiter\u00f3 su agradecimiento \u201ca todos los miembros de la estaci\u00f3n comunal, al personal de calle, a los jefes, a cada uno que hace su trabajo con responsabilidad y compromiso\u201d destacando tambi\u00e9n \u201ctodo el apoyo que recibimos de la justicia mercedina\u201d, con quienes trabajan d\u00eda a d\u00eda para llevar tranquilidad a la ciudadan\u00eda.<\/p>\n","protected":false},"excerpt":{"rendered":"<p>Es uno de los temas que preocupa en toda la provincia y el pa\u00eds. La rapidez con que se puede &#8230; <a title=\"Polic\u00eda Comunal logra recuperar motos robadas\" class=\"read-more\" href=\"https:\/\/www.hoymercedes.com.ar\/principal\/2018\/11\/01\/policia-comunal-logra-recuperar-motos-robadas\/\" aria-label=\"Leer m\u00e1s sobre Polic\u00eda Comunal logra recuperar motos robadas\">Leer m\u00e1s<\/a><\/p>\n","protected":false},"author":1,"featured_media":83221,"comment_status":"closed","ping_status":"open","sticky":false,"template":"","format":"standard","meta":{"_monsterinsights_skip_tracking":false,"_monsterinsights_sitenote_active":false,"_monsterinsights_sitenote_note":"","_monsterinsights_sitenote_category":0,"jetpack_post_was_ever_published":false,"_jetpack_newsletter_access":"","_jetpack_dont_email_post_to_subs":false,"_jetpack_newsletter_tier_id":0,"_jetpack_memberships_contains_paywalled_content":false,"_jetpack_memberships_contains_paid_content":false,"footnotes":"","jetpack_publicize_message":"","jetpack_publicize_feature_enabled":true,"jetpack_social_post_already_shared":true,"jetpack_social_options":{"image_generator_settings":{"template":"highway","default_image_id":0,"font":"","enabled":false},"version":2},"_wpas_customize_per_network":false},"categories":[85],"tags":[3314,5766,96,10277],"class_list":["post-83220","post","type-post","status-publish","format-standard","has-post-thumbnail","hentry","category-policial","tag-motos-robadas","tag-policia-comunal","tag-policial-2","tag-sergio-macedo","generate-columns","tablet-grid-50","mobile-grid-100","grid-parent","grid-50"],"jetpack_publicize_connections":[],"jetpack_featured_media_url":"https:\/\/www.hoymercedes.com.ar\/principal\/wp-content\/uploads\/2018\/10\/motos-robadas-mercedes.jpeg","wps_subtitle":"En la v\u00eda p\u00fablica","jetpack_sharing_enabled":true,"_links":{"self":[{"href":"https:\/\/www.hoymercedes.com.ar\/principal\/wp-json\/wp\/v2\/posts\/83220","targetHints":{"allow":["GET"]}}],"collection":[{"href":"https:\/\/www.hoymercedes.com.ar\/principal\/wp-json\/wp\/v2\/posts"}],"about":[{"href":"https:\/\/www.hoymercedes.com.ar\/principal\/wp-json\/wp\/v2\/types\/post"}],"author":[{"embeddable":true,"href":"https:\/\/www.hoymercedes.com.ar\/principal\/wp-json\/wp\/v2\/users\/1"}],"replies":[{"embeddable":true,"href":"https:\/\/www.hoymercedes.com.ar\/principal\/wp-json\/wp\/v2\/comments?post=83220"}],"version-history":[{"count":0,"href":"https:\/\/www.hoymercedes.com.ar\/principal\/wp-json\/wp\/v2\/posts\/83220\/revisions"}],"wp:featuredmedia":[{"embeddable":true,"href":"https:\/\/www.hoymercedes.com.ar\/principal\/wp-json\/wp\/v2\/media\/83221"}],"wp:attachment":[{"href":"https:\/\/www.hoymercedes.com.ar\/principal\/wp-json\/wp\/v2\/media?parent=83220"}],"wp:term":[{"taxonomy":"category","embeddable":true,"href":"https:\/\/www.hoymercedes.com.ar\/principal\/wp-json\/wp\/v2\/categories?post=83220"},{"taxonomy":"post_tag","embeddable":true,"href":"https:\/\/www.hoymercedes.com.ar\/principal\/wp-json\/wp\/v2\/tags?post=83220"}],"curies":[{"name":"wp","href":"https:\/\/api.w.org\/{rel}","templated":true}]}}