{"id":83251,"date":"2018-10-31T15:47:21","date_gmt":"2018-10-31T18:47:21","guid":{"rendered":"http:\/\/www.hoymercedes.com.ar\/principal\/?p=83251"},"modified":"2018-10-31T16:06:54","modified_gmt":"2018-10-31T19:06:54","slug":"todo-listo-para-que-se-corran-los-10k-del-cef-40","status":"publish","type":"post","link":"https:\/\/www.hoymercedes.com.ar\/principal\/2018\/10\/31\/todo-listo-para-que-se-corran-los-10k-del-cef-40\/","title":{"rendered":"Todo listo para que se corran los 10K del CEF 40"},"content":{"rendered":"<p class=\"x_MsoNormal\">El Municipio de Mercedes, a trav\u00e9s de la Direcci\u00f3n de Deportes, acompa\u00f1ara al CEF N\u00b040 en la realizaci\u00f3n de la Cuarta edici\u00f3n de la Carrera Solidaria Mercedes. La misma se efectuar\u00e1 el pr\u00f3ximo domingo 4 de noviembre a partir de las 09:00 de la ma\u00f1ana. Se contar\u00e1 con dos pruebas, una de 10K -competitivo- y otra de 5K -recreativo-. La largada ser\u00e1 desde el predio de La Trocha y el costo de la inscripci\u00f3n es de 400 pesos. \u201cSumarnos a esta iniciativa tan importante, donde adem\u00e1s de deporte y salud, existe un gran gesto solidario es muy significativo para nosotros\u201d se\u00f1al\u00f3 el intendente Juan Ignacio Ustarroz.<\/p>\n<p><img loading=\"lazy\" decoding=\"async\" data-attachment-id=\"83252\" data-permalink=\"https:\/\/www.hoymercedes.com.ar\/principal\/2018\/10\/31\/todo-listo-para-que-se-corran-los-10k-del-cef-40\/dsc_0054\/#main\" data-orig-file=\"https:\/\/www.hoymercedes.com.ar\/principal\/wp-content\/uploads\/2018\/10\/DSC_0054.jpg\" data-orig-size=\"1336,656\" data-comments-opened=\"0\" data-image-meta=\"{&quot;aperture&quot;:&quot;0&quot;,&quot;credit&quot;:&quot;&quot;,&quot;camera&quot;:&quot;&quot;,&quot;caption&quot;:&quot;&quot;,&quot;created_timestamp&quot;:&quot;0&quot;,&quot;copyright&quot;:&quot;&quot;,&quot;focal_length&quot;:&quot;0&quot;,&quot;iso&quot;:&quot;0&quot;,&quot;shutter_speed&quot;:&quot;0&quot;,&quot;title&quot;:&quot;&quot;,&quot;orientation&quot;:&quot;0&quot;}\" data-image-title=\"DSC_0054\" data-image-description=\"\" data-image-caption=\"\" data-large-file=\"https:\/\/www.hoymercedes.com.ar\/principal\/wp-content\/uploads\/2018\/10\/DSC_0054-1024x503.jpg\" class=\"aligncenter size-medium wp-image-83252\" src=\"https:\/\/www.hoymercedes.com.ar\/principal\/wp-content\/uploads\/2018\/10\/DSC_0054-630x309.jpg\" alt=\"\" width=\"630\" height=\"309\" srcset=\"https:\/\/www.hoymercedes.com.ar\/principal\/wp-content\/uploads\/2018\/10\/DSC_0054-630x309.jpg 630w, https:\/\/www.hoymercedes.com.ar\/principal\/wp-content\/uploads\/2018\/10\/DSC_0054-150x74.jpg 150w, https:\/\/www.hoymercedes.com.ar\/principal\/wp-content\/uploads\/2018\/10\/DSC_0054-1024x503.jpg 1024w, https:\/\/www.hoymercedes.com.ar\/principal\/wp-content\/uploads\/2018\/10\/DSC_0054.jpg 1336w\" sizes=\"auto, (max-width: 630px) 100vw, 630px\" \/><\/p>\n<p class=\"x_MsoNormal\">En este sentido, el jefe comunal felicit\u00f3 \u201cal CEF y a la Cooperadora por todo el trabajo que viene realizando y siempre han hecho por nuestra ciudad\u201d.<\/p>\n<p class=\"x_MsoNormal\">Adem\u00e1s, valor\u00f3 \u201cque en nuestra ciudad haya tantas instituciones solidarias que piensen y accionen por el bien com\u00fan nos pone muy orgullosos\u201d y expres\u00f3 \u201cojal\u00e1 mucha gente vaya a correr este domingo, donde el ciento por ciento de lo recaudado ir\u00e1 para el Instituto Lowe\u201d.<\/p>\n<p class=\"x_MsoNormal\">De esta forma, el jefe comunal indic\u00f3 \u201csabemos que cuando se llevan a cabo estas carreras se genera alg\u00fan tipo de dificultad a los vecinos, y aunque pedimos disculpas, queremos que entiendan que tienen que ver con objetivos solidarios\u201d.<\/p>\n<p class=\"x_MsoNormal\">Por otro lado, el intendente Ustarroz subray\u00f3 \u201cvemos con mucho orgullo y mucha alegr\u00eda que el CEF se est\u00e1 ampliando, observamos la construcci\u00f3n de un gimnasio a nuevo que muy pronto estar\u00e1 en condiciones de ser utilizado\u201d y a\u00f1adi\u00f3 \u201cesto representa para nosotros avances concretos, porque cuando decimos que a la ciudad la hacemos entre todos, hablamos de este trabajo mancomunado entre Municipio e instituciones, como en este caso, poniendo como eje la solidaridad hacia los ni\u00f1os\u201d.<\/p>\n<p class=\"x_MsoNormal\">La inscripci\u00f3n est\u00e1 abierta hasta el d\u00eda viernes y se aclar\u00f3 que no se lo har\u00e1 el domingo \u201cpara no retrasar la prueba\u201d. La misma se puede llevar adelante v\u00eda mail a\u00a0<a href=\"mailto:cer40_mercedes@hotmail.com\" target=\"_blank\" rel=\"noopener noreferrer\" data-auth=\"NotApplicable\">cer40_mercedes@hotmail.com<\/a>\u00a0o personalmente en calle 30 n\u00famero 1080 de 10 a 18 horas.<\/p>\n<p class=\"x_MsoNormal\">Este a\u00f1o, mientras transcurre la prueba, se contar\u00e1 con espect\u00e1culos musicales que acompa\u00f1aran a todos los vecinos que se acerquen y esperen la finalizaci\u00f3n de la carrera.<\/p>\n<p class=\"x_MsoNormal\">Asimismo, para los ni\u00f1os se organiz\u00f3 la Carrera Kid que contar\u00e1 con la presencia del personaje Bugs Bunny que correr\u00e1 junto a los m\u00e1s chiquitos. \u201cPara que ese d\u00eda ellos tambi\u00e9n sean protagonistas\u201d se\u00f1alaron desde la organizaci\u00f3n. Esta propuesta es libre y gratuita.<\/p>\n<p class=\"x_MsoNormal\">Marisa Vignau, perteneciente al C.E.F 40 y parte de la organizaci\u00f3n inform\u00f3 \u201cpara los corredores de los 10K el recorrido ser\u00e1; desde al and\u00e9n hasta la calle 15, de all\u00ed hasta Av. 40, siguiendo a calle 117. Se retoma hacia Av. 17 y se dirigen hasta Av.16. Desde ah\u00ed a Av. 29 hasta la Pulper\u00eda de Cacho Di Catarina. Regresando por avenida H\u00e9roes de Malvinas (ex Rep\u00fablica de Chile).<\/p>\n<p class=\"x_MsoNormal\">Y para los de 5K, salen tambi\u00e9n desde al and\u00e9n hasta la calle 15, de all\u00ed hasta Av. 40. De ah\u00ed hasta Av. 17. Por la misma desemboca en avenida 30 hasta calle 29. Por esa calle hasta la Pulper\u00eda de Cacho Di Catarina. Regresando por avenida H\u00e9roes de Malvinas (ex Rep\u00fablica de Chile) pasando tambi\u00e9n por el Hogar Lowe, cont\u00f3 Lorena Leiva.<\/p>\n<p class=\"x_MsoNormal\">\u201cEn ambas competencias culminaran las competencias entrando por calle 42 hasta la Trocha\u201d.<\/p>\n","protected":false},"excerpt":{"rendered":"<p>El Municipio de Mercedes, a trav\u00e9s de la Direcci\u00f3n de Deportes, acompa\u00f1ara al CEF N\u00b040 en la realizaci\u00f3n de la &#8230; <a title=\"Todo listo para que se corran los 10K del CEF 40\" class=\"read-more\" href=\"https:\/\/www.hoymercedes.com.ar\/principal\/2018\/10\/31\/todo-listo-para-que-se-corran-los-10k-del-cef-40\/\" aria-label=\"Leer m\u00e1s sobre Todo listo para que se corran los 10K del CEF 40\">Leer m\u00e1s<\/a><\/p>\n","protected":false},"author":1,"featured_media":83252,"comment_status":"closed","ping_status":"open","sticky":false,"template":"","format":"standard","meta":{"_monsterinsights_skip_tracking":false,"_monsterinsights_sitenote_active":false,"_monsterinsights_sitenote_note":"","_monsterinsights_sitenote_category":0,"jetpack_post_was_ever_published":false,"_jetpack_newsletter_access":"","_jetpack_dont_email_post_to_subs":false,"_jetpack_newsletter_tier_id":0,"_jetpack_memberships_contains_paywalled_content":false,"_jetpack_memberships_contains_paid_content":false,"footnotes":"","jetpack_publicize_message":"","jetpack_publicize_feature_enabled":true,"jetpack_social_post_already_shared":true,"jetpack_social_options":{"image_generator_settings":{"template":"highway","default_image_id":0,"font":"","enabled":false},"version":2},"_wpas_customize_per_network":false},"categories":[21],"tags":[10987,803,11181,204],"class_list":["post-83251","post","type-post","status-publish","format-standard","has-post-thumbnail","hentry","category-deportes","tag-10k","tag-atletismo","tag-cef-n-40","tag-deportes-2","generate-columns","tablet-grid-50","mobile-grid-100","grid-parent","grid-50"],"jetpack_publicize_connections":[],"jetpack_featured_media_url":"https:\/\/www.hoymercedes.com.ar\/principal\/wp-content\/uploads\/2018\/10\/DSC_0054.jpg","wps_subtitle":"Atletismo","jetpack_sharing_enabled":true,"_links":{"self":[{"href":"https:\/\/www.hoymercedes.com.ar\/principal\/wp-json\/wp\/v2\/posts\/83251","targetHints":{"allow":["GET"]}}],"collection":[{"href":"https:\/\/www.hoymercedes.com.ar\/principal\/wp-json\/wp\/v2\/posts"}],"about":[{"href":"https:\/\/www.hoymercedes.com.ar\/principal\/wp-json\/wp\/v2\/types\/post"}],"author":[{"embeddable":true,"href":"https:\/\/www.hoymercedes.com.ar\/principal\/wp-json\/wp\/v2\/users\/1"}],"replies":[{"embeddable":true,"href":"https:\/\/www.hoymercedes.com.ar\/principal\/wp-json\/wp\/v2\/comments?post=83251"}],"version-history":[{"count":0,"href":"https:\/\/www.hoymercedes.com.ar\/principal\/wp-json\/wp\/v2\/posts\/83251\/revisions"}],"wp:featuredmedia":[{"embeddable":true,"href":"https:\/\/www.hoymercedes.com.ar\/principal\/wp-json\/wp\/v2\/media\/83252"}],"wp:attachment":[{"href":"https:\/\/www.hoymercedes.com.ar\/principal\/wp-json\/wp\/v2\/media?parent=83251"}],"wp:term":[{"taxonomy":"category","embeddable":true,"href":"https:\/\/www.hoymercedes.com.ar\/principal\/wp-json\/wp\/v2\/categories?post=83251"},{"taxonomy":"post_tag","embeddable":true,"href":"https:\/\/www.hoymercedes.com.ar\/principal\/wp-json\/wp\/v2\/tags?post=83251"}],"curies":[{"name":"wp","href":"https:\/\/api.w.org\/{rel}","templated":true}]}}