{"id":83254,"date":"2018-10-31T18:50:29","date_gmt":"2018-10-31T21:50:29","guid":{"rendered":"http:\/\/www.hoymercedes.com.ar\/principal\/?p=83254"},"modified":"2018-10-31T18:01:23","modified_gmt":"2018-10-31T21:01:23","slug":"continuan-avanzando-las-obras-en-el-cef-40","status":"publish","type":"post","link":"https:\/\/www.hoymercedes.com.ar\/principal\/2018\/10\/31\/continuan-avanzando-las-obras-en-el-cef-40\/","title":{"rendered":"Contin\u00faan avanzando las obras en el CEF 40"},"content":{"rendered":"<p class=\"x_MsoNormal\">El intendente de nuestra ciudad, el Dr. Juan Ignacio Ustarroz, junto a directivos del CEF 40 recorrieron las obras que se est\u00e1n llevando a cabo en el polideportivo de nuestra ciudad. Esta obra que demandar\u00e1 5 millones de pesos -de recursos propios- permitir\u00e1 finalizar el segundo gimnasio del m\u00edtico centro de educaci\u00f3n f\u00edsica. \u201cEstamos muy contentos con el avance de esta obra, y no s\u00f3lo eso, sino que vamos a hacer m\u00e1s de lo que ten\u00edamos pensando hacer en su momento\u201d remarc\u00f3 el jefe comunal Ustarroz.<\/p>\n<p><img loading=\"lazy\" decoding=\"async\" data-attachment-id=\"83255\" data-permalink=\"https:\/\/www.hoymercedes.com.ar\/principal\/2018\/10\/31\/continuan-avanzando-las-obras-en-el-cef-40\/cef3\/#main\" data-orig-file=\"https:\/\/www.hoymercedes.com.ar\/principal\/wp-content\/uploads\/2018\/10\/cef3.jpg\" data-orig-size=\"911,608\" data-comments-opened=\"0\" data-image-meta=\"{&quot;aperture&quot;:&quot;0&quot;,&quot;credit&quot;:&quot;&quot;,&quot;camera&quot;:&quot;&quot;,&quot;caption&quot;:&quot;&quot;,&quot;created_timestamp&quot;:&quot;0&quot;,&quot;copyright&quot;:&quot;&quot;,&quot;focal_length&quot;:&quot;0&quot;,&quot;iso&quot;:&quot;0&quot;,&quot;shutter_speed&quot;:&quot;0&quot;,&quot;title&quot;:&quot;&quot;,&quot;orientation&quot;:&quot;0&quot;}\" data-image-title=\"cef3\" data-image-description=\"\" data-image-caption=\"\" data-large-file=\"https:\/\/www.hoymercedes.com.ar\/principal\/wp-content\/uploads\/2018\/10\/cef3.jpg\" class=\"aligncenter size-medium wp-image-83255\" src=\"https:\/\/www.hoymercedes.com.ar\/principal\/wp-content\/uploads\/2018\/10\/cef3-630x420.jpg\" alt=\"\" width=\"630\" height=\"420\" srcset=\"https:\/\/www.hoymercedes.com.ar\/principal\/wp-content\/uploads\/2018\/10\/cef3-630x420.jpg 630w, https:\/\/www.hoymercedes.com.ar\/principal\/wp-content\/uploads\/2018\/10\/cef3-150x100.jpg 150w, https:\/\/www.hoymercedes.com.ar\/principal\/wp-content\/uploads\/2018\/10\/cef3.jpg 911w\" sizes=\"auto, (max-width: 630px) 100vw, 630px\" \/><\/p>\n<p class=\"x_MsoNormal\"><b>Fondos propios<\/b><\/p>\n<p class=\"x_MsoNormal\">Asimismo, el Dr. Ustarroz indic\u00f3 \u201cesta es una obra muy importante para toda la ciudad de Mercedes, estamos hablando de una inversi\u00f3n de m\u00e1s de 5 millones de pesos, es el cerramiento de este gimnasio deportivo que va a ser el segundo que va a tener el polideportivo\u201d.<\/p>\n<p class=\"x_MsoNormal\">Esta construcci\u00f3n se enmarca dentro de un plan integral de obras que se est\u00e1 ejecutando por toda la ciudad. El cual sostiene m\u00e1s de 20 obras en simult\u00e1neo y que se erigen con fondos municipales.<\/p>\n<p class=\"x_MsoNormal\">Adem\u00e1s, se\u00f1al\u00f3 \u201ceste lugar tiene una actividad deportiva realmente muy importante, al cual siempre apuntamos como uno de los corazones del deporte de nuestra ciudad, donde existe una gran cantidad de trabajadores y asisten muchos chicos\u201d y agreg\u00f3 \u201choy vemos tambi\u00e9n a los adultos mayores utilizando las instalaciones\u201d.<\/p>\n<p><img loading=\"lazy\" decoding=\"async\" data-attachment-id=\"83256\" data-permalink=\"https:\/\/www.hoymercedes.com.ar\/principal\/2018\/10\/31\/continuan-avanzando-las-obras-en-el-cef-40\/cef1\/#main\" data-orig-file=\"https:\/\/www.hoymercedes.com.ar\/principal\/wp-content\/uploads\/2018\/10\/cef1.jpg\" data-orig-size=\"985,657\" data-comments-opened=\"0\" data-image-meta=\"{&quot;aperture&quot;:&quot;0&quot;,&quot;credit&quot;:&quot;&quot;,&quot;camera&quot;:&quot;&quot;,&quot;caption&quot;:&quot;&quot;,&quot;created_timestamp&quot;:&quot;0&quot;,&quot;copyright&quot;:&quot;&quot;,&quot;focal_length&quot;:&quot;0&quot;,&quot;iso&quot;:&quot;0&quot;,&quot;shutter_speed&quot;:&quot;0&quot;,&quot;title&quot;:&quot;&quot;,&quot;orientation&quot;:&quot;0&quot;}\" data-image-title=\"cef1\" data-image-description=\"\" data-image-caption=\"\" data-large-file=\"https:\/\/www.hoymercedes.com.ar\/principal\/wp-content\/uploads\/2018\/10\/cef1.jpg\" class=\"aligncenter size-medium wp-image-83256\" src=\"https:\/\/www.hoymercedes.com.ar\/principal\/wp-content\/uploads\/2018\/10\/cef1-630x420.jpg\" alt=\"\" width=\"630\" height=\"420\" srcset=\"https:\/\/www.hoymercedes.com.ar\/principal\/wp-content\/uploads\/2018\/10\/cef1-630x420.jpg 630w, https:\/\/www.hoymercedes.com.ar\/principal\/wp-content\/uploads\/2018\/10\/cef1-150x100.jpg 150w, https:\/\/www.hoymercedes.com.ar\/principal\/wp-content\/uploads\/2018\/10\/cef1.jpg 985w\" sizes=\"auto, (max-width: 630px) 100vw, 630px\" \/><\/p>\n<p class=\"x_MsoNormal\"><b>Progreso<\/b><\/p>\n<p class=\"x_MsoNormal\">En ese sentido, el jefe comunal expres\u00f3 \u201ceste es un progreso claro para la ciudad, lo cual nos reconforta a todos, ya que es una instituci\u00f3n muy cara a los sentimientos del pueblo de Mercedes y que sostiene uno de los ejes m\u00e1s importantes para nosotros que es el deporte\u201d y a\u00f1adi\u00f3 \u201cdonde m\u00e1s personas practiquen deportes, se encuentren y se reconozcan como parte de nuestra ciudad es muy valorable\u201d.<\/p>\n<p class=\"x_MsoNormal\">Por otro lado, el intendente sostuvo \u201cver que en un contexto tan dif\u00edcil que la ciudad avanza y progresa con trabajo, seriedad y compromiso nos pone muy contentos\u201d.<\/p>\n<p class=\"x_MsoNormal\"><b>Trabajo local<\/b><\/p>\n<p class=\"x_MsoNormal\">Es importante destacar que la obra est\u00e1 siendo llevada a cabo por una empresa mercedina, lo que no s\u00f3lo genera un progreso a nivel estructural, sino que tambi\u00e9n, produce trabajo para vecinos de la ciudad.<\/p>\n<p><img loading=\"lazy\" decoding=\"async\" data-attachment-id=\"83257\" data-permalink=\"https:\/\/www.hoymercedes.com.ar\/principal\/2018\/10\/31\/continuan-avanzando-las-obras-en-el-cef-40\/cef4\/#main\" data-orig-file=\"https:\/\/www.hoymercedes.com.ar\/principal\/wp-content\/uploads\/2018\/10\/cef4.jpg\" data-orig-size=\"911,608\" data-comments-opened=\"0\" data-image-meta=\"{&quot;aperture&quot;:&quot;0&quot;,&quot;credit&quot;:&quot;&quot;,&quot;camera&quot;:&quot;&quot;,&quot;caption&quot;:&quot;&quot;,&quot;created_timestamp&quot;:&quot;0&quot;,&quot;copyright&quot;:&quot;&quot;,&quot;focal_length&quot;:&quot;0&quot;,&quot;iso&quot;:&quot;0&quot;,&quot;shutter_speed&quot;:&quot;0&quot;,&quot;title&quot;:&quot;&quot;,&quot;orientation&quot;:&quot;0&quot;}\" data-image-title=\"cef4\" data-image-description=\"\" data-image-caption=\"\" data-large-file=\"https:\/\/www.hoymercedes.com.ar\/principal\/wp-content\/uploads\/2018\/10\/cef4.jpg\" class=\"aligncenter size-medium wp-image-83257\" src=\"https:\/\/www.hoymercedes.com.ar\/principal\/wp-content\/uploads\/2018\/10\/cef4-630x420.jpg\" alt=\"\" width=\"630\" height=\"420\" srcset=\"https:\/\/www.hoymercedes.com.ar\/principal\/wp-content\/uploads\/2018\/10\/cef4-630x420.jpg 630w, https:\/\/www.hoymercedes.com.ar\/principal\/wp-content\/uploads\/2018\/10\/cef4-150x100.jpg 150w, https:\/\/www.hoymercedes.com.ar\/principal\/wp-content\/uploads\/2018\/10\/cef4.jpg 911w\" sizes=\"auto, (max-width: 630px) 100vw, 630px\" \/><\/p>\n<p class=\"x_MsoNormal\"><b>CEF<\/b><\/p>\n<p class=\"x_MsoNormal\">Por su parte, la profesora Lorena Leiva, quien dirige el CEF 40 dijo \u201cesta es una gran ayuda para nuestra funcionalidad y tarea diaria. Hoy en d\u00eda tenemos grupos que est\u00e1n yendo al ex Instituto Mart\u00edn Rodr\u00edguez a trabajar por falta de espacio. Por esa raz\u00f3n, cuando tengamos este gimnasio podremos desarrollar las actividades directamente aqu\u00ed, algo realmente b\u00e1rbaro\u201d.<\/p>\n<p class=\"x_MsoNormal\">Y remarc\u00f3 \u201cnuestro desaf\u00edo como Equipo Directivo del Centro de Educaci\u00f3n F\u00edsica es poder llegar a todos los barrios y entendemos que esta obra nos permite ampliar nuestras propuestas, por eso, agradecemos el apoyo del intendente Ustarroz y el municipio porque siempre nos acompa\u00f1an incondicionalmente. No tenemos m\u00e1s que palabras de agradecimiento\u201d.<\/p>\n","protected":false},"excerpt":{"rendered":"<p>El intendente de nuestra ciudad, el Dr. Juan Ignacio Ustarroz, junto a directivos del CEF 40 recorrieron las obras que &#8230; <a title=\"Contin\u00faan avanzando las obras en el CEF 40\" class=\"read-more\" href=\"https:\/\/www.hoymercedes.com.ar\/principal\/2018\/10\/31\/continuan-avanzando-las-obras-en-el-cef-40\/\" aria-label=\"Leer m\u00e1s sobre Contin\u00faan avanzando las obras en el CEF 40\">Leer m\u00e1s<\/a><\/p>\n","protected":false},"author":1,"featured_media":83257,"comment_status":"closed","ping_status":"open","sticky":false,"template":"","format":"standard","meta":{"_monsterinsights_skip_tracking":false,"_monsterinsights_sitenote_active":false,"_monsterinsights_sitenote_note":"","_monsterinsights_sitenote_category":0,"jetpack_post_was_ever_published":false,"_jetpack_newsletter_access":"","_jetpack_dont_email_post_to_subs":false,"_jetpack_newsletter_tier_id":0,"_jetpack_memberships_contains_paywalled_content":false,"_jetpack_memberships_contains_paid_content":false,"footnotes":"","jetpack_publicize_message":"","jetpack_publicize_feature_enabled":true,"jetpack_social_post_already_shared":true,"jetpack_social_options":{"image_generator_settings":{"template":"highway","default_image_id":0,"font":"","enabled":false},"version":2},"_wpas_customize_per_network":false},"categories":[21],"tags":[11181,204,244,5947],"class_list":["post-83254","post","type-post","status-publish","format-standard","has-post-thumbnail","hentry","category-deportes","tag-cef-n-40","tag-deportes-2","tag-municipio-2","tag-obras-publicas","generate-columns","tablet-grid-50","mobile-grid-100","grid-parent","grid-50"],"jetpack_publicize_connections":[],"jetpack_featured_media_url":"https:\/\/www.hoymercedes.com.ar\/principal\/wp-content\/uploads\/2018\/10\/cef4.jpg","wps_subtitle":"Obras p\u00fablicas","jetpack_sharing_enabled":true,"_links":{"self":[{"href":"https:\/\/www.hoymercedes.com.ar\/principal\/wp-json\/wp\/v2\/posts\/83254","targetHints":{"allow":["GET"]}}],"collection":[{"href":"https:\/\/www.hoymercedes.com.ar\/principal\/wp-json\/wp\/v2\/posts"}],"about":[{"href":"https:\/\/www.hoymercedes.com.ar\/principal\/wp-json\/wp\/v2\/types\/post"}],"author":[{"embeddable":true,"href":"https:\/\/www.hoymercedes.com.ar\/principal\/wp-json\/wp\/v2\/users\/1"}],"replies":[{"embeddable":true,"href":"https:\/\/www.hoymercedes.com.ar\/principal\/wp-json\/wp\/v2\/comments?post=83254"}],"version-history":[{"count":0,"href":"https:\/\/www.hoymercedes.com.ar\/principal\/wp-json\/wp\/v2\/posts\/83254\/revisions"}],"wp:featuredmedia":[{"embeddable":true,"href":"https:\/\/www.hoymercedes.com.ar\/principal\/wp-json\/wp\/v2\/media\/83257"}],"wp:attachment":[{"href":"https:\/\/www.hoymercedes.com.ar\/principal\/wp-json\/wp\/v2\/media?parent=83254"}],"wp:term":[{"taxonomy":"category","embeddable":true,"href":"https:\/\/www.hoymercedes.com.ar\/principal\/wp-json\/wp\/v2\/categories?post=83254"},{"taxonomy":"post_tag","embeddable":true,"href":"https:\/\/www.hoymercedes.com.ar\/principal\/wp-json\/wp\/v2\/tags?post=83254"}],"curies":[{"name":"wp","href":"https:\/\/api.w.org\/{rel}","templated":true}]}}