{"id":833,"date":"2010-12-04T18:14:31","date_gmt":"2010-12-04T18:14:31","guid":{"rendered":"http:\/\/www.hoymercedes.com.ar\/principal\/?p=833"},"modified":"2010-12-04T18:14:31","modified_gmt":"2010-12-04T18:14:31","slug":"ucr-se-presento-el-dr-pablo-yannibelli","status":"publish","type":"post","link":"https:\/\/www.hoymercedes.com.ar\/principal\/2010\/12\/04\/ucr-se-presento-el-dr-pablo-yannibelli\/","title":{"rendered":"UCR: se present\u00f3 el Dr. Pablo Yannibelli"},"content":{"rendered":"<figure id=\"attachment_835\" aria-describedby=\"caption-attachment-835\" style=\"width: 290px\" class=\"wp-caption alignleft\"><a href=\"https:\/\/www.hoymercedes.com.ar\/principal\/wp-content\/uploads\/2010\/12\/yanibelli.jpg\"><img loading=\"lazy\" decoding=\"async\" data-attachment-id=\"835\" data-permalink=\"https:\/\/www.hoymercedes.com.ar\/principal\/2010\/12\/04\/ucr-se-presento-el-dr-pablo-yannibelli\/yanibelli\/#main\" data-orig-file=\"https:\/\/www.hoymercedes.com.ar\/principal\/wp-content\/uploads\/2010\/12\/yanibelli.jpg\" data-orig-size=\"300,225\" data-comments-opened=\"1\" data-image-meta=\"{&quot;aperture&quot;:&quot;3.4&quot;,&quot;credit&quot;:&quot;&quot;,&quot;camera&quot;:&quot;COOLPIX L10&quot;,&quot;caption&quot;:&quot;&quot;,&quot;created_timestamp&quot;:&quot;1291129784&quot;,&quot;copyright&quot;:&quot;Copyright 2006&quot;,&quot;focal_length&quot;:&quot;9&quot;,&quot;iso&quot;:&quot;100&quot;,&quot;shutter_speed&quot;:&quot;0.016666666666667&quot;,&quot;title&quot;:&quot;&quot;}\" data-image-title=\"yanibelli\" data-image-description=\"\" data-image-caption=\"\" data-large-file=\"https:\/\/www.hoymercedes.com.ar\/principal\/wp-content\/uploads\/2010\/12\/yanibelli.jpg\" class=\"size-full wp-image-835\" title=\"yanibelli\" src=\"https:\/\/www.hoymercedes.com.ar\/principal\/wp-content\/uploads\/2010\/12\/yanibelli.jpg\" alt=\"\" width=\"300\" height=\"225\" \/><\/a><figcaption id=\"caption-attachment-835\" class=\"wp-caption-text\">Charla en el comit\u00e9 radical<\/figcaption><\/figure>\n<p style=\"text-align: justify;\">En el marco de las charlas debates organizadas por la actual conducci\u00f3n del Comit\u00e9 de Distrito de la UCR, se present\u00f3 en la sede partidaria el Dr, Pablo Yannibelli qui\u00e9n concret\u00f3 una charla debate acerca del rol de los municipios y el general el municipalismo.<\/p>\n<p style=\"text-align: justify;\">El disertante tras haber sido presentado por la titular del comit\u00e9 radical de nuestra ciudad, Soledad Garrido, sostuvo entre otros conceptos \u201ces para mi\u00a0 muy grato estar en una ciudad que es muy parecida a la m\u00eda, soy de Az\u00fal agradeciendo esta invitaci\u00f3n con la idea de aportar desde el lugar que nos toca toda la informaci\u00f3n y el desarrollo profesional posible para poder nutrir un debate pol\u00edtica de herramientas para la funci\u00f3n publica\u00a0 y la profesi\u00f3n bien entendida de la pol\u00edtica, lo que en definitiva y haciendo las cosas m\u00e1s f\u00e1ciles, buscar las alternativas para darles a los vecinos la posibilidad de cambiar la realidad.<\/p>\n<p style=\"text-align: justify;\">Tambi\u00e9n es muy importante tener la posibilidad de conocer gente, de compartir ideas y criterios, poder acercar experiencias y otros elementos v\u00e1lidos para toda la comunidad.<\/p>\n<p style=\"text-align: justify;\">La generaci\u00f3n a la que pertenezco es que la naci\u00f3 en democracia y personalmente me parece que aun nos hace falta mucho en materia de desarrollo institucional y eso no es responsabilidad de nadie sino del conjunto\u201d.<\/p>\n<p style=\"text-align: justify;\">M\u00e1s adelante Yannibelli manifest\u00f3 \u201cme parece que hay un discurso muy marcado sobre lo que es el Desarrollo Local\u00a0 que\u00a0 queda en el libreto, es como hablar de la gobernabilidad o de la institucionalidad porque en el libreto es una cosa pero en la realidad es otra totalmente diferente.<\/p>\n<p style=\"text-align: justify;\">Suele pasar que por ejemplo Distritos como Mercedes que se encuentra cerca de Suipacha, navarro, Giles, etc no pueda terminar de integrar pol\u00edticas regionales por la misma coyuntura existente en las pujas que se dan de manera individual, es decir a los bonaerenses nos est\u00e1 faltando comenzar a pensar en serio de manera regional y si bien todo lo que es municipal ha cobrado mucha fuerza aun se esta muy lejos de poder cubrir y desarrollar las realidades que viven y a eso seguramente ustedes en esta ciudad lo est\u00e1n notando, entonces lo que uno debe comenzar a pensar y traducir en realidades de acci\u00f3n pol\u00edtica es como pensando en la\u00a0 gesti\u00f3n publica con\u00a0 una mirada regional podemos avanzar en medidas concretas para tener mayores posibilidades en temas esenciales como la salud, los problemas de tr\u00e1nsito y toda la problem\u00e1tica que el mismo trae aparejado, los temas de violencia en los que lamentablemente tambi\u00e9n Mercedes se vio reflejado en los medios nacionales hace tiempo atr\u00e1s que tranquilamente se pueden abordar desde otros puntos de vistas, m\u00e1s alla que la falta de autonom\u00eda de los municipios de la provincia de Buenos Aires hace todo mucho m\u00e1s complejo y por eso el lugar de llorar como en el tango lo que debemos hacer es comenzar a cambiar la cuesti\u00f3n cultural en t\u00e9rminos institucionales.<\/p>\n<p style=\"text-align: justify;\">La vision que puedo plantear es que Mercedes se encuentra en una secci\u00f3n electoral muy dificil, con problem\u00e1tias locales muy diferentes y esa es la disputa que nos tenemos que dar los distrito de mediana y chica importancia porque realmente es muy dif\u00edcil poder competir y realmente ni que hablar del caso de Mercedes que tiene un \u00e9xodo diario en t\u00e9rmino de desarrollo con gente que todos los d\u00edas se va a trabajar a Capital Federal, entonces lo que realmente nos esta haciendo falta es debatir en serio el verdadero rol del municipalismo\u201d.<\/p>\n","protected":false},"excerpt":{"rendered":"<p>En el marco de las charlas debates organizadas por la actual conducci\u00f3n del Comit\u00e9 de Distrito de la UCR, se &#8230; <a title=\"UCR: se present\u00f3 el Dr. Pablo Yannibelli\" class=\"read-more\" href=\"https:\/\/www.hoymercedes.com.ar\/principal\/2010\/12\/04\/ucr-se-presento-el-dr-pablo-yannibelli\/\" aria-label=\"Leer m\u00e1s sobre UCR: se present\u00f3 el Dr. Pablo Yannibelli\">Leer m\u00e1s<\/a><\/p>\n","protected":false},"author":1,"featured_media":0,"comment_status":"open","ping_status":"open","sticky":false,"template":"","format":"standard","meta":{"_monsterinsights_skip_tracking":false,"_monsterinsights_sitenote_active":false,"_monsterinsights_sitenote_note":"","_monsterinsights_sitenote_category":0,"jetpack_post_was_ever_published":false,"_jetpack_newsletter_access":"","_jetpack_dont_email_post_to_subs":false,"_jetpack_newsletter_tier_id":0,"_jetpack_memberships_contains_paywalled_content":false,"_jetpack_memberships_contains_paid_content":false,"footnotes":"","jetpack_publicize_message":"","jetpack_publicize_feature_enabled":true,"jetpack_social_post_already_shared":false,"jetpack_social_options":{"image_generator_settings":{"template":"highway","default_image_id":0,"font":"","enabled":false},"version":2},"_wpas_customize_per_network":false},"categories":[5],"tags":[217,216],"class_list":["post-833","post","type-post","status-publish","format-standard","hentry","category-politica","tag-ucr-mercedes","tag-yanibelli","generate-columns","tablet-grid-50","mobile-grid-100","grid-parent","grid-50"],"jetpack_publicize_connections":[],"jetpack_featured_media_url":"","wps_subtitle":"","jetpack_sharing_enabled":true,"_links":{"self":[{"href":"https:\/\/www.hoymercedes.com.ar\/principal\/wp-json\/wp\/v2\/posts\/833","targetHints":{"allow":["GET"]}}],"collection":[{"href":"https:\/\/www.hoymercedes.com.ar\/principal\/wp-json\/wp\/v2\/posts"}],"about":[{"href":"https:\/\/www.hoymercedes.com.ar\/principal\/wp-json\/wp\/v2\/types\/post"}],"author":[{"embeddable":true,"href":"https:\/\/www.hoymercedes.com.ar\/principal\/wp-json\/wp\/v2\/users\/1"}],"replies":[{"embeddable":true,"href":"https:\/\/www.hoymercedes.com.ar\/principal\/wp-json\/wp\/v2\/comments?post=833"}],"version-history":[{"count":0,"href":"https:\/\/www.hoymercedes.com.ar\/principal\/wp-json\/wp\/v2\/posts\/833\/revisions"}],"wp:attachment":[{"href":"https:\/\/www.hoymercedes.com.ar\/principal\/wp-json\/wp\/v2\/media?parent=833"}],"wp:term":[{"taxonomy":"category","embeddable":true,"href":"https:\/\/www.hoymercedes.com.ar\/principal\/wp-json\/wp\/v2\/categories?post=833"},{"taxonomy":"post_tag","embeddable":true,"href":"https:\/\/www.hoymercedes.com.ar\/principal\/wp-json\/wp\/v2\/tags?post=833"}],"curies":[{"name":"wp","href":"https:\/\/api.w.org\/{rel}","templated":true}]}}