{"id":83302,"date":"2018-10-31T14:20:33","date_gmt":"2018-10-31T17:20:33","guid":{"rendered":"http:\/\/www.hoymercedes.com.ar\/principal\/?p=83302"},"modified":"2018-10-31T16:29:40","modified_gmt":"2018-10-31T19:29:40","slug":"seminario-de-pintura-al-aire-libre-en-espora","status":"publish","type":"post","link":"https:\/\/www.hoymercedes.com.ar\/principal\/2018\/10\/31\/seminario-de-pintura-al-aire-libre-en-espora\/","title":{"rendered":"Seminario de pintura al aire libre en Espora"},"content":{"rendered":"<p>un nueva propuesta est\u00e1n organizando algunos artistas coordinados por Pablo Russo. \u00abUna nueva experiencia que fusiona nuestro entorno, el paisaje y el arte\u00bb, explica el artista pl\u00e1stico. Esta experiencia es un Seminario de Pintura al Aire Libre. Una jornada de pintura, artes pl\u00e1sticas, naturaleza, y el paisaje campestre de la localidad de Espora en San Andr\u00e9s de Giles. Arrancando la jornada a la hora 10, se extender\u00e1 hasta la tarde con la inclusi\u00f3n de almuerzo y merienda en el almac\u00e9n de la localidad rural.<\/p>\n<p><img loading=\"lazy\" decoding=\"async\" data-attachment-id=\"83303\" data-permalink=\"https:\/\/www.hoymercedes.com.ar\/principal\/2018\/10\/31\/seminario-de-pintura-al-aire-libre-en-espora\/31-pintura-espora\/#main\" data-orig-file=\"https:\/\/www.hoymercedes.com.ar\/principal\/wp-content\/uploads\/2018\/10\/31-pintura-espora.jpg\" data-orig-size=\"715,715\" data-comments-opened=\"0\" data-image-meta=\"{&quot;aperture&quot;:&quot;0&quot;,&quot;credit&quot;:&quot;&quot;,&quot;camera&quot;:&quot;&quot;,&quot;caption&quot;:&quot;&quot;,&quot;created_timestamp&quot;:&quot;0&quot;,&quot;copyright&quot;:&quot;&quot;,&quot;focal_length&quot;:&quot;0&quot;,&quot;iso&quot;:&quot;0&quot;,&quot;shutter_speed&quot;:&quot;0&quot;,&quot;title&quot;:&quot;&quot;,&quot;orientation&quot;:&quot;0&quot;}\" data-image-title=\"31 pintura espora\" data-image-description=\"\" data-image-caption=\"\" data-large-file=\"https:\/\/www.hoymercedes.com.ar\/principal\/wp-content\/uploads\/2018\/10\/31-pintura-espora.jpg\" class=\"aligncenter size-medium wp-image-83303\" src=\"https:\/\/www.hoymercedes.com.ar\/principal\/wp-content\/uploads\/2018\/10\/31-pintura-espora-620x620.jpg\" alt=\"\" width=\"620\" height=\"620\" srcset=\"https:\/\/www.hoymercedes.com.ar\/principal\/wp-content\/uploads\/2018\/10\/31-pintura-espora-620x620.jpg 620w, https:\/\/www.hoymercedes.com.ar\/principal\/wp-content\/uploads\/2018\/10\/31-pintura-espora-150x150.jpg 150w, https:\/\/www.hoymercedes.com.ar\/principal\/wp-content\/uploads\/2018\/10\/31-pintura-espora.jpg 715w\" sizes=\"auto, (max-width: 620px) 100vw, 620px\" \/><\/p>\n","protected":false},"excerpt":{"rendered":"<p>un nueva propuesta est\u00e1n organizando algunos artistas coordinados por Pablo Russo. \u00abUna nueva experiencia que fusiona nuestro entorno, el paisaje &#8230; <a title=\"Seminario de pintura al aire libre en Espora\" class=\"read-more\" href=\"https:\/\/www.hoymercedes.com.ar\/principal\/2018\/10\/31\/seminario-de-pintura-al-aire-libre-en-espora\/\" aria-label=\"Leer m\u00e1s sobre Seminario de pintura al aire libre en Espora\">Leer m\u00e1s<\/a><\/p>\n","protected":false},"author":1,"featured_media":83303,"comment_status":"closed","ping_status":"open","sticky":false,"template":"","format":"standard","meta":{"_monsterinsights_skip_tracking":false,"_monsterinsights_sitenote_active":false,"_monsterinsights_sitenote_note":"","_monsterinsights_sitenote_category":0,"jetpack_post_was_ever_published":false,"_jetpack_newsletter_access":"","_jetpack_dont_email_post_to_subs":false,"_jetpack_newsletter_tier_id":0,"_jetpack_memberships_contains_paywalled_content":false,"_jetpack_memberships_contains_paid_content":false,"footnotes":"","jetpack_publicize_message":"","jetpack_publicize_feature_enabled":true,"jetpack_social_post_already_shared":true,"jetpack_social_options":{"image_generator_settings":{"template":"highway","default_image_id":0,"font":"","enabled":false},"version":2},"_wpas_customize_per_network":false},"categories":[104],"tags":[8890,7805,9056],"class_list":["post-83302","post","type-post","status-publish","format-standard","has-post-thumbnail","hentry","category-cultura","tag-artes-plasticas","tag-cultura","tag-pintura","generate-columns","tablet-grid-50","mobile-grid-100","grid-parent","grid-50"],"jetpack_publicize_connections":[],"jetpack_featured_media_url":"https:\/\/www.hoymercedes.com.ar\/principal\/wp-content\/uploads\/2018\/10\/31-pintura-espora.jpg","wps_subtitle":"El domingo todo el d\u00eda","jetpack_sharing_enabled":true,"_links":{"self":[{"href":"https:\/\/www.hoymercedes.com.ar\/principal\/wp-json\/wp\/v2\/posts\/83302","targetHints":{"allow":["GET"]}}],"collection":[{"href":"https:\/\/www.hoymercedes.com.ar\/principal\/wp-json\/wp\/v2\/posts"}],"about":[{"href":"https:\/\/www.hoymercedes.com.ar\/principal\/wp-json\/wp\/v2\/types\/post"}],"author":[{"embeddable":true,"href":"https:\/\/www.hoymercedes.com.ar\/principal\/wp-json\/wp\/v2\/users\/1"}],"replies":[{"embeddable":true,"href":"https:\/\/www.hoymercedes.com.ar\/principal\/wp-json\/wp\/v2\/comments?post=83302"}],"version-history":[{"count":0,"href":"https:\/\/www.hoymercedes.com.ar\/principal\/wp-json\/wp\/v2\/posts\/83302\/revisions"}],"wp:featuredmedia":[{"embeddable":true,"href":"https:\/\/www.hoymercedes.com.ar\/principal\/wp-json\/wp\/v2\/media\/83303"}],"wp:attachment":[{"href":"https:\/\/www.hoymercedes.com.ar\/principal\/wp-json\/wp\/v2\/media?parent=83302"}],"wp:term":[{"taxonomy":"category","embeddable":true,"href":"https:\/\/www.hoymercedes.com.ar\/principal\/wp-json\/wp\/v2\/categories?post=83302"},{"taxonomy":"post_tag","embeddable":true,"href":"https:\/\/www.hoymercedes.com.ar\/principal\/wp-json\/wp\/v2\/tags?post=83302"}],"curies":[{"name":"wp","href":"https:\/\/api.w.org\/{rel}","templated":true}]}}