{"id":8332,"date":"2011-10-17T12:22:11","date_gmt":"2011-10-17T12:22:11","guid":{"rendered":"http:\/\/www.hoymercedes.com.ar\/principal\/?p=8332"},"modified":"2011-10-17T12:22:11","modified_gmt":"2011-10-17T12:22:11","slug":"selva-manifiesta-su-preocupacion-por-boletas-apocrifas","status":"publish","type":"post","link":"https:\/\/www.hoymercedes.com.ar\/principal\/2011\/10\/17\/selva-manifiesta-su-preocupacion-por-boletas-apocrifas\/","title":{"rendered":"Selva manifiesta su preocupaci\u00f3n por boletas ap\u00f3crifas"},"content":{"rendered":"<p><span style=\"color: #003366;\"><strong>Carlos Selva<\/strong><\/span>, Intendente<br \/>\n<strong>Frente Para la Victoria \u2013 Partido Justicialista<\/strong><\/p>\n<p>A nuestro pesar debemos informar y solicitar prestar toda la atenci\u00f3n a los vecinos de Mercedes en relaci\u00f3n a un acontecimiento repudiable.<\/p>\n<p>En las \u00faltimas jornadas se han empezado maliciosamente a distribuir en mano y tirando bajo las puertas de las viviendas mercedinas boletas de Carlos Selva, con sus correspondientes niveles provinciales y nacionales, pertenecientes a las elecciones primarias no v\u00e1lidas para el pr\u00f3ximo acto electoral.<\/p>\n<p>Este hecho se realiza con la intenci\u00f3n de que los vecinos que que me acompa\u00f1aran en un nuevo periodo al frente del Municipio, a Cristina Fern\u00e1ndez de Kirchner y a Daniel Scioli coloquen en las urnas una boleta err\u00f3nea siendo luego impugnada por no valida.<\/p>\n<p>El perjuicio es grande. No s\u00f3lo por la potencial p\u00e9rdida de votos a un candidato, sino, por la estafa cometida a la poblaci\u00f3n, la acci\u00f3n anti democr\u00e1tica producida y el accionar inescrupuloso de grupos cuyos intereses personales est\u00e1n por sobre los sociales.<\/p>\n<p>&nbsp;<\/p>\n<p>&nbsp;<\/p>\n<p>&nbsp;<\/p>\n<p>&nbsp;<\/p>\n","protected":false},"excerpt":{"rendered":"<p>Carlos Selva, Intendente Frente Para la Victoria \u2013 Partido Justicialista A nuestro pesar debemos informar y solicitar prestar toda la &#8230; <a title=\"Selva manifiesta su preocupaci\u00f3n por boletas ap\u00f3crifas\" class=\"read-more\" href=\"https:\/\/www.hoymercedes.com.ar\/principal\/2011\/10\/17\/selva-manifiesta-su-preocupacion-por-boletas-apocrifas\/\" aria-label=\"Leer m\u00e1s sobre Selva manifiesta su preocupaci\u00f3n por boletas ap\u00f3crifas\">Leer m\u00e1s<\/a><\/p>\n","protected":false},"author":1,"featured_media":0,"comment_status":"open","ping_status":"open","sticky":false,"template":"","format":"standard","meta":{"_monsterinsights_skip_tracking":false,"_monsterinsights_sitenote_active":false,"_monsterinsights_sitenote_note":"","_monsterinsights_sitenote_category":0,"jetpack_post_was_ever_published":false,"_jetpack_newsletter_access":"","_jetpack_dont_email_post_to_subs":false,"_jetpack_newsletter_tier_id":0,"_jetpack_memberships_contains_paywalled_content":false,"_jetpack_memberships_contains_paid_content":false,"footnotes":"","jetpack_publicize_message":"","jetpack_publicize_feature_enabled":true,"jetpack_social_post_already_shared":false,"jetpack_social_options":{"image_generator_settings":{"template":"highway","default_image_id":0,"font":"","enabled":false},"version":2},"_wpas_customize_per_network":false},"categories":[5],"tags":[1480,18],"class_list":["post-8332","post","type-post","status-publish","format-standard","hentry","category-politica","tag-boletas","tag-selva","generate-columns","tablet-grid-50","mobile-grid-100","grid-parent","grid-50"],"jetpack_publicize_connections":[],"jetpack_featured_media_url":"","wps_subtitle":"","jetpack_sharing_enabled":true,"_links":{"self":[{"href":"https:\/\/www.hoymercedes.com.ar\/principal\/wp-json\/wp\/v2\/posts\/8332","targetHints":{"allow":["GET"]}}],"collection":[{"href":"https:\/\/www.hoymercedes.com.ar\/principal\/wp-json\/wp\/v2\/posts"}],"about":[{"href":"https:\/\/www.hoymercedes.com.ar\/principal\/wp-json\/wp\/v2\/types\/post"}],"author":[{"embeddable":true,"href":"https:\/\/www.hoymercedes.com.ar\/principal\/wp-json\/wp\/v2\/users\/1"}],"replies":[{"embeddable":true,"href":"https:\/\/www.hoymercedes.com.ar\/principal\/wp-json\/wp\/v2\/comments?post=8332"}],"version-history":[{"count":0,"href":"https:\/\/www.hoymercedes.com.ar\/principal\/wp-json\/wp\/v2\/posts\/8332\/revisions"}],"wp:attachment":[{"href":"https:\/\/www.hoymercedes.com.ar\/principal\/wp-json\/wp\/v2\/media?parent=8332"}],"wp:term":[{"taxonomy":"category","embeddable":true,"href":"https:\/\/www.hoymercedes.com.ar\/principal\/wp-json\/wp\/v2\/categories?post=8332"},{"taxonomy":"post_tag","embeddable":true,"href":"https:\/\/www.hoymercedes.com.ar\/principal\/wp-json\/wp\/v2\/tags?post=8332"}],"curies":[{"name":"wp","href":"https:\/\/api.w.org\/{rel}","templated":true}]}}