{"id":83322,"date":"2018-10-31T21:14:11","date_gmt":"2018-11-01T00:14:11","guid":{"rendered":"http:\/\/www.hoymercedes.com.ar\/principal\/?p=83322"},"modified":"2018-10-31T18:19:17","modified_gmt":"2018-10-31T21:19:17","slug":"un-concurso-premia-a-los-pueblos-mas-emprendedores-de-la-provincia-de-buenos-aires","status":"publish","type":"post","link":"https:\/\/www.hoymercedes.com.ar\/principal\/2018\/10\/31\/un-concurso-premia-a-los-pueblos-mas-emprendedores-de-la-provincia-de-buenos-aires\/","title":{"rendered":"Un concurso premia a los pueblos m\u00e1s emprendedores de la provincia de Buenos Aires"},"content":{"rendered":"<p><em><strong>El programa \u00abPueblos Emprendedores\u00bb es una iniciativa que busca impulsar emprendimientos de localidades bonaerenses de menos de 3000 habitantes y brindar capacitaciones a los productores locales. La convocatoria, organizada por la Asociaci\u00f3n Responde y el Banco Galicia, finaliza el 16 de noviembre.<\/strong><\/em><\/p>\n<p><img loading=\"lazy\" decoding=\"async\" data-attachment-id=\"58145\" data-permalink=\"https:\/\/www.hoymercedes.com.ar\/principal\/2016\/12\/17\/proponen-que-pueblos-rurales-de-mercedes-integren-el-regimen-de-promocion\/17-tomas-jofre\/#main\" data-orig-file=\"https:\/\/www.hoymercedes.com.ar\/principal\/wp-content\/uploads\/2016\/12\/17-Tomas-Jofre.jpg\" data-orig-size=\"630,420\" data-comments-opened=\"0\" data-image-meta=\"{&quot;aperture&quot;:&quot;0&quot;,&quot;credit&quot;:&quot;&quot;,&quot;camera&quot;:&quot;&quot;,&quot;caption&quot;:&quot;&quot;,&quot;created_timestamp&quot;:&quot;0&quot;,&quot;copyright&quot;:&quot;&quot;,&quot;focal_length&quot;:&quot;0&quot;,&quot;iso&quot;:&quot;0&quot;,&quot;shutter_speed&quot;:&quot;0&quot;,&quot;title&quot;:&quot;&quot;,&quot;orientation&quot;:&quot;0&quot;}\" data-image-title=\"17 Tomas Jofre\" data-image-description=\"\" data-image-caption=\"\" data-large-file=\"https:\/\/www.hoymercedes.com.ar\/principal\/wp-content\/uploads\/2016\/12\/17-Tomas-Jofre.jpg\" class=\"aligncenter size-medium wp-image-58145\" src=\"https:\/\/www.hoymercedes.com.ar\/principal\/wp-content\/uploads\/2016\/12\/17-Tomas-Jofre-630x420.jpg\" alt=\"\" width=\"630\" height=\"420\" srcset=\"https:\/\/www.hoymercedes.com.ar\/principal\/wp-content\/uploads\/2016\/12\/17-Tomas-Jofre.jpg 630w, https:\/\/www.hoymercedes.com.ar\/principal\/wp-content\/uploads\/2016\/12\/17-Tomas-Jofre-150x100.jpg 150w, https:\/\/www.hoymercedes.com.ar\/principal\/wp-content\/uploads\/2016\/12\/17-Tomas-Jofre-300x200.jpg 300w\" sizes=\"auto, (max-width: 630px) 100vw, 630px\" \/><\/p>\n<p>Con el objetivo de promover el desarrollo de los pueblos rurales, la ONG Responde y el Banco Galicia, junto con el Ministerio de Producci\u00f3n y Trabajo de la Naci\u00f3n, presentaron \u00abPueblos Emprendedores\u00bb, un concurso dedicado a emprendedores locales para potenciar los recursos econ\u00f3micos, culturales y sociales de estas comunidades de la regi\u00f3n bonaerense.<\/p>\n<p>Los emprendedores de estas localidades de menos de 3000 habitantes deber\u00e1n completar un formulario detallando la propuesta por la p\u00e1gina web de Responde (<a href=\"http:\/\/bit.ly\/PueblosE\" target=\"_blank\" rel=\"noopener\">http:\/\/bit.ly\/PueblosE<\/a>) y habr\u00e1 tiempo hasta el\u00a016 de noviembre\u00a0inclusive para mandar la informaci\u00f3n.<\/p>\n<p>El participante que triunfe ser\u00e1 el representante del pueblo ganador y obtendr\u00e1 como premio:\u00a0financiamiento de hasta $20.000, cuatro jornadas de\u00a0capacitaci\u00f3n intensiva, asesoramiento y orientaci\u00f3n permanente de especialistas e incubaci\u00f3n de proyectos a trav\u00e9s de organizaciones socias expertas.<\/p>\n<p>&nbsp;<\/p>\n<p>Principales tem\u00e1ticas de las jornadas de capacitaci\u00f3n:<\/p>\n<ul>\n<li>\u25cf\u00a0\u00a0\u00a0\u00a0\u00a0Pensar una idea: qu\u00e9 necesidades, recursos, rubros y competencias existen.<\/li>\n<li>\u25cf\u00a0\u00a0\u00a0\u00a0\u00a0C\u00f3mo organizar un emprendimiento: marketing, plan de negocios, costos, estructura.<\/li>\n<li>\u25cf\u00a0\u00a0\u00a0\u00a0\u00a0Ventas: herramientas de ventas, comercializaci\u00f3n online, generaci\u00f3n de nuevos clientes.<\/li>\n<li>\u25cf\u00a0\u00a0\u00a0\u00a0\u00a0Profesionalizaci\u00f3n del emprendimiento: c\u00f3mo comunicar, alcance a nuevos mercados.<\/li>\n<li>\u25cf\u00a0\u00a0\u00a0\u00a0\u00a0Sustentabilidad: empresas de triple impacto, buenas pr\u00e1cticas de impacto ambiental y social.<\/li>\n<li>\u25cf\u00a0\u00a0\u00a0\u00a0\u00a0Redes de crecimiento: acceso a cr\u00e9dito, inserci\u00f3n en cadenas de valor locales.<\/li>\n<\/ul>\n<p>Mediante las jornadas de capacitaci\u00f3n y el trabajo con profesionales, se buscar\u00e1 generar entre los participantes un sentido de pertenencia al pueblo y permitir que esto potencie el crecimiento local y el surgimiento de nuevos emprendedores.<\/p>\n<p>\u00abNos llena de orgullo poder organizar este concurso para los emprendedores rurales ya que son una pieza muy importante del desarrollo de estos pueblos y generan oportunidades de trabajo para todos sus habitantes. Gracias al apoyo de nuestros sponsors y organismos p\u00fablicos logramos avanzar con esta gran iniciativa que, en definitiva, busca mejorar la calidad de vida de estas comunidades\u00bb, explic\u00f3 \u00c1lvaro Zone, presidente de la Asociaci\u00f3n Responde.<\/p>\n<p>Formulario de inscripci\u00f3n:\u00a0<a href=\"http:\/\/bit.ly\/PueblosE\" target=\"_blank\" rel=\"noopener\">http:\/\/bit.ly\/PueblosE\u00a0<\/a><\/p>\n<p>Para consultar bases y condiciones:\u00a0\u00a0<a href=\"http:\/\/bit.ly\/Bases_PE_2018\" target=\"_blank\" rel=\"noopener\">http:\/\/bit.ly\/Bases_PE_2018<\/a><\/p>\n","protected":false},"excerpt":{"rendered":"<p>El programa \u00abPueblos Emprendedores\u00bb es una iniciativa que busca impulsar emprendimientos de localidades bonaerenses de menos de 3000 habitantes y &#8230; <a title=\"Un concurso premia a los pueblos m\u00e1s emprendedores de la provincia de Buenos Aires\" class=\"read-more\" href=\"https:\/\/www.hoymercedes.com.ar\/principal\/2018\/10\/31\/un-concurso-premia-a-los-pueblos-mas-emprendedores-de-la-provincia-de-buenos-aires\/\" aria-label=\"Leer m\u00e1s sobre Un concurso premia a los pueblos m\u00e1s emprendedores de la provincia de Buenos Aires\">Leer m\u00e1s<\/a><\/p>\n","protected":false},"author":1,"featured_media":58145,"comment_status":"closed","ping_status":"open","sticky":false,"template":"","format":"standard","meta":{"_monsterinsights_skip_tracking":false,"_monsterinsights_sitenote_active":false,"_monsterinsights_sitenote_note":"","_monsterinsights_sitenote_category":0,"jetpack_post_was_ever_published":false,"_jetpack_newsletter_access":"","_jetpack_dont_email_post_to_subs":false,"_jetpack_newsletter_tier_id":0,"_jetpack_memberships_contains_paywalled_content":false,"_jetpack_memberships_contains_paid_content":false,"footnotes":"","jetpack_publicize_message":"","jetpack_publicize_feature_enabled":true,"jetpack_social_post_already_shared":true,"jetpack_social_options":{"image_generator_settings":{"template":"highway","default_image_id":0,"font":"","enabled":false},"version":2},"_wpas_customize_per_network":false},"categories":[8],"tags":[13965,9931,1734,13964],"class_list":["post-83322","post","type-post","status-publish","format-standard","has-post-thumbnail","hentry","category-sociedad","tag-asociacion-responde","tag-banco-galicia","tag-ciudad-2","tag-pueblos-rurales","generate-columns","tablet-grid-50","mobile-grid-100","grid-parent","grid-50"],"jetpack_publicize_connections":[],"jetpack_featured_media_url":"https:\/\/www.hoymercedes.com.ar\/principal\/wp-content\/uploads\/2016\/12\/17-Tomas-Jofre.jpg","wps_subtitle":"","jetpack_sharing_enabled":true,"_links":{"self":[{"href":"https:\/\/www.hoymercedes.com.ar\/principal\/wp-json\/wp\/v2\/posts\/83322","targetHints":{"allow":["GET"]}}],"collection":[{"href":"https:\/\/www.hoymercedes.com.ar\/principal\/wp-json\/wp\/v2\/posts"}],"about":[{"href":"https:\/\/www.hoymercedes.com.ar\/principal\/wp-json\/wp\/v2\/types\/post"}],"author":[{"embeddable":true,"href":"https:\/\/www.hoymercedes.com.ar\/principal\/wp-json\/wp\/v2\/users\/1"}],"replies":[{"embeddable":true,"href":"https:\/\/www.hoymercedes.com.ar\/principal\/wp-json\/wp\/v2\/comments?post=83322"}],"version-history":[{"count":0,"href":"https:\/\/www.hoymercedes.com.ar\/principal\/wp-json\/wp\/v2\/posts\/83322\/revisions"}],"wp:featuredmedia":[{"embeddable":true,"href":"https:\/\/www.hoymercedes.com.ar\/principal\/wp-json\/wp\/v2\/media\/58145"}],"wp:attachment":[{"href":"https:\/\/www.hoymercedes.com.ar\/principal\/wp-json\/wp\/v2\/media?parent=83322"}],"wp:term":[{"taxonomy":"category","embeddable":true,"href":"https:\/\/www.hoymercedes.com.ar\/principal\/wp-json\/wp\/v2\/categories?post=83322"},{"taxonomy":"post_tag","embeddable":true,"href":"https:\/\/www.hoymercedes.com.ar\/principal\/wp-json\/wp\/v2\/tags?post=83322"}],"curies":[{"name":"wp","href":"https:\/\/api.w.org\/{rel}","templated":true}]}}