{"id":83340,"date":"2018-11-01T15:08:06","date_gmt":"2018-11-01T18:08:06","guid":{"rendered":"http:\/\/www.hoymercedes.com.ar\/principal\/?p=83340"},"modified":"2018-11-01T15:08:06","modified_gmt":"2018-11-01T18:08:06","slug":"charla-abierta-con-el-secretario-de-asuntos-politicos-de-nacion-adrian-perez","status":"publish","type":"post","link":"https:\/\/www.hoymercedes.com.ar\/principal\/2018\/11\/01\/charla-abierta-con-el-secretario-de-asuntos-politicos-de-nacion-adrian-perez\/","title":{"rendered":"Charla abierta con el Secretario de Asuntos Pol\u00edticos de Naci\u00f3n Adri\u00e1n P\u00e9rez"},"content":{"rendered":"<p>Este viernes 2 de noviembre estar\u00e1 presente en Mercedes, el Dr. Adri\u00e1n P\u00e9rez, Secretario de Asuntos Pol\u00edticos e Institucionales del Ministerio del Interior Obra P\u00fablica y Vivienda del Gobierno Nacional.\u00a0 En el Comit\u00e9 de la Uni\u00f3n C\u00edvica Radical de avenida 29, entre calles 30 y 32, la charla abierta a la comunidad ser\u00e1 a la hora 15 sobre\u00a0 \u00abTransparencia, presupuesto participativo y procesos electorales\u00bb. En la misma visita, el funcionario tambi\u00e9n se reunir\u00e1 con funcionarios locales de organismos nacionales y concejales.<\/p>\n<p><img loading=\"lazy\" decoding=\"async\" data-attachment-id=\"83341\" data-permalink=\"https:\/\/www.hoymercedes.com.ar\/principal\/2018\/11\/01\/charla-abierta-con-el-secretario-de-asuntos-politicos-de-nacion-adrian-perez\/01-adrian-perez\/#main\" data-orig-file=\"https:\/\/www.hoymercedes.com.ar\/principal\/wp-content\/uploads\/2018\/11\/01-adrian-perez.jpg\" data-orig-size=\"750,422\" data-comments-opened=\"0\" data-image-meta=\"{&quot;aperture&quot;:&quot;0&quot;,&quot;credit&quot;:&quot;&quot;,&quot;camera&quot;:&quot;&quot;,&quot;caption&quot;:&quot;&quot;,&quot;created_timestamp&quot;:&quot;0&quot;,&quot;copyright&quot;:&quot;&quot;,&quot;focal_length&quot;:&quot;0&quot;,&quot;iso&quot;:&quot;0&quot;,&quot;shutter_speed&quot;:&quot;0&quot;,&quot;title&quot;:&quot;&quot;,&quot;orientation&quot;:&quot;0&quot;}\" data-image-title=\"01 adrian-perez\" data-image-description=\"\" data-image-caption=\"\" data-large-file=\"https:\/\/www.hoymercedes.com.ar\/principal\/wp-content\/uploads\/2018\/11\/01-adrian-perez.jpg\" class=\"aligncenter size-medium wp-image-83341\" src=\"https:\/\/www.hoymercedes.com.ar\/principal\/wp-content\/uploads\/2018\/11\/01-adrian-perez-630x354.jpg\" alt=\"\" width=\"630\" height=\"354\" srcset=\"https:\/\/www.hoymercedes.com.ar\/principal\/wp-content\/uploads\/2018\/11\/01-adrian-perez-630x354.jpg 630w, https:\/\/www.hoymercedes.com.ar\/principal\/wp-content\/uploads\/2018\/11\/01-adrian-perez-150x84.jpg 150w, https:\/\/www.hoymercedes.com.ar\/principal\/wp-content\/uploads\/2018\/11\/01-adrian-perez.jpg 750w\" sizes=\"auto, (max-width: 630px) 100vw, 630px\" \/><\/p>\n<p>&nbsp;<\/p>\n","protected":false},"excerpt":{"rendered":"<p>Este viernes 2 de noviembre estar\u00e1 presente en Mercedes, el Dr. Adri\u00e1n P\u00e9rez, Secretario de Asuntos Pol\u00edticos e Institucionales del &#8230; <a title=\"Charla abierta con el Secretario de Asuntos Pol\u00edticos de Naci\u00f3n Adri\u00e1n P\u00e9rez\" class=\"read-more\" href=\"https:\/\/www.hoymercedes.com.ar\/principal\/2018\/11\/01\/charla-abierta-con-el-secretario-de-asuntos-politicos-de-nacion-adrian-perez\/\" aria-label=\"Leer m\u00e1s sobre Charla abierta con el Secretario de Asuntos Pol\u00edticos de Naci\u00f3n Adri\u00e1n P\u00e9rez\">Leer m\u00e1s<\/a><\/p>\n","protected":false},"author":1,"featured_media":83341,"comment_status":"closed","ping_status":"open","sticky":false,"template":"","format":"standard","meta":{"_monsterinsights_skip_tracking":false,"_monsterinsights_sitenote_active":false,"_monsterinsights_sitenote_note":"","_monsterinsights_sitenote_category":0,"jetpack_post_was_ever_published":false,"_jetpack_newsletter_access":"","_jetpack_dont_email_post_to_subs":false,"_jetpack_newsletter_tier_id":0,"_jetpack_memberships_contains_paywalled_content":false,"_jetpack_memberships_contains_paid_content":false,"footnotes":"","jetpack_publicize_message":"","jetpack_publicize_feature_enabled":true,"jetpack_social_post_already_shared":true,"jetpack_social_options":{"image_generator_settings":{"template":"highway","default_image_id":0,"font":"","enabled":false},"version":2},"_wpas_customize_per_network":false},"categories":[5210],"tags":[8055,6540,10113,408],"class_list":["post-83340","post","type-post","status-publish","format-standard","has-post-thumbnail","hentry","category-politica-nacional","tag-cambiemos","tag-charla","tag-politica-nacional","tag-ucr","generate-columns","tablet-grid-50","mobile-grid-100","grid-parent","grid-50"],"jetpack_publicize_connections":[],"jetpack_featured_media_url":"https:\/\/www.hoymercedes.com.ar\/principal\/wp-content\/uploads\/2018\/11\/01-adrian-perez.jpg","wps_subtitle":"Este viernes 2 de noviembre","jetpack_sharing_enabled":true,"_links":{"self":[{"href":"https:\/\/www.hoymercedes.com.ar\/principal\/wp-json\/wp\/v2\/posts\/83340","targetHints":{"allow":["GET"]}}],"collection":[{"href":"https:\/\/www.hoymercedes.com.ar\/principal\/wp-json\/wp\/v2\/posts"}],"about":[{"href":"https:\/\/www.hoymercedes.com.ar\/principal\/wp-json\/wp\/v2\/types\/post"}],"author":[{"embeddable":true,"href":"https:\/\/www.hoymercedes.com.ar\/principal\/wp-json\/wp\/v2\/users\/1"}],"replies":[{"embeddable":true,"href":"https:\/\/www.hoymercedes.com.ar\/principal\/wp-json\/wp\/v2\/comments?post=83340"}],"version-history":[{"count":0,"href":"https:\/\/www.hoymercedes.com.ar\/principal\/wp-json\/wp\/v2\/posts\/83340\/revisions"}],"wp:featuredmedia":[{"embeddable":true,"href":"https:\/\/www.hoymercedes.com.ar\/principal\/wp-json\/wp\/v2\/media\/83341"}],"wp:attachment":[{"href":"https:\/\/www.hoymercedes.com.ar\/principal\/wp-json\/wp\/v2\/media?parent=83340"}],"wp:term":[{"taxonomy":"category","embeddable":true,"href":"https:\/\/www.hoymercedes.com.ar\/principal\/wp-json\/wp\/v2\/categories?post=83340"},{"taxonomy":"post_tag","embeddable":true,"href":"https:\/\/www.hoymercedes.com.ar\/principal\/wp-json\/wp\/v2\/tags?post=83340"}],"curies":[{"name":"wp","href":"https:\/\/api.w.org\/{rel}","templated":true}]}}