{"id":83355,"date":"2018-11-02T09:40:47","date_gmt":"2018-11-02T12:40:47","guid":{"rendered":"http:\/\/www.hoymercedes.com.ar\/principal\/?p=83355"},"modified":"2018-11-02T08:59:22","modified_gmt":"2018-11-02T11:59:22","slug":"el-terror-de-halloween-llega-con-el-cascanueces","status":"publish","type":"post","link":"https:\/\/www.hoymercedes.com.ar\/principal\/2018\/11\/02\/el-terror-de-halloween-llega-con-el-cascanueces\/","title":{"rendered":"El terror de Halloween llega con el Cascanueces"},"content":{"rendered":"<p>Del viernes 2 al martes 6 de noviembre, el Cine Mercedes proyecta dos pel\u00edculas en la pantalla grande local. En las funciones de la hora 20 podr\u00e1 verse \u00abEl Cascanueces y los Cuatro Reinos\u00bb y en las funciones de las 22:15 horas, el terror llegar\u00e1 una nueva versi\u00f3n de Halloween.<\/p>\n<p><img loading=\"lazy\" decoding=\"async\" data-attachment-id=\"83356\" data-permalink=\"https:\/\/www.hoymercedes.com.ar\/principal\/2018\/11\/02\/el-terror-de-halloween-llega-con-el-cascanueces\/02-cine-mercedes\/#main\" data-orig-file=\"https:\/\/www.hoymercedes.com.ar\/principal\/wp-content\/uploads\/2018\/11\/02-cine-mercedes.jpg\" data-orig-size=\"960,399\" data-comments-opened=\"0\" data-image-meta=\"{&quot;aperture&quot;:&quot;0&quot;,&quot;credit&quot;:&quot;&quot;,&quot;camera&quot;:&quot;&quot;,&quot;caption&quot;:&quot;&quot;,&quot;created_timestamp&quot;:&quot;0&quot;,&quot;copyright&quot;:&quot;&quot;,&quot;focal_length&quot;:&quot;0&quot;,&quot;iso&quot;:&quot;0&quot;,&quot;shutter_speed&quot;:&quot;0&quot;,&quot;title&quot;:&quot;&quot;,&quot;orientation&quot;:&quot;0&quot;}\" data-image-title=\"02 cine mercedes\" data-image-description=\"\" data-image-caption=\"\" data-large-file=\"https:\/\/www.hoymercedes.com.ar\/principal\/wp-content\/uploads\/2018\/11\/02-cine-mercedes.jpg\" class=\"aligncenter size-medium wp-image-83356\" src=\"https:\/\/www.hoymercedes.com.ar\/principal\/wp-content\/uploads\/2018\/11\/02-cine-mercedes-630x262.jpg\" alt=\"\" width=\"630\" height=\"262\" srcset=\"https:\/\/www.hoymercedes.com.ar\/principal\/wp-content\/uploads\/2018\/11\/02-cine-mercedes-630x262.jpg 630w, https:\/\/www.hoymercedes.com.ar\/principal\/wp-content\/uploads\/2018\/11\/02-cine-mercedes-150x62.jpg 150w, https:\/\/www.hoymercedes.com.ar\/principal\/wp-content\/uploads\/2018\/11\/02-cine-mercedes.jpg 960w\" sizes=\"auto, (max-width: 630px) 100vw, 630px\" \/><\/p>\n<p>\u00abEl Cascanueces y los Cuatro Reinos\u00bb:\u00a0(ATP) Del viernes 2 al martes 6 de noviembre. Funciones: 20:00 hs. (3D &#8211; castellano) Sinopsis:\u00a0Clara recibe como regalo de Navidad un cascanueces. Su hermano est\u00e1 celoso y lo rompe, aunque por suerte el juguete puede ser arreglado. La peque\u00f1a, contenta, se levanta por la noche para abrazar a su cascanueces, que en ese momento se transforma y la lleva a un mundo m\u00e1gico. En \u00e9l las flores conviven con los copos de nieve, pero no todo es bueno all\u00ed y Clara se encontrar\u00e1 atrapada en medio de una guerra entre los hombres de jengibre y el rey de los ratones.\u00a0 G\u00e9nero: Familiar, Aventuras.\u00a0Actores: Mackenzie Foy, Keira Knightley, Helen Mirren.\u00a0Director: Lasse Hallstr\u00f6m, Joe Johnston.\u00a0Calificaci\u00f3n: Apta para todo p\u00fablico.\u00a0Duraci\u00f3n: 100 Minutos.\u00a0Origen: Estados Unidos.<\/p>\n<p>\u00abHalloween\u00bb:\u00a0(+16) Del viernes 2 al martes 6 de noviembre. Funciones:\u00a022:15 hs. (2D &#8211; castellano) y s\u00e1bado trasnoche 00:30 hs. (2D &#8211; subtitulada). Sinopsis:\u00a0Laurie Strode deber\u00e1 enfrentarse una vez m\u00e1s con Michael Myers, aquella figura enmascarada que la ha perseguido y atormentado por a\u00f1os, desde aquella vez que logr\u00f3 escapar de su asesinato&#8230;ya hace 40 a\u00f1os atr\u00e1s.\u00a0G\u00e9nero: Terror.\u00a0Actores: Jamie Lee Curtis.\u00a0Director: David Gordon Green.\u00a0Calificaci\u00f3n: Apta para mayores de 16 a\u00f1os.\u00a0Duraci\u00f3n: 106 Minutos.\u00a0Origen: Estados Unidos.<\/p>\n","protected":false},"excerpt":{"rendered":"<p>Del viernes 2 al martes 6 de noviembre, el Cine Mercedes proyecta dos pel\u00edculas en la pantalla grande local. En &#8230; <a title=\"El terror de Halloween llega con el Cascanueces\" class=\"read-more\" href=\"https:\/\/www.hoymercedes.com.ar\/principal\/2018\/11\/02\/el-terror-de-halloween-llega-con-el-cascanueces\/\" aria-label=\"Leer m\u00e1s sobre El terror de Halloween llega con el Cascanueces\">Leer m\u00e1s<\/a><\/p>\n","protected":false},"author":1,"featured_media":83356,"comment_status":"closed","ping_status":"open","sticky":false,"template":"","format":"standard","meta":{"_monsterinsights_skip_tracking":false,"_monsterinsights_sitenote_active":false,"_monsterinsights_sitenote_note":"","_monsterinsights_sitenote_category":0,"jetpack_post_was_ever_published":false,"_jetpack_newsletter_access":"","_jetpack_dont_email_post_to_subs":false,"_jetpack_newsletter_tier_id":0,"_jetpack_memberships_contains_paywalled_content":false,"_jetpack_memberships_contains_paid_content":false,"footnotes":"","jetpack_publicize_message":"","jetpack_publicize_feature_enabled":true,"jetpack_social_post_already_shared":true,"jetpack_social_options":{"image_generator_settings":{"template":"highway","default_image_id":0,"font":"","enabled":false},"version":2},"_wpas_customize_per_network":false},"categories":[104],"tags":[984,7805,8642],"class_list":["post-83355","post","type-post","status-publish","format-standard","has-post-thumbnail","hentry","category-cultura","tag-cine-mercedes","tag-cultura","tag-programacion","generate-columns","tablet-grid-50","mobile-grid-100","grid-parent","grid-50"],"jetpack_publicize_connections":[],"jetpack_featured_media_url":"https:\/\/www.hoymercedes.com.ar\/principal\/wp-content\/uploads\/2018\/11\/02-cine-mercedes.jpg","wps_subtitle":"Cartelera local","jetpack_sharing_enabled":true,"_links":{"self":[{"href":"https:\/\/www.hoymercedes.com.ar\/principal\/wp-json\/wp\/v2\/posts\/83355","targetHints":{"allow":["GET"]}}],"collection":[{"href":"https:\/\/www.hoymercedes.com.ar\/principal\/wp-json\/wp\/v2\/posts"}],"about":[{"href":"https:\/\/www.hoymercedes.com.ar\/principal\/wp-json\/wp\/v2\/types\/post"}],"author":[{"embeddable":true,"href":"https:\/\/www.hoymercedes.com.ar\/principal\/wp-json\/wp\/v2\/users\/1"}],"replies":[{"embeddable":true,"href":"https:\/\/www.hoymercedes.com.ar\/principal\/wp-json\/wp\/v2\/comments?post=83355"}],"version-history":[{"count":0,"href":"https:\/\/www.hoymercedes.com.ar\/principal\/wp-json\/wp\/v2\/posts\/83355\/revisions"}],"wp:featuredmedia":[{"embeddable":true,"href":"https:\/\/www.hoymercedes.com.ar\/principal\/wp-json\/wp\/v2\/media\/83356"}],"wp:attachment":[{"href":"https:\/\/www.hoymercedes.com.ar\/principal\/wp-json\/wp\/v2\/media?parent=83355"}],"wp:term":[{"taxonomy":"category","embeddable":true,"href":"https:\/\/www.hoymercedes.com.ar\/principal\/wp-json\/wp\/v2\/categories?post=83355"},{"taxonomy":"post_tag","embeddable":true,"href":"https:\/\/www.hoymercedes.com.ar\/principal\/wp-json\/wp\/v2\/tags?post=83355"}],"curies":[{"name":"wp","href":"https:\/\/api.w.org\/{rel}","templated":true}]}}