{"id":83358,"date":"2018-11-02T10:15:33","date_gmt":"2018-11-02T13:15:33","guid":{"rendered":"http:\/\/www.hoymercedes.com.ar\/principal\/?p=83358"},"modified":"2018-11-02T09:07:37","modified_gmt":"2018-11-02T12:07:37","slug":"campana-de-gestion-de-dni-para-personas-que-nunca-tuvieron-documentos-de-identidad","status":"publish","type":"post","link":"https:\/\/www.hoymercedes.com.ar\/principal\/2018\/11\/02\/campana-de-gestion-de-dni-para-personas-que-nunca-tuvieron-documentos-de-identidad\/","title":{"rendered":"Campa\u00f1a de gesti\u00f3n de DNI para personas que nunca tuvieron documentos de identidad"},"content":{"rendered":"<p>A partir del 20 de noviembre en Mercedes y hasta fin de mes se realizar\u00e1 en forma simult\u00e1nea con otras provincias una Campa\u00f1a nacional de ampliaci\u00f3n de derechos para personas que nunca tuvieron DNI. El Ministerio de Salud y Desarrollo Social, a trav\u00e9s de los Centros de Referencia, brindar\u00e1n apoyo a los Centros de Acceso a la Justicia que llevar\u00e1n a cabo este Operativo.<\/p>\n<p>Esta campa\u00f1a nacional tiene por objetivo reducir la cantidad de personas en situaci\u00f3n de NN, nacidas en el pa\u00eds, mayores de un a\u00f1o y que nunca hayan tenido documento nacional de identidad.<\/p>\n<p>Seg\u00fan un estudio del Observatorio de la Deuda Social y la IADEPP, un 1% de la poblaci\u00f3n argentina nunca tuvo documento. Sin esa posibilidad estas personas tienen vulnerado su derecho de acceso a la identidad jur\u00eddica y a tambi\u00e9n a todos los derechos civiles y pol\u00edticos. Por ejemplo, no pueden acceder a AUH, tarifas sociales, trabajos en blanco, pensiones no contributivas, gestionar una l\u00ednea de tel\u00e9fono, pedir un servicio p\u00fablico, iniciar un juicio, inscribir a los hijos\/as, salir del pa\u00eds, adquirir bienes registrables, entre otros.<\/p>\n<p>El tr\u00e1mite de gesti\u00f3n del DNI se realizar\u00e1 desde el martes 20 al viernes 30 de noviembre de 8 a 14 hs. en el Centro de Acceso a la Justicia (CAJ) ubicado en la Sociedad de Fomento del Barrio Obrero: Calle 16 N\u00ba 3080 y 101 bis. Tambi\u00e9n los d\u00edas mi\u00e9rcoles 21 y 28 de noviembre, y el viernes 23 y 30 de noviembre\u00a0 de 8 a 13 horas se atender\u00e1 en el CIC de Calle 10 y 65.<\/p>\n<p><img loading=\"lazy\" decoding=\"async\" data-attachment-id=\"83359\" data-permalink=\"https:\/\/www.hoymercedes.com.ar\/principal\/2018\/11\/02\/campana-de-gestion-de-dni-para-personas-que-nunca-tuvieron-documentos-de-identidad\/02-dni-cdr\/#main\" data-orig-file=\"https:\/\/www.hoymercedes.com.ar\/principal\/wp-content\/uploads\/2018\/11\/02-dni-cdr.jpg\" data-orig-size=\"572,750\" data-comments-opened=\"0\" data-image-meta=\"{&quot;aperture&quot;:&quot;0&quot;,&quot;credit&quot;:&quot;&quot;,&quot;camera&quot;:&quot;&quot;,&quot;caption&quot;:&quot;&quot;,&quot;created_timestamp&quot;:&quot;0&quot;,&quot;copyright&quot;:&quot;&quot;,&quot;focal_length&quot;:&quot;0&quot;,&quot;iso&quot;:&quot;0&quot;,&quot;shutter_speed&quot;:&quot;0&quot;,&quot;title&quot;:&quot;&quot;,&quot;orientation&quot;:&quot;0&quot;}\" data-image-title=\"02 dni cdr\" data-image-description=\"\" data-image-caption=\"\" data-large-file=\"https:\/\/www.hoymercedes.com.ar\/principal\/wp-content\/uploads\/2018\/11\/02-dni-cdr.jpg\" class=\"aligncenter size-medium wp-image-83359\" src=\"https:\/\/www.hoymercedes.com.ar\/principal\/wp-content\/uploads\/2018\/11\/02-dni-cdr-473x620.jpg\" alt=\"\" width=\"473\" height=\"620\" srcset=\"https:\/\/www.hoymercedes.com.ar\/principal\/wp-content\/uploads\/2018\/11\/02-dni-cdr-473x620.jpg 473w, https:\/\/www.hoymercedes.com.ar\/principal\/wp-content\/uploads\/2018\/11\/02-dni-cdr-114x150.jpg 114w, https:\/\/www.hoymercedes.com.ar\/principal\/wp-content\/uploads\/2018\/11\/02-dni-cdr.jpg 572w\" sizes=\"auto, (max-width: 473px) 100vw, 473px\" \/><\/p>\n<p>&nbsp;<\/p>\n","protected":false},"excerpt":{"rendered":"<p>A partir del 20 de noviembre en Mercedes y hasta fin de mes se realizar\u00e1 en forma simult\u00e1nea con otras &#8230; <a title=\"Campa\u00f1a de gesti\u00f3n de DNI para personas que nunca tuvieron documentos de identidad\" class=\"read-more\" href=\"https:\/\/www.hoymercedes.com.ar\/principal\/2018\/11\/02\/campana-de-gestion-de-dni-para-personas-que-nunca-tuvieron-documentos-de-identidad\/\" aria-label=\"Leer m\u00e1s sobre Campa\u00f1a de gesti\u00f3n de DNI para personas que nunca tuvieron documentos de identidad\">Leer m\u00e1s<\/a><\/p>\n","protected":false},"author":1,"featured_media":83359,"comment_status":"closed","ping_status":"open","sticky":false,"template":"","format":"standard","meta":{"_monsterinsights_skip_tracking":false,"_monsterinsights_sitenote_active":false,"_monsterinsights_sitenote_note":"","_monsterinsights_sitenote_category":0,"jetpack_post_was_ever_published":false,"_jetpack_newsletter_access":"","_jetpack_dont_email_post_to_subs":false,"_jetpack_newsletter_tier_id":0,"_jetpack_memberships_contains_paywalled_content":false,"_jetpack_memberships_contains_paid_content":false,"footnotes":"","jetpack_publicize_message":"","jetpack_publicize_feature_enabled":true,"jetpack_social_post_already_shared":true,"jetpack_social_options":{"image_generator_settings":{"template":"highway","default_image_id":0,"font":"","enabled":false},"version":2},"_wpas_customize_per_network":false},"categories":[8],"tags":[13969,5969,9972],"class_list":["post-83358","post","type-post","status-publish","format-standard","has-post-thumbnail","hentry","category-sociedad","tag-campana-nacional","tag-cdr-mercedes","tag-dni","generate-columns","tablet-grid-50","mobile-grid-100","grid-parent","grid-50"],"jetpack_publicize_connections":[],"jetpack_featured_media_url":"https:\/\/www.hoymercedes.com.ar\/principal\/wp-content\/uploads\/2018\/11\/02-dni-cdr.jpg","wps_subtitle":"Desde el 20 de noviembre","jetpack_sharing_enabled":true,"_links":{"self":[{"href":"https:\/\/www.hoymercedes.com.ar\/principal\/wp-json\/wp\/v2\/posts\/83358","targetHints":{"allow":["GET"]}}],"collection":[{"href":"https:\/\/www.hoymercedes.com.ar\/principal\/wp-json\/wp\/v2\/posts"}],"about":[{"href":"https:\/\/www.hoymercedes.com.ar\/principal\/wp-json\/wp\/v2\/types\/post"}],"author":[{"embeddable":true,"href":"https:\/\/www.hoymercedes.com.ar\/principal\/wp-json\/wp\/v2\/users\/1"}],"replies":[{"embeddable":true,"href":"https:\/\/www.hoymercedes.com.ar\/principal\/wp-json\/wp\/v2\/comments?post=83358"}],"version-history":[{"count":0,"href":"https:\/\/www.hoymercedes.com.ar\/principal\/wp-json\/wp\/v2\/posts\/83358\/revisions"}],"wp:featuredmedia":[{"embeddable":true,"href":"https:\/\/www.hoymercedes.com.ar\/principal\/wp-json\/wp\/v2\/media\/83359"}],"wp:attachment":[{"href":"https:\/\/www.hoymercedes.com.ar\/principal\/wp-json\/wp\/v2\/media?parent=83358"}],"wp:term":[{"taxonomy":"category","embeddable":true,"href":"https:\/\/www.hoymercedes.com.ar\/principal\/wp-json\/wp\/v2\/categories?post=83358"},{"taxonomy":"post_tag","embeddable":true,"href":"https:\/\/www.hoymercedes.com.ar\/principal\/wp-json\/wp\/v2\/tags?post=83358"}],"curies":[{"name":"wp","href":"https:\/\/api.w.org\/{rel}","templated":true}]}}