{"id":83370,"date":"2018-11-02T13:54:10","date_gmt":"2018-11-02T16:54:10","guid":{"rendered":"http:\/\/www.hoymercedes.com.ar\/principal\/?p=83370"},"modified":"2018-11-02T16:43:45","modified_gmt":"2018-11-02T19:43:45","slug":"en-femenino-velez-no-le-pierde-pisada-a-el-fronton-y-alfa-se-quedo-con-la-sub-12","status":"publish","type":"post","link":"https:\/\/www.hoymercedes.com.ar\/principal\/2018\/11\/02\/en-femenino-velez-no-le-pierde-pisada-a-el-fronton-y-alfa-se-quedo-con-la-sub-12\/","title":{"rendered":"En Femenino, V\u00e9lez no le pierde pisada a El Front\u00f3n y ALFA se qued\u00f3 con la Sub 12"},"content":{"rendered":"<p>En Olivera, ALFA fue quien recibi\u00f3 el fin de semana pasado a los equipos de Primera Divisi\u00f3n del F\u00fatbol Femenino de la Liga Mercedina mientras que en Inferiores, el anfitri\u00f3n fue Estudiantes. En cuanto a la categor\u00eda mayor, El Front\u00f3n y V\u00e9lez se cortaron respecto al resto de los clubes y son los dos candidatos al t\u00edtulo. En Sub 12, ALFA gole\u00f3 a V\u00e9lez y ya nadie lo podr\u00e1 alcanzar a una fecha del final. En Sub 16, Estudiantes tiene una leve ventaja ante Defensores y V\u00e9lez, pero estos dos deben un partido y podr\u00edan superarlo manteniendo estos tres equipos el invicto en el torneo.<\/p>\n<p><img loading=\"lazy\" decoding=\"async\" data-attachment-id=\"83372\" data-permalink=\"https:\/\/www.hoymercedes.com.ar\/principal\/2018\/11\/02\/en-femenino-velez-no-le-pierde-pisada-a-el-fronton-y-alfa-se-quedo-con-la-sub-12\/futbol-femenino-alfa-2\/#main\" data-orig-file=\"https:\/\/www.hoymercedes.com.ar\/principal\/wp-content\/uploads\/2018\/11\/FUTBOL-FEMENINO-ALFA.jpg\" data-orig-size=\"1024,576\" data-comments-opened=\"0\" data-image-meta=\"{&quot;aperture&quot;:&quot;0&quot;,&quot;credit&quot;:&quot;&quot;,&quot;camera&quot;:&quot;&quot;,&quot;caption&quot;:&quot;&quot;,&quot;created_timestamp&quot;:&quot;0&quot;,&quot;copyright&quot;:&quot;&quot;,&quot;focal_length&quot;:&quot;0&quot;,&quot;iso&quot;:&quot;0&quot;,&quot;shutter_speed&quot;:&quot;0&quot;,&quot;title&quot;:&quot;&quot;,&quot;orientation&quot;:&quot;0&quot;}\" data-image-title=\"FUTBOL FEMENINO ALFA\" data-image-description=\"\" data-image-caption=\"\" data-large-file=\"https:\/\/www.hoymercedes.com.ar\/principal\/wp-content\/uploads\/2018\/11\/FUTBOL-FEMENINO-ALFA.jpg\" class=\"aligncenter size-medium wp-image-83372\" src=\"https:\/\/www.hoymercedes.com.ar\/principal\/wp-content\/uploads\/2018\/11\/FUTBOL-FEMENINO-ALFA-630x354.jpg\" alt=\"\" width=\"630\" height=\"354\" srcset=\"https:\/\/www.hoymercedes.com.ar\/principal\/wp-content\/uploads\/2018\/11\/FUTBOL-FEMENINO-ALFA-630x354.jpg 630w, https:\/\/www.hoymercedes.com.ar\/principal\/wp-content\/uploads\/2018\/11\/FUTBOL-FEMENINO-ALFA-150x84.jpg 150w, https:\/\/www.hoymercedes.com.ar\/principal\/wp-content\/uploads\/2018\/11\/FUTBOL-FEMENINO-ALFA.jpg 1024w\" sizes=\"auto, (max-width: 630px) 100vw, 630px\" \/><\/p>\n<p>Primera Divisi\u00f3n<\/p>\n<p><strong>AMEFIP San Mart\u00edn 1:\u00a0<\/strong>Sof\u00eda Cejas.<br \/>\n<strong>Estudiantes 5:<\/strong>\u00a0Candela Arroyo, Paola Barraza, Guillermina Crivella 2 y Julieta Olivieri.<\/p>\n<p><strong>Programa Envi\u00f3n 3:<\/strong>\u00a0Antonela Sicca 2 y Andrea Valdez.<br \/>\n<strong>Comunicaciones 0<\/strong>.<\/p>\n<p><strong>V\u00e9lez 3:<\/strong>\u00a0Marilina Lucero, Florencia Rodriguez y Magdalena Ruiz.<br \/>\n<strong>Mercedes 1:<\/strong>\u00a0Yanina Russo.<\/p>\n<p><strong>Alfa 0.<br \/>\nEl Front\u00f3n 2:<\/strong>\u00a0Agustina Cejas y Andrea pacheco.<\/p>\n<p>&nbsp;<\/p>\n<p><strong>SUB 12<br \/>\nAlfa 6:\u00a0<\/strong>Clara Cerdeiro 3, Morena Garc\u00eda 2 y Nicol Lagos.<br \/>\n<strong>V\u00e9lez Sarsfield 0<\/strong>.<\/p>\n<p><strong>Estudiantes \u00a00.<br \/>\nComunicaciones 1:<\/strong>\u00a0Candela Ciovini.<\/p>\n<p>&nbsp;<\/p>\n<p><strong>SUB 16<br \/>\nV\u00e9lez 0.<br \/>\nIndependiente (Capit\u00e1n Sarmiento) 0.<br \/>\n<\/strong><br \/>\n<strong>Estudiantes 5:<\/strong>\u00a0Valentina Alfonso, Gabriela L\u00f3pez Camelo 3 y Nazarena Viola.<br \/>\n<strong>Comunicaciones 0<\/strong>.<\/p>\n<p>&nbsp;<\/p>\n<p><img loading=\"lazy\" decoding=\"async\" data-attachment-id=\"83373\" data-permalink=\"https:\/\/www.hoymercedes.com.ar\/principal\/2018\/11\/02\/en-femenino-velez-no-le-pierde-pisada-a-el-fronton-y-alfa-se-quedo-con-la-sub-12\/primera-167\/#main\" data-orig-file=\"https:\/\/www.hoymercedes.com.ar\/principal\/wp-content\/uploads\/2018\/11\/PRIMERA.png\" data-orig-size=\"423,236\" data-comments-opened=\"0\" data-image-meta=\"{&quot;aperture&quot;:&quot;0&quot;,&quot;credit&quot;:&quot;&quot;,&quot;camera&quot;:&quot;&quot;,&quot;caption&quot;:&quot;&quot;,&quot;created_timestamp&quot;:&quot;0&quot;,&quot;copyright&quot;:&quot;&quot;,&quot;focal_length&quot;:&quot;0&quot;,&quot;iso&quot;:&quot;0&quot;,&quot;shutter_speed&quot;:&quot;0&quot;,&quot;title&quot;:&quot;&quot;,&quot;orientation&quot;:&quot;0&quot;}\" data-image-title=\"PRIMERA\" data-image-description=\"\" data-image-caption=\"\" data-large-file=\"https:\/\/www.hoymercedes.com.ar\/principal\/wp-content\/uploads\/2018\/11\/PRIMERA.png\" class=\"aligncenter size-full wp-image-83373\" src=\"https:\/\/www.hoymercedes.com.ar\/principal\/wp-content\/uploads\/2018\/11\/PRIMERA.png\" alt=\"\" width=\"423\" height=\"236\" srcset=\"https:\/\/www.hoymercedes.com.ar\/principal\/wp-content\/uploads\/2018\/11\/PRIMERA.png 423w, https:\/\/www.hoymercedes.com.ar\/principal\/wp-content\/uploads\/2018\/11\/PRIMERA-150x84.png 150w\" sizes=\"auto, (max-width: 423px) 100vw, 423px\" \/> <img loading=\"lazy\" decoding=\"async\" data-attachment-id=\"83374\" data-permalink=\"https:\/\/www.hoymercedes.com.ar\/principal\/2018\/11\/02\/en-femenino-velez-no-le-pierde-pisada-a-el-fronton-y-alfa-se-quedo-con-la-sub-12\/13-15-21\/#main\" data-orig-file=\"https:\/\/www.hoymercedes.com.ar\/principal\/wp-content\/uploads\/2018\/11\/13-15.png\" data-orig-size=\"423,362\" data-comments-opened=\"0\" data-image-meta=\"{&quot;aperture&quot;:&quot;0&quot;,&quot;credit&quot;:&quot;&quot;,&quot;camera&quot;:&quot;&quot;,&quot;caption&quot;:&quot;&quot;,&quot;created_timestamp&quot;:&quot;0&quot;,&quot;copyright&quot;:&quot;&quot;,&quot;focal_length&quot;:&quot;0&quot;,&quot;iso&quot;:&quot;0&quot;,&quot;shutter_speed&quot;:&quot;0&quot;,&quot;title&quot;:&quot;&quot;,&quot;orientation&quot;:&quot;0&quot;}\" data-image-title=\"13 15\" data-image-description=\"\" data-image-caption=\"\" data-large-file=\"https:\/\/www.hoymercedes.com.ar\/principal\/wp-content\/uploads\/2018\/11\/13-15.png\" class=\"aligncenter size-medium wp-image-83374\" src=\"https:\/\/www.hoymercedes.com.ar\/principal\/wp-content\/uploads\/2018\/11\/13-15.png\" alt=\"\" width=\"423\" height=\"362\" srcset=\"https:\/\/www.hoymercedes.com.ar\/principal\/wp-content\/uploads\/2018\/11\/13-15.png 423w, https:\/\/www.hoymercedes.com.ar\/principal\/wp-content\/uploads\/2018\/11\/13-15-150x128.png 150w\" sizes=\"auto, (max-width: 423px) 100vw, 423px\" \/> <img loading=\"lazy\" decoding=\"async\" data-attachment-id=\"83375\" data-permalink=\"https:\/\/www.hoymercedes.com.ar\/principal\/2018\/11\/02\/en-femenino-velez-no-le-pierde-pisada-a-el-fronton-y-alfa-se-quedo-con-la-sub-12\/goles-13-15-11\/#main\" data-orig-file=\"https:\/\/www.hoymercedes.com.ar\/principal\/wp-content\/uploads\/2018\/11\/goles-13-15.png\" data-orig-size=\"617,406\" data-comments-opened=\"0\" data-image-meta=\"{&quot;aperture&quot;:&quot;0&quot;,&quot;credit&quot;:&quot;&quot;,&quot;camera&quot;:&quot;&quot;,&quot;caption&quot;:&quot;&quot;,&quot;created_timestamp&quot;:&quot;0&quot;,&quot;copyright&quot;:&quot;&quot;,&quot;focal_length&quot;:&quot;0&quot;,&quot;iso&quot;:&quot;0&quot;,&quot;shutter_speed&quot;:&quot;0&quot;,&quot;title&quot;:&quot;&quot;,&quot;orientation&quot;:&quot;0&quot;}\" data-image-title=\"goles 13 15\" data-image-description=\"\" data-image-caption=\"\" data-large-file=\"https:\/\/www.hoymercedes.com.ar\/principal\/wp-content\/uploads\/2018\/11\/goles-13-15.png\" class=\"aligncenter size-medium wp-image-83375\" src=\"https:\/\/www.hoymercedes.com.ar\/principal\/wp-content\/uploads\/2018\/11\/goles-13-15.png\" alt=\"\" width=\"617\" height=\"406\" srcset=\"https:\/\/www.hoymercedes.com.ar\/principal\/wp-content\/uploads\/2018\/11\/goles-13-15.png 617w, https:\/\/www.hoymercedes.com.ar\/principal\/wp-content\/uploads\/2018\/11\/goles-13-15-150x99.png 150w\" sizes=\"auto, (max-width: 617px) 100vw, 617px\" \/><\/p>\n","protected":false},"excerpt":{"rendered":"<p>En Olivera, ALFA fue quien recibi\u00f3 el fin de semana pasado a los equipos de Primera Divisi\u00f3n del F\u00fatbol Femenino &#8230; <a title=\"En Femenino, V\u00e9lez no le pierde pisada a El Front\u00f3n y ALFA se qued\u00f3 con la Sub 12\" class=\"read-more\" href=\"https:\/\/www.hoymercedes.com.ar\/principal\/2018\/11\/02\/en-femenino-velez-no-le-pierde-pisada-a-el-fronton-y-alfa-se-quedo-con-la-sub-12\/\" aria-label=\"Leer m\u00e1s sobre En Femenino, V\u00e9lez no le pierde pisada a El Front\u00f3n y ALFA se qued\u00f3 con la Sub 12\">Leer m\u00e1s<\/a><\/p>\n","protected":false},"author":1,"featured_media":83372,"comment_status":"closed","ping_status":"open","sticky":false,"template":"","format":"standard","meta":{"_monsterinsights_skip_tracking":false,"_monsterinsights_sitenote_active":false,"_monsterinsights_sitenote_note":"","_monsterinsights_sitenote_category":0,"jetpack_post_was_ever_published":false,"_jetpack_newsletter_access":"","_jetpack_dont_email_post_to_subs":false,"_jetpack_newsletter_tier_id":0,"_jetpack_memberships_contains_paywalled_content":false,"_jetpack_memberships_contains_paid_content":false,"footnotes":"","jetpack_publicize_message":"","jetpack_publicize_feature_enabled":true,"jetpack_social_post_already_shared":true,"jetpack_social_options":{"image_generator_settings":{"template":"highway","default_image_id":0,"font":"","enabled":false},"version":2},"_wpas_customize_per_network":false},"categories":[21],"tags":[204,895,1901],"class_list":["post-83370","post","type-post","status-publish","format-standard","has-post-thumbnail","hentry","category-deportes","tag-deportes-2","tag-futbol-femenino","tag-liga-mercedina","generate-columns","tablet-grid-50","mobile-grid-100","grid-parent","grid-50"],"jetpack_publicize_connections":[],"jetpack_featured_media_url":"https:\/\/www.hoymercedes.com.ar\/principal\/wp-content\/uploads\/2018\/11\/FUTBOL-FEMENINO-ALFA.jpg","wps_subtitle":"Liga Mercedina","jetpack_sharing_enabled":true,"_links":{"self":[{"href":"https:\/\/www.hoymercedes.com.ar\/principal\/wp-json\/wp\/v2\/posts\/83370","targetHints":{"allow":["GET"]}}],"collection":[{"href":"https:\/\/www.hoymercedes.com.ar\/principal\/wp-json\/wp\/v2\/posts"}],"about":[{"href":"https:\/\/www.hoymercedes.com.ar\/principal\/wp-json\/wp\/v2\/types\/post"}],"author":[{"embeddable":true,"href":"https:\/\/www.hoymercedes.com.ar\/principal\/wp-json\/wp\/v2\/users\/1"}],"replies":[{"embeddable":true,"href":"https:\/\/www.hoymercedes.com.ar\/principal\/wp-json\/wp\/v2\/comments?post=83370"}],"version-history":[{"count":0,"href":"https:\/\/www.hoymercedes.com.ar\/principal\/wp-json\/wp\/v2\/posts\/83370\/revisions"}],"wp:featuredmedia":[{"embeddable":true,"href":"https:\/\/www.hoymercedes.com.ar\/principal\/wp-json\/wp\/v2\/media\/83372"}],"wp:attachment":[{"href":"https:\/\/www.hoymercedes.com.ar\/principal\/wp-json\/wp\/v2\/media?parent=83370"}],"wp:term":[{"taxonomy":"category","embeddable":true,"href":"https:\/\/www.hoymercedes.com.ar\/principal\/wp-json\/wp\/v2\/categories?post=83370"},{"taxonomy":"post_tag","embeddable":true,"href":"https:\/\/www.hoymercedes.com.ar\/principal\/wp-json\/wp\/v2\/tags?post=83370"}],"curies":[{"name":"wp","href":"https:\/\/api.w.org\/{rel}","templated":true}]}}