{"id":83380,"date":"2018-11-02T19:27:35","date_gmt":"2018-11-02T22:27:35","guid":{"rendered":"http:\/\/www.hoymercedes.com.ar\/principal\/?p=83380"},"modified":"2018-11-02T18:00:48","modified_gmt":"2018-11-02T21:00:48","slug":"estudiantes-perdio-la-ida-ante-rivadavia-de-lincoln-por-el-sub-13","status":"publish","type":"post","link":"https:\/\/www.hoymercedes.com.ar\/principal\/2018\/11\/02\/estudiantes-perdio-la-ida-ante-rivadavia-de-lincoln-por-el-sub-13\/","title":{"rendered":"Estudiantes perdi\u00f3 la ida ante Rivadavia de Lincoln por el Sub 13"},"content":{"rendered":"<p>Comenzaron a jugarse los octavos de final del torneo Sub 13 de clubes de la Federaci\u00f3n Norte de F\u00fatbol y Estudiantes, representante de la Liga Mercedina se midi\u00f3 en el encuentro de ida ante Rivadavia de Lincoln (Liga Deportiva del Oeste). El encuentro termin\u00f3 1 a 0 para el local con un gol a los 4 minutos del segundo tiempo marcado por Bautista Scheffer.<\/p>\n<p><img loading=\"lazy\" decoding=\"async\" data-attachment-id=\"83381\" data-permalink=\"https:\/\/www.hoymercedes.com.ar\/principal\/2018\/11\/02\/estudiantes-perdio-la-ida-ante-rivadavia-de-lincoln-por-el-sub-13\/estudiantes-sub-13-federacion-norte\/#main\" data-orig-file=\"https:\/\/www.hoymercedes.com.ar\/principal\/wp-content\/uploads\/2018\/11\/Estudiantes-Sub-13-Federaci\u00f3n-Norte.jpg\" data-orig-size=\"960,539\" data-comments-opened=\"0\" data-image-meta=\"{&quot;aperture&quot;:&quot;0&quot;,&quot;credit&quot;:&quot;&quot;,&quot;camera&quot;:&quot;&quot;,&quot;caption&quot;:&quot;&quot;,&quot;created_timestamp&quot;:&quot;0&quot;,&quot;copyright&quot;:&quot;&quot;,&quot;focal_length&quot;:&quot;0&quot;,&quot;iso&quot;:&quot;0&quot;,&quot;shutter_speed&quot;:&quot;0&quot;,&quot;title&quot;:&quot;&quot;,&quot;orientation&quot;:&quot;0&quot;}\" data-image-title=\"Estudiantes Sub 13 Federaci\u00f3n Norte\" data-image-description=\"\" data-image-caption=\"\" data-large-file=\"https:\/\/www.hoymercedes.com.ar\/principal\/wp-content\/uploads\/2018\/11\/Estudiantes-Sub-13-Federaci\u00f3n-Norte.jpg\" class=\"aligncenter size-medium wp-image-83381\" src=\"https:\/\/www.hoymercedes.com.ar\/principal\/wp-content\/uploads\/2018\/11\/Estudiantes-Sub-13-Federaci\u00f3n-Norte-630x354.jpg\" alt=\"\" width=\"630\" height=\"354\" srcset=\"https:\/\/www.hoymercedes.com.ar\/principal\/wp-content\/uploads\/2018\/11\/Estudiantes-Sub-13-Federaci\u00f3n-Norte-630x354.jpg 630w, https:\/\/www.hoymercedes.com.ar\/principal\/wp-content\/uploads\/2018\/11\/Estudiantes-Sub-13-Federaci\u00f3n-Norte-150x84.jpg 150w, https:\/\/www.hoymercedes.com.ar\/principal\/wp-content\/uploads\/2018\/11\/Estudiantes-Sub-13-Federaci\u00f3n-Norte.jpg 960w\" sizes=\"auto, (max-width: 630px) 100vw, 630px\" \/><\/p>\n<p>La ida se jugar\u00e1 la semana pr\u00f3xima en Mercedes. Por su parte El Front\u00f3n de San Andr\u00e9s de Giles consigui\u00f3 una diferencia que casi lo deja clasificado a cuartos, ya que vapule\u00f3 a Central Buenos Aires de Z\u00e1rate jugando como local por 7 a 0.<\/p>\n<p><strong>Rivadavia (Lincoln) 1:<\/strong>\u00a0Bautista Scheffer.<br \/>\n<strong>Estudiantes 0<\/strong>.<\/p>\n<p><strong>El Front\u00f3n 4:<\/strong>\u00a0Serrano 4, Gonz\u00e1lez, Garabano y Castello<br \/>\n<strong>Central Buenos Aires 0<\/strong>.<\/p>\n<p><strong>Los dem\u00e1s resultados<\/strong><br \/>\nJorge Newbery (Rojas) 1\u00a0\u2013 Sarmiento\u00a0 (Jun\u00edn) 4.<br \/>\nPe\u00f1a La 12 (Chacabuco) 0 \u2013 Gimnasia (Chivilcoy) 6.<br \/>\nLeones Azules (Ca) 0 \u2013 Belgrano (Z\u00e1rate) 4.<br \/>\nRegatas (San Nicol\u00e1s) 2 \u2013 Independiente (San Pedro) 1.<br \/>\nInternacional 2 \u2013 Sportivo Barracas (Col\u00f3n) 2.<br \/>\nUni\u00f3n (Rojas)1 \u2013 Argentino (Pergamino) 1.<\/p>\n<p>&nbsp;<\/p>\n","protected":false},"excerpt":{"rendered":"<p>Comenzaron a jugarse los octavos de final del torneo Sub 13 de clubes de la Federaci\u00f3n Norte de F\u00fatbol y &#8230; <a title=\"Estudiantes perdi\u00f3 la ida ante Rivadavia de Lincoln por el Sub 13\" class=\"read-more\" href=\"https:\/\/www.hoymercedes.com.ar\/principal\/2018\/11\/02\/estudiantes-perdio-la-ida-ante-rivadavia-de-lincoln-por-el-sub-13\/\" aria-label=\"Leer m\u00e1s sobre Estudiantes perdi\u00f3 la ida ante Rivadavia de Lincoln por el Sub 13\">Leer m\u00e1s<\/a><\/p>\n","protected":false},"author":1,"featured_media":83381,"comment_status":"closed","ping_status":"open","sticky":false,"template":"","format":"standard","meta":{"_monsterinsights_skip_tracking":false,"_monsterinsights_sitenote_active":false,"_monsterinsights_sitenote_note":"","_monsterinsights_sitenote_category":0,"jetpack_post_was_ever_published":false,"_jetpack_newsletter_access":"","_jetpack_dont_email_post_to_subs":false,"_jetpack_newsletter_tier_id":0,"_jetpack_memberships_contains_paywalled_content":false,"_jetpack_memberships_contains_paid_content":false,"footnotes":"","jetpack_publicize_message":"","jetpack_publicize_feature_enabled":true,"jetpack_social_post_already_shared":true,"jetpack_social_options":{"image_generator_settings":{"template":"highway","default_image_id":0,"font":"","enabled":false},"version":2},"_wpas_customize_per_network":false},"categories":[21],"tags":[204,829,8426,1003],"class_list":["post-83380","post","type-post","status-publish","format-standard","has-post-thumbnail","hentry","category-deportes","tag-deportes-2","tag-estudiantes","tag-federacion-norte","tag-futbol","generate-columns","tablet-grid-50","mobile-grid-100","grid-parent","grid-50"],"jetpack_publicize_connections":[],"jetpack_featured_media_url":"https:\/\/www.hoymercedes.com.ar\/principal\/wp-content\/uploads\/2018\/11\/Estudiantes-Sub-13-Federaci\u00f3n-Norte.jpg","wps_subtitle":"Federaci\u00f3n Norte","jetpack_sharing_enabled":true,"jetpack-related-posts":[{"id":80868,"url":"https:\/\/www.hoymercedes.com.ar\/principal\/2018\/09\/10\/estudiantes-y-el-fronton-jugaran-el-sub-13-de-la-federacion-norte\/","url_meta":{"origin":83380,"position":0},"title":"Estudiantes y El Front\u00f3n jugar\u00e1n el Sub 13 de la Federaci\u00f3n Norte","author":"hoymercedes","date":"10 septiembre, 2018","format":false,"excerpt":"Estudiantes y El Front\u00f3n confirmaron que ser\u00e1n los dos representantes que tendr\u00e1 la Liga Mercedina para jugar el torneo Sub 13 organizado por la Federaci\u00f3n Norte de F\u00fatbol. Los otros equipos que lo jugar\u00e1n son Obras Sanitarias y Sportsman (Liga de Arrecifes), Lechuga FC y Leones Azules (Campana),\u00a0 Argentino y\u2026","rel":"","context":"En \u00abDeportes\u00bb","block_context":{"text":"Deportes","link":"https:\/\/www.hoymercedes.com.ar\/principal\/category\/deportes\/"},"img":{"alt_text":"","src":"https:\/\/i0.wp.com\/www.hoymercedes.com.ar\/principal\/wp-content\/uploads\/2018\/09\/Estudiantes-Logo.jpg?resize=350%2C200&ssl=1","width":350,"height":200,"srcset":"https:\/\/i0.wp.com\/www.hoymercedes.com.ar\/principal\/wp-content\/uploads\/2018\/09\/Estudiantes-Logo.jpg?resize=350%2C200&ssl=1 1x, https:\/\/i0.wp.com\/www.hoymercedes.com.ar\/principal\/wp-content\/uploads\/2018\/09\/Estudiantes-Logo.jpg?resize=525%2C300&ssl=1 1.5x, https:\/\/i0.wp.com\/www.hoymercedes.com.ar\/principal\/wp-content\/uploads\/2018\/09\/Estudiantes-Logo.jpg?resize=700%2C400&ssl=1 2x"},"classes":[]},{"id":84027,"url":"https:\/\/www.hoymercedes.com.ar\/principal\/2018\/11\/16\/estudiantes-quedo-eliminado-en-el-primer-cruce-del-sub-13\/","url_meta":{"origin":83380,"position":1},"title":"Estudiantes qued\u00f3 eliminado en el primer cruce del Sub 13","author":"hoymercedes","date":"16 noviembre, 2018","format":false,"excerpt":"Tras perder el partido de ida de los octavos de final del torneo Sub 13 de clubes organizado por la Federaci\u00f3n Norte de F\u00fatbol, Estudiantes, que hab\u00eda hecho una gran fase de grupos siendo l\u00edder invicto de su zona, no pudo convertirle a Rivadavia de Lincoln y se qued\u00f3 sin\u2026","rel":"","context":"En \u00abDeportes\u00bb","block_context":{"text":"Deportes","link":"https:\/\/www.hoymercedes.com.ar\/principal\/category\/deportes\/"},"img":{"alt_text":"","src":"https:\/\/i0.wp.com\/www.hoymercedes.com.ar\/principal\/wp-content\/uploads\/2018\/11\/Estudiantes-Sub-13-Federaci%C3%B3n-Norte-1.jpg?resize=350%2C200&ssl=1","width":350,"height":200,"srcset":"https:\/\/i0.wp.com\/www.hoymercedes.com.ar\/principal\/wp-content\/uploads\/2018\/11\/Estudiantes-Sub-13-Federaci%C3%B3n-Norte-1.jpg?resize=350%2C200&ssl=1 1x, https:\/\/i0.wp.com\/www.hoymercedes.com.ar\/principal\/wp-content\/uploads\/2018\/11\/Estudiantes-Sub-13-Federaci%C3%B3n-Norte-1.jpg?resize=525%2C300&ssl=1 1.5x, https:\/\/i0.wp.com\/www.hoymercedes.com.ar\/principal\/wp-content\/uploads\/2018\/11\/Estudiantes-Sub-13-Federaci%C3%B3n-Norte-1.jpg?resize=700%2C400&ssl=1 2x"},"classes":[]},{"id":84586,"url":"https:\/\/www.hoymercedes.com.ar\/principal\/2018\/11\/29\/el-fronton-es-semifinalista-del-sub-13-de-la-federacion-norte\/","url_meta":{"origin":83380,"position":2},"title":"El Front\u00f3n es semifinalista del Sub 13 de la Federaci\u00f3n Norte","author":"hoymercedes","date":"29 noviembre, 2018","format":false,"excerpt":"Ya con Estudiantes en el camino en octavos de final, los cuartos lo tuvieron como representante de la Liga Mercedina a El Front\u00f3n de San Andr\u00e9s de Giles que volvi\u00f3 a vencer a Belgrano de Z\u00e1rate, esta vez como visitante y con el global de 4 a 1 es uno\u2026","rel":"","context":"En \u00abDeportes\u00bb","block_context":{"text":"Deportes","link":"https:\/\/www.hoymercedes.com.ar\/principal\/category\/deportes\/"},"img":{"alt_text":"","src":"https:\/\/i0.wp.com\/www.hoymercedes.com.ar\/principal\/wp-content\/uploads\/2018\/11\/El-Front%C3%B3n-Sub-13-Fed-Norte.jpg?resize=350%2C200&ssl=1","width":350,"height":200,"srcset":"https:\/\/i0.wp.com\/www.hoymercedes.com.ar\/principal\/wp-content\/uploads\/2018\/11\/El-Front%C3%B3n-Sub-13-Fed-Norte.jpg?resize=350%2C200&ssl=1 1x, https:\/\/i0.wp.com\/www.hoymercedes.com.ar\/principal\/wp-content\/uploads\/2018\/11\/El-Front%C3%B3n-Sub-13-Fed-Norte.jpg?resize=525%2C300&ssl=1 1.5x, https:\/\/i0.wp.com\/www.hoymercedes.com.ar\/principal\/wp-content\/uploads\/2018\/11\/El-Front%C3%B3n-Sub-13-Fed-Norte.jpg?resize=700%2C400&ssl=1 2x"},"classes":[]},{"id":81335,"url":"https:\/\/www.hoymercedes.com.ar\/principal\/2018\/09\/21\/estudiantes-y-el-fronton-debutaron-con-una-victoria-en-sub-13\/","url_meta":{"origin":83380,"position":3},"title":"Estudiantes y El Front\u00f3n debutaron con una victoria en Sub 13","author":"hoymercedes","date":"21 septiembre, 2018","format":false,"excerpt":"Los dos representantes que tiene la Liga Mercedina en el torneo Federaci\u00f3n Norte Sub 13 comenzaron con el pie derecho. Estudiantes, en cancha de la Liga Mercedina, derrot\u00f3 1 a 0 a Col\u00f3n de Chivilcoy y El Front\u00f3n barri\u00f3 a Victoria de San Antonio de Areco por 7 a 0.\u2026","rel":"","context":"En \u00abDeportes\u00bb","block_context":{"text":"Deportes","link":"https:\/\/www.hoymercedes.com.ar\/principal\/category\/deportes\/"},"img":{"alt_text":"","src":"https:\/\/i0.wp.com\/www.hoymercedes.com.ar\/principal\/wp-content\/uploads\/2018\/09\/El-Fronton-Sub-13.jpg?resize=350%2C200&ssl=1","width":350,"height":200,"srcset":"https:\/\/i0.wp.com\/www.hoymercedes.com.ar\/principal\/wp-content\/uploads\/2018\/09\/El-Fronton-Sub-13.jpg?resize=350%2C200&ssl=1 1x, https:\/\/i0.wp.com\/www.hoymercedes.com.ar\/principal\/wp-content\/uploads\/2018\/09\/El-Fronton-Sub-13.jpg?resize=525%2C300&ssl=1 1.5x, https:\/\/i0.wp.com\/www.hoymercedes.com.ar\/principal\/wp-content\/uploads\/2018\/09\/El-Fronton-Sub-13.jpg?resize=700%2C400&ssl=1 2x"},"classes":[]},{"id":81771,"url":"https:\/\/www.hoymercedes.com.ar\/principal\/2018\/09\/29\/victoria-de-estudiantes-y-derrota-de-el-fronton-en-el-sub-13-de-la-federacion-norte\/","url_meta":{"origin":83380,"position":4},"title":"Victoria de Estudiantes y derrota de El Front\u00f3n en el Sub 13 de la Federaci\u00f3n Norte","author":"hoymercedes","date":"29 septiembre, 2018","format":false,"excerpt":"Durante la semana se jug\u00f3 la segunda fecha del torneo Sub 13 de clubes de la Federaci\u00f3n Norte. Estudiantes obtuvo el segundo triunfo al hilo. Fue en condici\u00f3n de visitante ante Argentino de Chacabuco y por 3 a 0, mientras que El Front\u00f3n cay\u00f3, tambi\u00e9n como visitante, 1 a 0\u2026","rel":"","context":"En \u00abDeportes\u00bb","block_context":{"text":"Deportes","link":"https:\/\/www.hoymercedes.com.ar\/principal\/category\/deportes\/"},"img":{"alt_text":"","src":"https:\/\/i0.wp.com\/www.hoymercedes.com.ar\/principal\/wp-content\/uploads\/2018\/09\/Estudiantes-Logo.jpg?resize=350%2C200&ssl=1","width":350,"height":200,"srcset":"https:\/\/i0.wp.com\/www.hoymercedes.com.ar\/principal\/wp-content\/uploads\/2018\/09\/Estudiantes-Logo.jpg?resize=350%2C200&ssl=1 1x, https:\/\/i0.wp.com\/www.hoymercedes.com.ar\/principal\/wp-content\/uploads\/2018\/09\/Estudiantes-Logo.jpg?resize=525%2C300&ssl=1 1.5x, https:\/\/i0.wp.com\/www.hoymercedes.com.ar\/principal\/wp-content\/uploads\/2018\/09\/Estudiantes-Logo.jpg?resize=700%2C400&ssl=1 2x"},"classes":[]},{"id":52164,"url":"https:\/\/www.hoymercedes.com.ar\/principal\/2016\/07\/06\/la-sub-15-con-miras-al-nacional-de-selecciones\/","url_meta":{"origin":83380,"position":5},"title":"La Sub 15, con miras al Nacional de Selecciones","author":"hoymercedes","date":"6 julio, 2016","format":false,"excerpt":"Diego Silvestre es el entrenador de un equipo que buscar\u00e1 llegar a lo m\u00e1s alto de este certamen organizado por la Asociaci\u00f3n del F\u00fatbol Argentino. El certamen comenzar\u00e1 en agosto y todav\u00eda no se sabe d\u00f3nde ser\u00e1 la final,\u00a0 mientras los juveniles mercedinos entrenan. Con cuarenta jugadores y bajo la\u2026","rel":"","context":"En \u00abDeportes\u00bb","block_context":{"text":"Deportes","link":"https:\/\/www.hoymercedes.com.ar\/principal\/category\/deportes\/"},"img":{"alt_text":"","src":"https:\/\/i0.wp.com\/www.hoymercedes.com.ar\/principal\/wp-content\/uploads\/2016\/07\/SDC11485.jpg?resize=350%2C200&ssl=1","width":350,"height":200,"srcset":"https:\/\/i0.wp.com\/www.hoymercedes.com.ar\/principal\/wp-content\/uploads\/2016\/07\/SDC11485.jpg?resize=350%2C200&ssl=1 1x, https:\/\/i0.wp.com\/www.hoymercedes.com.ar\/principal\/wp-content\/uploads\/2016\/07\/SDC11485.jpg?resize=525%2C300&ssl=1 1.5x, https:\/\/i0.wp.com\/www.hoymercedes.com.ar\/principal\/wp-content\/uploads\/2016\/07\/SDC11485.jpg?resize=700%2C400&ssl=1 2x, https:\/\/i0.wp.com\/www.hoymercedes.com.ar\/principal\/wp-content\/uploads\/2016\/07\/SDC11485.jpg?resize=1050%2C600&ssl=1 3x, https:\/\/i0.wp.com\/www.hoymercedes.com.ar\/principal\/wp-content\/uploads\/2016\/07\/SDC11485.jpg?resize=1400%2C800&ssl=1 4x"},"classes":[]}],"_links":{"self":[{"href":"https:\/\/www.hoymercedes.com.ar\/principal\/wp-json\/wp\/v2\/posts\/83380","targetHints":{"allow":["GET"]}}],"collection":[{"href":"https:\/\/www.hoymercedes.com.ar\/principal\/wp-json\/wp\/v2\/posts"}],"about":[{"href":"https:\/\/www.hoymercedes.com.ar\/principal\/wp-json\/wp\/v2\/types\/post"}],"author":[{"embeddable":true,"href":"https:\/\/www.hoymercedes.com.ar\/principal\/wp-json\/wp\/v2\/users\/1"}],"replies":[{"embeddable":true,"href":"https:\/\/www.hoymercedes.com.ar\/principal\/wp-json\/wp\/v2\/comments?post=83380"}],"version-history":[{"count":0,"href":"https:\/\/www.hoymercedes.com.ar\/principal\/wp-json\/wp\/v2\/posts\/83380\/revisions"}],"wp:featuredmedia":[{"embeddable":true,"href":"https:\/\/www.hoymercedes.com.ar\/principal\/wp-json\/wp\/v2\/media\/83381"}],"wp:attachment":[{"href":"https:\/\/www.hoymercedes.com.ar\/principal\/wp-json\/wp\/v2\/media?parent=83380"}],"wp:term":[{"taxonomy":"category","embeddable":true,"href":"https:\/\/www.hoymercedes.com.ar\/principal\/wp-json\/wp\/v2\/categories?post=83380"},{"taxonomy":"post_tag","embeddable":true,"href":"https:\/\/www.hoymercedes.com.ar\/principal\/wp-json\/wp\/v2\/tags?post=83380"}],"curies":[{"name":"wp","href":"https:\/\/api.w.org\/{rel}","templated":true}]}}