{"id":8339,"date":"2011-10-18T02:37:23","date_gmt":"2011-10-18T02:37:23","guid":{"rendered":"http:\/\/www.hoymercedes.com.ar\/principal\/?p=8339"},"modified":"2011-10-18T02:37:23","modified_gmt":"2011-10-18T02:37:23","slug":"san-martin-campeon-del-torneo-inter-sum","status":"publish","type":"post","link":"https:\/\/www.hoymercedes.com.ar\/principal\/2011\/10\/18\/san-martin-campeon-del-torneo-inter-sum\/","title":{"rendered":"San Martin campe\u00f3n del Torneo Inter Sum"},"content":{"rendered":"<p>El pasado dia s\u00e1bado, finalizo un nuevo Torneo InterSUM. Estos encuentros, que se dividen en categor\u00edas masculino y femenino, est\u00e1n destinados a las chicas y chicos de diferentes barrios y que concurren a los distintos Salones de Usos M\u00faltiples del Partido.<\/p>\n<p>De este Torneo, participaron los representantes del Barrio Ravello, Blandengues y San Martin.<\/p>\n<p>En un marco brindado para toda la familia, con la participaci\u00f3n de la Secretaria de Desarrollo Social y la Direccion de Deportes.<\/p>\n<p>Un gran numero de jovenes, acompa\u00f1ados de sus padres, asistieron a los \u00faltimos encuentros de este Torneo el pasado dia s\u00e1bado, realizado en la Plaza del Barrio San Martin donde, adem\u00e1s de los funcionarios responsables de las \u00e1reas municipales mencionadas, se destaco la presencia del ex futbolista y reconocido vecino Fernando Moner, quien hizo uso de la palabra, y fue el encargado de entregar los trofeos, junto a los funcionarios municipales, a los equipos ganadores.<\/p>\n<p>En esta oportunidad, el equipo de Barrio Ravello se ubico en el tercer lugar, los de Blandengues obtuvieron el segundo puesto, y los representantes del Barrio San Martin fueron los campeones del torneo.<\/p>\n<p><span style=\"color: #888888;\">Fuente: Municipalidad de Mercedes<\/span><\/p>\n","protected":false},"excerpt":{"rendered":"<p>El pasado dia s\u00e1bado, finalizo un nuevo Torneo InterSUM. Estos encuentros, que se dividen en categor\u00edas masculino y femenino, est\u00e1n &#8230; <a title=\"San Martin campe\u00f3n del Torneo Inter Sum\" class=\"read-more\" href=\"https:\/\/www.hoymercedes.com.ar\/principal\/2011\/10\/18\/san-martin-campeon-del-torneo-inter-sum\/\" aria-label=\"Leer m\u00e1s sobre San Martin campe\u00f3n del Torneo Inter Sum\">Leer m\u00e1s<\/a><\/p>\n","protected":false},"author":1,"featured_media":0,"comment_status":"open","ping_status":"open","sticky":false,"template":"","format":"standard","meta":{"_monsterinsights_skip_tracking":false,"_monsterinsights_sitenote_active":false,"_monsterinsights_sitenote_note":"","_monsterinsights_sitenote_category":0,"jetpack_post_was_ever_published":false,"_jetpack_newsletter_access":"","_jetpack_dont_email_post_to_subs":false,"_jetpack_newsletter_tier_id":0,"_jetpack_memberships_contains_paywalled_content":false,"_jetpack_memberships_contains_paid_content":false,"footnotes":"","jetpack_publicize_message":"","jetpack_publicize_feature_enabled":true,"jetpack_social_post_already_shared":false,"jetpack_social_options":{"image_generator_settings":{"template":"highway","default_image_id":0,"font":"","enabled":false},"version":2},"_wpas_customize_per_network":false},"categories":[21],"tags":[1482],"class_list":["post-8339","post","type-post","status-publish","format-standard","hentry","category-deportes","tag-intersum","generate-columns","tablet-grid-50","mobile-grid-100","grid-parent","grid-50"],"jetpack_publicize_connections":[],"jetpack_featured_media_url":"","wps_subtitle":"","jetpack_sharing_enabled":true,"_links":{"self":[{"href":"https:\/\/www.hoymercedes.com.ar\/principal\/wp-json\/wp\/v2\/posts\/8339","targetHints":{"allow":["GET"]}}],"collection":[{"href":"https:\/\/www.hoymercedes.com.ar\/principal\/wp-json\/wp\/v2\/posts"}],"about":[{"href":"https:\/\/www.hoymercedes.com.ar\/principal\/wp-json\/wp\/v2\/types\/post"}],"author":[{"embeddable":true,"href":"https:\/\/www.hoymercedes.com.ar\/principal\/wp-json\/wp\/v2\/users\/1"}],"replies":[{"embeddable":true,"href":"https:\/\/www.hoymercedes.com.ar\/principal\/wp-json\/wp\/v2\/comments?post=8339"}],"version-history":[{"count":0,"href":"https:\/\/www.hoymercedes.com.ar\/principal\/wp-json\/wp\/v2\/posts\/8339\/revisions"}],"wp:attachment":[{"href":"https:\/\/www.hoymercedes.com.ar\/principal\/wp-json\/wp\/v2\/media?parent=8339"}],"wp:term":[{"taxonomy":"category","embeddable":true,"href":"https:\/\/www.hoymercedes.com.ar\/principal\/wp-json\/wp\/v2\/categories?post=8339"},{"taxonomy":"post_tag","embeddable":true,"href":"https:\/\/www.hoymercedes.com.ar\/principal\/wp-json\/wp\/v2\/tags?post=8339"}],"curies":[{"name":"wp","href":"https:\/\/api.w.org\/{rel}","templated":true}]}}