{"id":83397,"date":"2018-11-02T17:18:57","date_gmt":"2018-11-02T20:18:57","guid":{"rendered":"http:\/\/www.hoymercedes.com.ar\/principal\/?p=83397"},"modified":"2018-11-02T17:25:27","modified_gmt":"2018-11-02T20:25:27","slug":"3-nuevas-regadoras-y-recuperacion-de-otras-7-ademas-de-1-auto-y-1-camion-barredor-en-talleres-municipales","status":"publish","type":"post","link":"https:\/\/www.hoymercedes.com.ar\/principal\/2018\/11\/02\/3-nuevas-regadoras-y-recuperacion-de-otras-7-ademas-de-1-auto-y-1-camion-barredor-en-talleres-municipales\/","title":{"rendered":"Tres nuevas regadoras y recuperaci\u00f3n de otras siete, adem\u00e1s de un auto y un cami\u00f3n barredor en talleres municipales"},"content":{"rendered":"<figure id=\"attachment_83398\" aria-describedby=\"caption-attachment-83398\" style=\"width: 620px\" class=\"wp-caption aligncenter\"><img loading=\"lazy\" decoding=\"async\" data-attachment-id=\"83398\" data-permalink=\"https:\/\/www.hoymercedes.com.ar\/principal\/2018\/11\/02\/3-nuevas-regadoras-y-recuperacion-de-otras-7-ademas-de-1-auto-y-1-camion-barredor-en-talleres-municipales\/vehiculos-3\/#main\" data-orig-file=\"https:\/\/www.hoymercedes.com.ar\/principal\/wp-content\/uploads\/2018\/11\/vehiculos-3.jpg\" data-orig-size=\"911,608\" data-comments-opened=\"0\" data-image-meta=\"{&quot;aperture&quot;:&quot;0&quot;,&quot;credit&quot;:&quot;&quot;,&quot;camera&quot;:&quot;&quot;,&quot;caption&quot;:&quot;&quot;,&quot;created_timestamp&quot;:&quot;0&quot;,&quot;copyright&quot;:&quot;&quot;,&quot;focal_length&quot;:&quot;0&quot;,&quot;iso&quot;:&quot;0&quot;,&quot;shutter_speed&quot;:&quot;0&quot;,&quot;title&quot;:&quot;&quot;,&quot;orientation&quot;:&quot;0&quot;}\" data-image-title=\"vehiculos-3\" data-image-description=\"\" data-image-caption=\"&lt;p&gt;Vechiculos recuperados&lt;\/p&gt;\n\" data-large-file=\"https:\/\/www.hoymercedes.com.ar\/principal\/wp-content\/uploads\/2018\/11\/vehiculos-3.jpg\" class=\"size-medium wp-image-83398\" src=\"https:\/\/www.hoymercedes.com.ar\/principal\/wp-content\/uploads\/2018\/11\/vehiculos-3-630x420.jpg\" alt=\"\" width=\"630\" height=\"420\" srcset=\"https:\/\/www.hoymercedes.com.ar\/principal\/wp-content\/uploads\/2018\/11\/vehiculos-3-630x420.jpg 630w, https:\/\/www.hoymercedes.com.ar\/principal\/wp-content\/uploads\/2018\/11\/vehiculos-3-150x100.jpg 150w, https:\/\/www.hoymercedes.com.ar\/principal\/wp-content\/uploads\/2018\/11\/vehiculos-3.jpg 911w\" sizes=\"auto, (max-width: 630px) 100vw, 630px\" \/><figcaption id=\"caption-attachment-83398\" class=\"wp-caption-text\">Vechiculos recuperados<\/figcaption><\/figure>\n<p>Municipio adquiri\u00f3 3 regadoras 0km y en los talleres recuperaron 7 regadoras, 1 barredora de gran porte y el auto oficial que fuera del Dr. Gioscio que desde hac\u00eda a\u00f1os estaba sin uso. La inversi\u00f3n en repuestos fue con fondos propios y la mano de obra de los trabajadores municipales. Ustarroz felicit\u00f3 a todos los empleados \u201cpor la brillante tarea efectuada, el compromiso y desempe\u00f1o realizado\u201d<\/p>\n<p>La presentaci\u00f3n la hizo junto a Lu\u00eds Ponce, uno de los encargados del \u00e1rea, y especialmente con una gran cantidad de trabajadores de los talleres, desde tapiceros a herreros, mec\u00e1nicos, pintores, todos los que efectuaron la gran tarea.<\/p>\n<figure id=\"attachment_83399\" aria-describedby=\"caption-attachment-83399\" style=\"width: 620px\" class=\"wp-caption aligncenter\"><img loading=\"lazy\" decoding=\"async\" data-attachment-id=\"83399\" data-permalink=\"https:\/\/www.hoymercedes.com.ar\/principal\/2018\/11\/02\/3-nuevas-regadoras-y-recuperacion-de-otras-7-ademas-de-1-auto-y-1-camion-barredor-en-talleres-municipales\/re\/#main\" data-orig-file=\"https:\/\/www.hoymercedes.com.ar\/principal\/wp-content\/uploads\/2018\/11\/re.jpeg\" data-orig-size=\"1280,720\" data-comments-opened=\"0\" data-image-meta=\"{&quot;aperture&quot;:&quot;0&quot;,&quot;credit&quot;:&quot;&quot;,&quot;camera&quot;:&quot;&quot;,&quot;caption&quot;:&quot;&quot;,&quot;created_timestamp&quot;:&quot;0&quot;,&quot;copyright&quot;:&quot;&quot;,&quot;focal_length&quot;:&quot;0&quot;,&quot;iso&quot;:&quot;0&quot;,&quot;shutter_speed&quot;:&quot;0&quot;,&quot;title&quot;:&quot;&quot;,&quot;orientation&quot;:&quot;0&quot;}\" data-image-title=\"re\" data-image-description=\"\" data-image-caption=\"&lt;p&gt;Regadoras, auto y barredora&lt;\/p&gt;\n\" data-large-file=\"https:\/\/www.hoymercedes.com.ar\/principal\/wp-content\/uploads\/2018\/11\/re-1024x576.jpeg\" class=\"size-medium wp-image-83399\" src=\"https:\/\/www.hoymercedes.com.ar\/principal\/wp-content\/uploads\/2018\/11\/re-630x354.jpeg\" alt=\"\" width=\"630\" height=\"354\" srcset=\"https:\/\/www.hoymercedes.com.ar\/principal\/wp-content\/uploads\/2018\/11\/re-630x354.jpeg 630w, https:\/\/www.hoymercedes.com.ar\/principal\/wp-content\/uploads\/2018\/11\/re-150x84.jpeg 150w, https:\/\/www.hoymercedes.com.ar\/principal\/wp-content\/uploads\/2018\/11\/re-1024x576.jpeg 1024w, https:\/\/www.hoymercedes.com.ar\/principal\/wp-content\/uploads\/2018\/11\/re.jpeg 1280w\" sizes=\"auto, (max-width: 630px) 100vw, 630px\" \/><figcaption id=\"caption-attachment-83399\" class=\"wp-caption-text\">Regadoras, auto y barredora<\/figcaption><\/figure>\n<p>El intendente Juan Ignacio Ustarroz, ante la recuperaci\u00f3n de diferentes veh\u00edculos comunales, felicit\u00f3 p\u00fablicamente el gran trabajo que vienen realizando los trabajadores en el corral\u00f3n municipal. Los mismos, se suman a la gran flota que se ha recuperado y adquirido en esta gesti\u00f3n. \u201cHoy todos los trabajos que se hacen la ciudad son gracias a ellos, nosotros tratamos de darles las herramientas adecuadas, generar el clima de trabajo necesario para llevar adelante todas estas transformaciones que concluyen en mejoras concretas para los vecinos\u201d defini\u00f3 el primer mandatario, el Dr. Ustarroz.<\/p>\n<p>Conjuntamente, el jefe comunal con orgullo destac\u00f3 la brillante tarea que llevan adelante \u201clos trabajadores a trav\u00e9s de los talleres municipales\u201d y a\u00f1adi\u00f3 \u201chan hecho un trabajo realmente impecable, donde hemos recuperado siete tanques regadores\u201d<\/p>\n<figure id=\"attachment_83400\" aria-describedby=\"caption-attachment-83400\" style=\"width: 620px\" class=\"wp-caption aligncenter\"><img loading=\"lazy\" decoding=\"async\" data-attachment-id=\"83400\" data-permalink=\"https:\/\/www.hoymercedes.com.ar\/principal\/2018\/11\/02\/3-nuevas-regadoras-y-recuperacion-de-otras-7-ademas-de-1-auto-y-1-camion-barredor-en-talleres-municipales\/vehiculos-1\/#main\" data-orig-file=\"https:\/\/www.hoymercedes.com.ar\/principal\/wp-content\/uploads\/2018\/11\/vehiculos-1.jpg\" data-orig-size=\"985,657\" data-comments-opened=\"0\" data-image-meta=\"{&quot;aperture&quot;:&quot;0&quot;,&quot;credit&quot;:&quot;&quot;,&quot;camera&quot;:&quot;&quot;,&quot;caption&quot;:&quot;&quot;,&quot;created_timestamp&quot;:&quot;0&quot;,&quot;copyright&quot;:&quot;&quot;,&quot;focal_length&quot;:&quot;0&quot;,&quot;iso&quot;:&quot;0&quot;,&quot;shutter_speed&quot;:&quot;0&quot;,&quot;title&quot;:&quot;&quot;,&quot;orientation&quot;:&quot;0&quot;}\" data-image-title=\"vehiculos-1\" data-image-description=\"\" data-image-caption=\"&lt;p&gt;Junto a los trabajadores&lt;\/p&gt;\n\" data-large-file=\"https:\/\/www.hoymercedes.com.ar\/principal\/wp-content\/uploads\/2018\/11\/vehiculos-1.jpg\" class=\"size-medium wp-image-83400\" src=\"https:\/\/www.hoymercedes.com.ar\/principal\/wp-content\/uploads\/2018\/11\/vehiculos-1-630x420.jpg\" alt=\"\" width=\"630\" height=\"420\" srcset=\"https:\/\/www.hoymercedes.com.ar\/principal\/wp-content\/uploads\/2018\/11\/vehiculos-1-630x420.jpg 630w, https:\/\/www.hoymercedes.com.ar\/principal\/wp-content\/uploads\/2018\/11\/vehiculos-1-150x100.jpg 150w, https:\/\/www.hoymercedes.com.ar\/principal\/wp-content\/uploads\/2018\/11\/vehiculos-1.jpg 985w\" sizes=\"auto, (max-width: 630px) 100vw, 630px\" \/><figcaption id=\"caption-attachment-83400\" class=\"wp-caption-text\">Junto a los trabajadores<\/figcaption><\/figure>\n<p>En ese sentido, el Dr. Ustarroz record\u00f3 \u201cnosotros cuando asumimos s\u00f3lo funcionaban dos y alquil\u00e1bamos tres regadores, para este verano vamos a estar con los 7 recuperados, 3 ceros kil\u00f3metros -que compramos durante nuestra gesti\u00f3n- sumado a los dos que estaban funcionando, o sea, tendremos 12 regadores recorriendo la ciudad\u201d.<\/p>\n<p>Estos veh\u00edculos se suman a los m\u00e1s de 50 veh\u00edculos 0Km adquiridos en estos casi tres a\u00f1os, mismos que fueron adquiridos al contado para no generar deuda futura al municipio. Lo que significa una capitalizaci\u00f3n record de los recursos de los mercedinos.<\/p>\n<p>Y remarc\u00f3 \u201cen los talleres municipales no s\u00f3lo fueron recuperados estos veh\u00edculos, sino adem\u00e1s, el auto de Gioscio y una de las barredoras\u201d en cuanto a este veh\u00edculo el Dr. Ustarroz cont\u00f3 \u201cadem\u00e1s de recuperarla le hemos sumado -tanto a esta barredora como a otra- equipamiento de \u00faltima generaci\u00f3n con una inversi\u00f3n de 400 mil pesos, para mejorar la limpieza y el bienestar de los barrios de toda la ciudad\u201d.<\/p>\n<figure id=\"attachment_83401\" aria-describedby=\"caption-attachment-83401\" style=\"width: 620px\" class=\"wp-caption aligncenter\"><img loading=\"lazy\" decoding=\"async\" data-attachment-id=\"83401\" data-permalink=\"https:\/\/www.hoymercedes.com.ar\/principal\/2018\/11\/02\/3-nuevas-regadoras-y-recuperacion-de-otras-7-ademas-de-1-auto-y-1-camion-barredor-en-talleres-municipales\/dsc_0016-3\/#main\" data-orig-file=\"https:\/\/www.hoymercedes.com.ar\/principal\/wp-content\/uploads\/2018\/11\/DSC_0016.jpg\" data-orig-size=\"985,657\" data-comments-opened=\"0\" data-image-meta=\"{&quot;aperture&quot;:&quot;0&quot;,&quot;credit&quot;:&quot;&quot;,&quot;camera&quot;:&quot;&quot;,&quot;caption&quot;:&quot;&quot;,&quot;created_timestamp&quot;:&quot;0&quot;,&quot;copyright&quot;:&quot;&quot;,&quot;focal_length&quot;:&quot;0&quot;,&quot;iso&quot;:&quot;0&quot;,&quot;shutter_speed&quot;:&quot;0&quot;,&quot;title&quot;:&quot;&quot;,&quot;orientation&quot;:&quot;0&quot;}\" data-image-title=\"regadoras\" data-image-description=\"\" data-image-caption=\"&lt;p&gt;Regadoras&lt;\/p&gt;\n\" data-large-file=\"https:\/\/www.hoymercedes.com.ar\/principal\/wp-content\/uploads\/2018\/11\/DSC_0016.jpg\" class=\"size-medium wp-image-83401\" src=\"https:\/\/www.hoymercedes.com.ar\/principal\/wp-content\/uploads\/2018\/11\/DSC_0016-630x420.jpg\" alt=\"\" width=\"630\" height=\"420\" srcset=\"https:\/\/www.hoymercedes.com.ar\/principal\/wp-content\/uploads\/2018\/11\/DSC_0016-630x420.jpg 630w, https:\/\/www.hoymercedes.com.ar\/principal\/wp-content\/uploads\/2018\/11\/DSC_0016-150x100.jpg 150w, https:\/\/www.hoymercedes.com.ar\/principal\/wp-content\/uploads\/2018\/11\/DSC_0016.jpg 985w\" sizes=\"auto, (max-width: 630px) 100vw, 630px\" \/><figcaption id=\"caption-attachment-83401\" class=\"wp-caption-text\">Regadoras<\/figcaption><\/figure>\n<p>Por otro lado, el intendente Ustarroz remarc\u00f3 \u201ccreo que lo m\u00e1s importante es el trabajo que est\u00e1n realizando nuestros trabajadores municipales a quienes les agradecemos el compromiso, la seriedad y el profesionalismo con el cual est\u00e1n llevando adelante todas las tareas que se les encomiendan\u201d e indic\u00f3 \u201cesto lo hago extensivo a todas las \u00e1reas, el gran compromiso de todas las \u00e1reas de la comuna. Creemos que se ha generado un excelente v\u00ednculo, de mucho respeto y trabajo, lo cual es lo m\u00e1s importante\u201d.<\/p>\n<p>Conjuntamente el primer mandatario Ustarroz, pidi\u00f3 el compromiso y la colaboraci\u00f3n de los vecinos \u201cno es solo arreglar y comprar nuevas m\u00e1quinas, sino tambi\u00e9n, es que la gente ensucie menos, respete los horarios para sacar los residuos, que cuando se hace un zanjeo lo mantenga\u201d.<\/p>\n<p>\u201cEn este contexto tan dif\u00edcil poder seguir avanzando con buenas noticias y trabajo es lo que corresponde, as\u00ed que el agradecimiento eterno a nuestros trabajadores del corral\u00f3n\u201d.<\/p>\n<p>&nbsp;<\/p>\n<p>Por su parte, el Jefe de Gabinete, Mat\u00edas Dematei, se\u00f1al\u00f3 \u201cquiero agradecer el compromiso para con todos los mercedinos de los trabajadores municipales. Ya son varios los veh\u00edculos recuperados desde el corral\u00f3n municipal, lo que resalta y pone en valor, a\u00fan m\u00e1s, todo el trabajo que llevan adelante\u201d.<\/p>\n","protected":false},"excerpt":{"rendered":"<p>Municipio adquiri\u00f3 3 regadoras 0km y en los talleres recuperaron 7 regadoras, 1 barredora de gran porte y el auto &#8230; <a title=\"Tres nuevas regadoras y recuperaci\u00f3n de otras siete, adem\u00e1s de un auto y un cami\u00f3n barredor en talleres municipales\" class=\"read-more\" href=\"https:\/\/www.hoymercedes.com.ar\/principal\/2018\/11\/02\/3-nuevas-regadoras-y-recuperacion-de-otras-7-ademas-de-1-auto-y-1-camion-barredor-en-talleres-municipales\/\" aria-label=\"Leer m\u00e1s sobre Tres nuevas regadoras y recuperaci\u00f3n de otras siete, adem\u00e1s de un auto y un cami\u00f3n barredor en talleres municipales\">Leer m\u00e1s<\/a><\/p>\n","protected":false},"author":1,"featured_media":83398,"comment_status":"closed","ping_status":"open","sticky":false,"template":"","format":"standard","meta":{"_monsterinsights_skip_tracking":false,"_monsterinsights_sitenote_active":false,"_monsterinsights_sitenote_note":"","_monsterinsights_sitenote_category":0,"jetpack_post_was_ever_published":false,"_jetpack_newsletter_access":"","_jetpack_dont_email_post_to_subs":false,"_jetpack_newsletter_tier_id":0,"_jetpack_memberships_contains_paywalled_content":false,"_jetpack_memberships_contains_paid_content":false,"footnotes":"","jetpack_publicize_message":"","jetpack_publicize_feature_enabled":true,"jetpack_social_post_already_shared":true,"jetpack_social_options":{"image_generator_settings":{"template":"highway","default_image_id":0,"font":"","enabled":false},"version":2},"_wpas_customize_per_network":false},"categories":[30],"tags":[13972,10790,13970,13971],"class_list":["post-83397","post","type-post","status-publish","format-standard","has-post-thumbnail","hentry","category-municipio","tag-auto-gioscio","tag-barredora","tag-maquinaria-corralon-mercedes","tag-regadoras","generate-columns","tablet-grid-50","mobile-grid-100","grid-parent","grid-50"],"jetpack_publicize_connections":[],"jetpack_featured_media_url":"https:\/\/www.hoymercedes.com.ar\/principal\/wp-content\/uploads\/2018\/11\/vehiculos-3.jpg","wps_subtitle":"Veh\u00edculos e infraestructura","jetpack_sharing_enabled":true,"_links":{"self":[{"href":"https:\/\/www.hoymercedes.com.ar\/principal\/wp-json\/wp\/v2\/posts\/83397","targetHints":{"allow":["GET"]}}],"collection":[{"href":"https:\/\/www.hoymercedes.com.ar\/principal\/wp-json\/wp\/v2\/posts"}],"about":[{"href":"https:\/\/www.hoymercedes.com.ar\/principal\/wp-json\/wp\/v2\/types\/post"}],"author":[{"embeddable":true,"href":"https:\/\/www.hoymercedes.com.ar\/principal\/wp-json\/wp\/v2\/users\/1"}],"replies":[{"embeddable":true,"href":"https:\/\/www.hoymercedes.com.ar\/principal\/wp-json\/wp\/v2\/comments?post=83397"}],"version-history":[{"count":0,"href":"https:\/\/www.hoymercedes.com.ar\/principal\/wp-json\/wp\/v2\/posts\/83397\/revisions"}],"wp:featuredmedia":[{"embeddable":true,"href":"https:\/\/www.hoymercedes.com.ar\/principal\/wp-json\/wp\/v2\/media\/83398"}],"wp:attachment":[{"href":"https:\/\/www.hoymercedes.com.ar\/principal\/wp-json\/wp\/v2\/media?parent=83397"}],"wp:term":[{"taxonomy":"category","embeddable":true,"href":"https:\/\/www.hoymercedes.com.ar\/principal\/wp-json\/wp\/v2\/categories?post=83397"},{"taxonomy":"post_tag","embeddable":true,"href":"https:\/\/www.hoymercedes.com.ar\/principal\/wp-json\/wp\/v2\/tags?post=83397"}],"curies":[{"name":"wp","href":"https:\/\/api.w.org\/{rel}","templated":true}]}}