{"id":83405,"date":"2018-11-02T18:20:53","date_gmt":"2018-11-02T21:20:53","guid":{"rendered":"http:\/\/www.hoymercedes.com.ar\/principal\/?p=83405"},"modified":"2018-11-02T18:05:56","modified_gmt":"2018-11-02T21:05:56","slug":"nuevo-encuentro-del-corredor-comercial-de-la-ruta-n-5-en-trenque-lauquen","status":"publish","type":"post","link":"https:\/\/www.hoymercedes.com.ar\/principal\/2018\/11\/02\/nuevo-encuentro-del-corredor-comercial-de-la-ruta-n-5-en-trenque-lauquen\/","title":{"rendered":"Nuevo encuentro del Corredor Comercial de la Ruta N\u00b0 5 en  Trenque Lauquen"},"content":{"rendered":"<p><em><strong>Representando a las empresas mercedinas estuvieron presentes en el gerente de la CEM Ariel Pietrucha junto al titular del Parque Log\u00edstico Mercedes, Aldo Franco. La reuni\u00f3n se concentr\u00f3 en la distribuci\u00f3n y log\u00edstica de la producci\u00f3n de la regi\u00f3n.<\/strong><\/em><\/p>\n<p><img loading=\"lazy\" decoding=\"async\" data-attachment-id=\"83406\" data-permalink=\"https:\/\/www.hoymercedes.com.ar\/principal\/2018\/11\/02\/nuevo-encuentro-del-corredor-comercial-de-la-ruta-n-5-en-trenque-lauquen\/2018-corredor-ruta-5\/#main\" data-orig-file=\"https:\/\/www.hoymercedes.com.ar\/principal\/wp-content\/uploads\/2018\/11\/2018-corredor-ruta-5-e1541192719199.jpg\" data-orig-size=\"750,563\" data-comments-opened=\"0\" data-image-meta=\"{&quot;aperture&quot;:&quot;0&quot;,&quot;credit&quot;:&quot;&quot;,&quot;camera&quot;:&quot;&quot;,&quot;caption&quot;:&quot;&quot;,&quot;created_timestamp&quot;:&quot;0&quot;,&quot;copyright&quot;:&quot;&quot;,&quot;focal_length&quot;:&quot;0&quot;,&quot;iso&quot;:&quot;0&quot;,&quot;shutter_speed&quot;:&quot;0&quot;,&quot;title&quot;:&quot;&quot;,&quot;orientation&quot;:&quot;0&quot;}\" data-image-title=\"2018 corredor ruta 5\" data-image-description=\"\" data-image-caption=\"\" data-large-file=\"https:\/\/www.hoymercedes.com.ar\/principal\/wp-content\/uploads\/2018\/11\/2018-corredor-ruta-5-e1541192719199.jpg\" class=\"aligncenter size-medium wp-image-83406\" src=\"https:\/\/www.hoymercedes.com.ar\/principal\/wp-content\/uploads\/2018\/11\/2018-corredor-ruta-5-630x473.jpg\" alt=\"\" width=\"630\" height=\"473\" \/><\/p>\n<p>Un nuevo encuentro del Corredor Comercial de Ruta Nacional N\u00b0 5 se realiz\u00f3 el pasado jueves. En esta oportunidad, se llev\u00f3 adelante en la localidad de Trenque Lauquen con la presencia de las c\u00e1maras econ\u00f3micas y comerciales de Mercedes, Chivilcoy, Pehuaj\u00f3, Bragado y el \u00e1rea de producci\u00f3n del gobierno de la provincia de La Pampa y empresas de log\u00edsticas y distribuci\u00f3n incluidas en el corredor.<\/p>\n<p>Representando a la C\u00e1mara Econ\u00f3mica Mercedina, el gerente de la entidad, Ariel Pietrucha, se hizo presente en el encuentro que permiti\u00f3 una mesa de trabajo en torno a la distribuci\u00f3n log\u00edstica y transporte\u00a0 de las producciones de la regi\u00f3n. Motivados por la tem\u00e1tica, la CEM estuvo acompa\u00f1ada por el titular del Parque Log\u00edstico Mercedes (PLM) Aldo Franco y su Gerente Comercial Hugo Macgaul.<\/p>\n<p>\u201cEn una nueva reuni\u00f3n del Corredor de la Ruta 5, los representantes de las distintas c\u00e1maras empresariales de la regi\u00f3n estuvimos conversando sobre estrategias de distribuci\u00f3n y log\u00edstica para abaratar costos en las producciones. El trabajo se centr\u00f3 en la optimizaci\u00f3n de recursos para la regi\u00f3n. Incluso uno de los referentes que asisti\u00f3 present\u00f3 una aplicaci\u00f3n para que las empresas tengan en cuenta camiones que circulan por el corredor y que puedan aprovechar esos veh\u00edculos que a veces circulan con pocas cargas\u201d, explic\u00f3 Pietrucha tras el encuentro en Trenque Lauquen.<\/p>\n<p>Asimismo, en la reuni\u00f3n del jueves pasado, el Parque Log\u00edstico Mercedes hizo su presentaci\u00f3n ante las c\u00e1maras comerciales de las localidades que integran el Corredor de Ruta N\u00b0 5 haciendo hincapi\u00e9 en el funcionamiento actual del PLM, incluyendo su convenio con AFIP para ser un dep\u00f3sito fiscal oficial y la proyecci\u00f3n que tienen para trabajar con empresas del corredor que tengan perspectiva de exportar y de fortalecer su comercializaci\u00f3n en el interior del pa\u00eds.<\/p>\n<p>&nbsp;<\/p>\n<p>&nbsp;<\/p>\n","protected":false},"excerpt":{"rendered":"<p>Representando a las empresas mercedinas estuvieron presentes en el gerente de la CEM Ariel Pietrucha junto al titular del Parque &#8230; <a title=\"Nuevo encuentro del Corredor Comercial de la Ruta N\u00b0 5 en  Trenque Lauquen\" class=\"read-more\" href=\"https:\/\/www.hoymercedes.com.ar\/principal\/2018\/11\/02\/nuevo-encuentro-del-corredor-comercial-de-la-ruta-n-5-en-trenque-lauquen\/\" aria-label=\"Leer m\u00e1s sobre Nuevo encuentro del Corredor Comercial de la Ruta N\u00b0 5 en  Trenque Lauquen\">Leer m\u00e1s<\/a><\/p>\n","protected":false},"author":1,"featured_media":83406,"comment_status":"closed","ping_status":"open","sticky":false,"template":"","format":"standard","meta":{"_monsterinsights_skip_tracking":false,"_monsterinsights_sitenote_active":false,"_monsterinsights_sitenote_note":"","_monsterinsights_sitenote_category":0,"jetpack_post_was_ever_published":false,"_jetpack_newsletter_access":"","_jetpack_dont_email_post_to_subs":false,"_jetpack_newsletter_tier_id":0,"_jetpack_memberships_contains_paywalled_content":false,"_jetpack_memberships_contains_paid_content":false,"footnotes":"","jetpack_publicize_message":"","jetpack_publicize_feature_enabled":true,"jetpack_social_post_already_shared":true,"jetpack_social_options":{"image_generator_settings":{"template":"highway","default_image_id":0,"font":"","enabled":false},"version":2},"_wpas_customize_per_network":false},"categories":[8],"tags":[267,682,13977,13264,538,7802],"class_list":["post-83405","post","type-post","status-publish","format-standard","has-post-thumbnail","hentry","category-sociedad","tag-camara-economica-mercedina","tag-cem","tag-corredor-comercial","tag-plm","tag-ruta-5","tag-sociedad","generate-columns","tablet-grid-50","mobile-grid-100","grid-parent","grid-50"],"jetpack_publicize_connections":[],"jetpack_featured_media_url":"https:\/\/www.hoymercedes.com.ar\/principal\/wp-content\/uploads\/2018\/11\/2018-corredor-ruta-5-e1541192719199.jpg","wps_subtitle":"El jueves pasado","jetpack_sharing_enabled":true,"_links":{"self":[{"href":"https:\/\/www.hoymercedes.com.ar\/principal\/wp-json\/wp\/v2\/posts\/83405","targetHints":{"allow":["GET"]}}],"collection":[{"href":"https:\/\/www.hoymercedes.com.ar\/principal\/wp-json\/wp\/v2\/posts"}],"about":[{"href":"https:\/\/www.hoymercedes.com.ar\/principal\/wp-json\/wp\/v2\/types\/post"}],"author":[{"embeddable":true,"href":"https:\/\/www.hoymercedes.com.ar\/principal\/wp-json\/wp\/v2\/users\/1"}],"replies":[{"embeddable":true,"href":"https:\/\/www.hoymercedes.com.ar\/principal\/wp-json\/wp\/v2\/comments?post=83405"}],"version-history":[{"count":0,"href":"https:\/\/www.hoymercedes.com.ar\/principal\/wp-json\/wp\/v2\/posts\/83405\/revisions"}],"wp:featuredmedia":[{"embeddable":true,"href":"https:\/\/www.hoymercedes.com.ar\/principal\/wp-json\/wp\/v2\/media\/83406"}],"wp:attachment":[{"href":"https:\/\/www.hoymercedes.com.ar\/principal\/wp-json\/wp\/v2\/media?parent=83405"}],"wp:term":[{"taxonomy":"category","embeddable":true,"href":"https:\/\/www.hoymercedes.com.ar\/principal\/wp-json\/wp\/v2\/categories?post=83405"},{"taxonomy":"post_tag","embeddable":true,"href":"https:\/\/www.hoymercedes.com.ar\/principal\/wp-json\/wp\/v2\/tags?post=83405"}],"curies":[{"name":"wp","href":"https:\/\/api.w.org\/{rel}","templated":true}]}}