{"id":83409,"date":"2018-11-05T16:34:52","date_gmt":"2018-11-05T19:34:52","guid":{"rendered":"http:\/\/www.hoymercedes.com.ar\/principal\/?p=83409"},"modified":"2018-11-05T14:23:29","modified_gmt":"2018-11-05T17:23:29","slug":"cine-en-el-mamm-de-liquidacion","status":"publish","type":"post","link":"https:\/\/www.hoymercedes.com.ar\/principal\/2018\/11\/05\/cine-en-el-mamm-de-liquidacion\/","title":{"rendered":"Cine en el MAMM de liquidaci\u00f3n"},"content":{"rendered":"<p>\u201cLiquidaci\u00f3n de Noviembre\u201d\u00a0 es el Ciclo de Cine que este mes est\u00e1 realizando el Museo de Arte \u00abMunicipalidad de Mercedes\u00bb. Cada jueves, 20 horas, una pel\u00edcula con entrada libre y gratuita.<\/p>\n<p>\u00abHay un destello com\u00fan entre los fotogramas de noviembre. Tal vez, el m\u00e1s ruidoso del a\u00f1o. Quienes pensaron esta tem\u00e1tica aseguran que nada se asemejar\u00eda a un festejo de fin de a\u00f1o, aunque igualmente para eso falte tiempo a\u00fan. Los ruidos son distintos, porque detr\u00e1s de ellos arremeter\u00e1 el silencio m\u00e1s fr\u00edo que alguien jam\u00e1s pudiera imaginar.\u00a0 Un sonido especial. Una explosi\u00f3n. Un impacto.\u00a0La p\u00f3lvora escondida en las manos del secreto verdugo. Maloliente y desgraciado asesino a sueldo\u00bb, invitan desde el MAMM.<\/p>\n<p>\u201cNoviembre de liquidaci\u00f3n en el CineMAMM, donde los ca\u00eddos, muchas veces, no ser\u00e1n los m\u00e1s vulnerables. Como en los suburbios de toda alma, la bala atravesar\u00e1 el cuerpo y con \u00e9l, la inconcebible historia de los que matan por dinero\u00bb<\/p>\n<p>Cronograma:<\/p>\n<p>Jueves 8 &#8211; \u00abLos L\u00edmites del Control\u00bb<\/p>\n<p>Jueves 15 &#8211; \u00abEl Perfecto Asesino\u00bb<\/p>\n<p>Jueves 22 &#8211; \u00abConfesiones de una Mente Peligrosa\u00bb<\/p>\n<p><img loading=\"lazy\" decoding=\"async\" data-attachment-id=\"83579\" data-permalink=\"https:\/\/www.hoymercedes.com.ar\/principal\/2018\/11\/05\/cine-en-el-mamm-de-liquidacion\/05-cine-noviembre\/#main\" data-orig-file=\"https:\/\/www.hoymercedes.com.ar\/principal\/wp-content\/uploads\/2018\/11\/05-Cine-Noviembre.jpg\" data-orig-size=\"1755,2480\" data-comments-opened=\"0\" data-image-meta=\"{&quot;aperture&quot;:&quot;0&quot;,&quot;credit&quot;:&quot;&quot;,&quot;camera&quot;:&quot;&quot;,&quot;caption&quot;:&quot;&quot;,&quot;created_timestamp&quot;:&quot;1541016144&quot;,&quot;copyright&quot;:&quot;&quot;,&quot;focal_length&quot;:&quot;0&quot;,&quot;iso&quot;:&quot;0&quot;,&quot;shutter_speed&quot;:&quot;0&quot;,&quot;title&quot;:&quot;&quot;,&quot;orientation&quot;:&quot;1&quot;}\" data-image-title=\"05 Cine Noviembre\" data-image-description=\"\" data-image-caption=\"\" data-large-file=\"https:\/\/www.hoymercedes.com.ar\/principal\/wp-content\/uploads\/2018\/11\/05-Cine-Noviembre-725x1024.jpg\" class=\"size-medium wp-image-83579 aligncenter\" src=\"https:\/\/www.hoymercedes.com.ar\/principal\/wp-content\/uploads\/2018\/11\/05-Cine-Noviembre-439x620.jpg\" alt=\"\" width=\"439\" height=\"620\" srcset=\"https:\/\/www.hoymercedes.com.ar\/principal\/wp-content\/uploads\/2018\/11\/05-Cine-Noviembre-439x620.jpg 439w, https:\/\/www.hoymercedes.com.ar\/principal\/wp-content\/uploads\/2018\/11\/05-Cine-Noviembre-106x150.jpg 106w, https:\/\/www.hoymercedes.com.ar\/principal\/wp-content\/uploads\/2018\/11\/05-Cine-Noviembre-725x1024.jpg 725w, https:\/\/www.hoymercedes.com.ar\/principal\/wp-content\/uploads\/2018\/11\/05-Cine-Noviembre.jpg 1755w\" sizes=\"auto, (max-width: 439px) 100vw, 439px\" \/><\/p>\n","protected":false},"excerpt":{"rendered":"<p>\u201cLiquidaci\u00f3n de Noviembre\u201d\u00a0 es el Ciclo de Cine que este mes est\u00e1 realizando el Museo de Arte \u00abMunicipalidad de Mercedes\u00bb. &#8230; <a title=\"Cine en el MAMM de liquidaci\u00f3n\" class=\"read-more\" href=\"https:\/\/www.hoymercedes.com.ar\/principal\/2018\/11\/05\/cine-en-el-mamm-de-liquidacion\/\" aria-label=\"Leer m\u00e1s sobre Cine en el MAMM de liquidaci\u00f3n\">Leer m\u00e1s<\/a><\/p>\n","protected":false},"author":1,"featured_media":83579,"comment_status":"closed","ping_status":"open","sticky":false,"template":"","format":"standard","meta":{"_monsterinsights_skip_tracking":false,"_monsterinsights_sitenote_active":false,"_monsterinsights_sitenote_note":"","_monsterinsights_sitenote_category":0,"jetpack_post_was_ever_published":false,"_jetpack_newsletter_access":"","_jetpack_dont_email_post_to_subs":false,"_jetpack_newsletter_tier_id":0,"_jetpack_memberships_contains_paywalled_content":false,"_jetpack_memberships_contains_paid_content":false,"footnotes":"","jetpack_publicize_message":"","jetpack_publicize_feature_enabled":true,"jetpack_social_post_already_shared":true,"jetpack_social_options":{"image_generator_settings":{"template":"highway","default_image_id":0,"font":"","enabled":false},"version":2},"_wpas_customize_per_network":false},"categories":[104],"tags":[5273,7805,8674,8939],"class_list":["post-83409","post","type-post","status-publish","format-standard","has-post-thumbnail","hentry","category-cultura","tag-cine","tag-cultura","tag-mamm","tag-peliculas","generate-columns","tablet-grid-50","mobile-grid-100","grid-parent","grid-50"],"jetpack_publicize_connections":[],"jetpack_featured_media_url":"https:\/\/www.hoymercedes.com.ar\/principal\/wp-content\/uploads\/2018\/11\/05-Cine-Noviembre.jpg","wps_subtitle":"","jetpack_sharing_enabled":true,"_links":{"self":[{"href":"https:\/\/www.hoymercedes.com.ar\/principal\/wp-json\/wp\/v2\/posts\/83409","targetHints":{"allow":["GET"]}}],"collection":[{"href":"https:\/\/www.hoymercedes.com.ar\/principal\/wp-json\/wp\/v2\/posts"}],"about":[{"href":"https:\/\/www.hoymercedes.com.ar\/principal\/wp-json\/wp\/v2\/types\/post"}],"author":[{"embeddable":true,"href":"https:\/\/www.hoymercedes.com.ar\/principal\/wp-json\/wp\/v2\/users\/1"}],"replies":[{"embeddable":true,"href":"https:\/\/www.hoymercedes.com.ar\/principal\/wp-json\/wp\/v2\/comments?post=83409"}],"version-history":[{"count":0,"href":"https:\/\/www.hoymercedes.com.ar\/principal\/wp-json\/wp\/v2\/posts\/83409\/revisions"}],"wp:featuredmedia":[{"embeddable":true,"href":"https:\/\/www.hoymercedes.com.ar\/principal\/wp-json\/wp\/v2\/media\/83579"}],"wp:attachment":[{"href":"https:\/\/www.hoymercedes.com.ar\/principal\/wp-json\/wp\/v2\/media?parent=83409"}],"wp:term":[{"taxonomy":"category","embeddable":true,"href":"https:\/\/www.hoymercedes.com.ar\/principal\/wp-json\/wp\/v2\/categories?post=83409"},{"taxonomy":"post_tag","embeddable":true,"href":"https:\/\/www.hoymercedes.com.ar\/principal\/wp-json\/wp\/v2\/tags?post=83409"}],"curies":[{"name":"wp","href":"https:\/\/api.w.org\/{rel}","templated":true}]}}