{"id":83415,"date":"2018-11-02T20:20:23","date_gmt":"2018-11-02T23:20:23","guid":{"rendered":"http:\/\/www.hoymercedes.com.ar\/principal\/?p=83415"},"modified":"2018-11-02T19:12:10","modified_gmt":"2018-11-02T22:12:10","slug":"mas-cuidados-y-profesionales-para-los-jardines-espacio-primera-infancia","status":"publish","type":"post","link":"https:\/\/www.hoymercedes.com.ar\/principal\/2018\/11\/02\/mas-cuidados-y-profesionales-para-los-jardines-espacio-primera-infancia\/","title":{"rendered":"M\u00e1s cuidados y profesionales para los Jardines Espacio Primera Infancia"},"content":{"rendered":"<p>Los Jardines espacios primera infancia incorporan profesora de arte a las actividades diarias.\u00a0 Son m\u00e1s cuidados y procesos de ense\u00f1anza aprendizaje para los nenes y nenas. Los espacios de primera infancia son 4 ubicados en los barrios San Mart\u00edn, Facundo Quiroga, Blandengues y Marchetti mientras se construyen desde cero en Malvinas, San Justo y Mutti.<\/p>\n<p><img loading=\"lazy\" decoding=\"async\" data-attachment-id=\"83416\" data-permalink=\"https:\/\/www.hoymercedes.com.ar\/principal\/2018\/11\/02\/mas-cuidados-y-profesionales-para-los-jardines-espacio-primera-infancia\/02-muni-epi-1\/#main\" data-orig-file=\"https:\/\/www.hoymercedes.com.ar\/principal\/wp-content\/uploads\/2018\/11\/02-muni-epi-1.jpeg\" data-orig-size=\"750,422\" data-comments-opened=\"0\" data-image-meta=\"{&quot;aperture&quot;:&quot;0&quot;,&quot;credit&quot;:&quot;&quot;,&quot;camera&quot;:&quot;&quot;,&quot;caption&quot;:&quot;&quot;,&quot;created_timestamp&quot;:&quot;0&quot;,&quot;copyright&quot;:&quot;&quot;,&quot;focal_length&quot;:&quot;0&quot;,&quot;iso&quot;:&quot;0&quot;,&quot;shutter_speed&quot;:&quot;0&quot;,&quot;title&quot;:&quot;&quot;,&quot;orientation&quot;:&quot;0&quot;}\" data-image-title=\"02 muni epi-1\" data-image-description=\"\" data-image-caption=\"\" data-large-file=\"https:\/\/www.hoymercedes.com.ar\/principal\/wp-content\/uploads\/2018\/11\/02-muni-epi-1.jpeg\" class=\"aligncenter size-medium wp-image-83416\" src=\"https:\/\/www.hoymercedes.com.ar\/principal\/wp-content\/uploads\/2018\/11\/02-muni-epi-1-630x354.jpeg\" alt=\"\" width=\"630\" height=\"354\" srcset=\"https:\/\/www.hoymercedes.com.ar\/principal\/wp-content\/uploads\/2018\/11\/02-muni-epi-1-630x354.jpeg 630w, https:\/\/www.hoymercedes.com.ar\/principal\/wp-content\/uploads\/2018\/11\/02-muni-epi-1-150x84.jpeg 150w, https:\/\/www.hoymercedes.com.ar\/principal\/wp-content\/uploads\/2018\/11\/02-muni-epi-1.jpeg 750w\" sizes=\"auto, (max-width: 630px) 100vw, 630px\" \/><\/p>\n<p>Los Jardines EPI son espacios socio-pedag\u00f3gicos que trabajan con ni\u00f1os de 1 a 3 a\u00f1os sobre tres ejes: la nutrici\u00f3n saludable, donde los peque\u00f1os y peque\u00f1as se alimentan con comida producida en el lugar, casera y de calidad nutricional. Cuentan con estimulaci\u00f3n a trav\u00e9s del juego y el anclaje comunitario. Cada uno de los espacios comparten sus actividades de los vecinos (festejos de cumplea\u00f1os, festejos bautismos) y otros programas municipales (deporte, cultura) dando un marco mayor de contenci\u00f3n y vinculaci\u00f3n.<\/p>\n<p>\u201cLos espacios en esta oportunidad suman una docente en un \u00e1mbito espec\u00edfico que es el arte. Los mismos ya cuentan con Mar\u00eda C\u00e1rdenas como\u00a0 profesora de m\u00fasica, Silvia Di Cesare como narradora oral, Andrea Moleres como estimuladora temprana\u201d, cont\u00f3 Jorgelina Silva y destac\u00f3 que \u201cahora suma a Daiana Morales como profesora de arte\u201d cont\u00f3<\/p>\n<p>\u201cLas artes pueden introducir elementos extraordinarios en la construcci\u00f3n de las estructuras afectivas de los ni\u00f1os, nos parece un aporte novedoso y fundamental para todo el trabajo que venimos realizando en torno al desarrollo de los ni\u00f1os\u00bb conto Bel\u00e9n Cirillo, Coordinadora de los Espacios. \u00abContamos con un maravilloso equipo pedag\u00f3gico y de gu\u00edas en las salas que son quienes transitan y generan los v\u00ednculos d\u00eda a d\u00eda con los ni\u00f1os y ni\u00f1as pero tambi\u00e9n con sus familias\u00bb, afirm\u00f3.<\/p>\n<p>Durante el 2019 se planifica abrir 7 Espacios m\u00e1s ubicados estrat\u00e9gicamente. \u00abActualmente se est\u00e1n construyendo 3 pensando en barriadas que lo necesitan. No es azaroso\u201d cont\u00f3 Silva mencionando que \u201ces parte del plan integral que ejecuta el intendente Ustarroz por m\u00e1s de 70 millones de pesos y que queda claro tiene a la ni\u00f1ez como prioridad\u201d<\/p>\n<p>&nbsp;<\/p>\n<p>Fuente: Prensa Municipal<\/p>\n","protected":false},"excerpt":{"rendered":"<p>Los Jardines espacios primera infancia incorporan profesora de arte a las actividades diarias.\u00a0 Son m\u00e1s cuidados y procesos de ense\u00f1anza &#8230; <a title=\"M\u00e1s cuidados y profesionales para los Jardines Espacio Primera Infancia\" class=\"read-more\" href=\"https:\/\/www.hoymercedes.com.ar\/principal\/2018\/11\/02\/mas-cuidados-y-profesionales-para-los-jardines-espacio-primera-infancia\/\" aria-label=\"Leer m\u00e1s sobre M\u00e1s cuidados y profesionales para los Jardines Espacio Primera Infancia\">Leer m\u00e1s<\/a><\/p>\n","protected":false},"author":1,"featured_media":83416,"comment_status":"closed","ping_status":"open","sticky":false,"template":"","format":"standard","meta":{"_monsterinsights_skip_tracking":false,"_monsterinsights_sitenote_active":false,"_monsterinsights_sitenote_note":"","_monsterinsights_sitenote_category":0,"jetpack_post_was_ever_published":false,"_jetpack_newsletter_access":"","_jetpack_dont_email_post_to_subs":false,"_jetpack_newsletter_tier_id":0,"_jetpack_memberships_contains_paywalled_content":false,"_jetpack_memberships_contains_paid_content":false,"footnotes":"","jetpack_publicize_message":"","jetpack_publicize_feature_enabled":true,"jetpack_social_post_already_shared":true,"jetpack_social_options":{"image_generator_settings":{"template":"highway","default_image_id":0,"font":"","enabled":false},"version":2},"_wpas_customize_per_network":false},"categories":[30],"tags":[13980,13979,10,244],"class_list":["post-83415","post","type-post","status-publish","format-standard","has-post-thumbnail","hentry","category-municipio","tag-espacios-de-primera-infancia","tag-jardines-epi","tag-mercedes","tag-municipio-2","generate-columns","tablet-grid-50","mobile-grid-100","grid-parent","grid-50"],"jetpack_publicize_connections":[],"jetpack_featured_media_url":"https:\/\/www.hoymercedes.com.ar\/principal\/wp-content\/uploads\/2018\/11\/02-muni-epi-1.jpeg","wps_subtitle":"En distintos barrios","jetpack_sharing_enabled":true,"_links":{"self":[{"href":"https:\/\/www.hoymercedes.com.ar\/principal\/wp-json\/wp\/v2\/posts\/83415","targetHints":{"allow":["GET"]}}],"collection":[{"href":"https:\/\/www.hoymercedes.com.ar\/principal\/wp-json\/wp\/v2\/posts"}],"about":[{"href":"https:\/\/www.hoymercedes.com.ar\/principal\/wp-json\/wp\/v2\/types\/post"}],"author":[{"embeddable":true,"href":"https:\/\/www.hoymercedes.com.ar\/principal\/wp-json\/wp\/v2\/users\/1"}],"replies":[{"embeddable":true,"href":"https:\/\/www.hoymercedes.com.ar\/principal\/wp-json\/wp\/v2\/comments?post=83415"}],"version-history":[{"count":0,"href":"https:\/\/www.hoymercedes.com.ar\/principal\/wp-json\/wp\/v2\/posts\/83415\/revisions"}],"wp:featuredmedia":[{"embeddable":true,"href":"https:\/\/www.hoymercedes.com.ar\/principal\/wp-json\/wp\/v2\/media\/83416"}],"wp:attachment":[{"href":"https:\/\/www.hoymercedes.com.ar\/principal\/wp-json\/wp\/v2\/media?parent=83415"}],"wp:term":[{"taxonomy":"category","embeddable":true,"href":"https:\/\/www.hoymercedes.com.ar\/principal\/wp-json\/wp\/v2\/categories?post=83415"},{"taxonomy":"post_tag","embeddable":true,"href":"https:\/\/www.hoymercedes.com.ar\/principal\/wp-json\/wp\/v2\/tags?post=83415"}],"curies":[{"name":"wp","href":"https:\/\/api.w.org\/{rel}","templated":true}]}}