{"id":8342,"date":"2011-10-18T02:38:02","date_gmt":"2011-10-18T02:38:02","guid":{"rendered":"http:\/\/www.hoymercedes.com.ar\/principal\/?p=8342"},"modified":"2011-10-18T02:38:02","modified_gmt":"2011-10-18T02:38:02","slug":"inauguran-nuevo-gimnasio-en-el-club-quilmes","status":"publish","type":"post","link":"https:\/\/www.hoymercedes.com.ar\/principal\/2011\/10\/18\/inauguran-nuevo-gimnasio-en-el-club-quilmes\/","title":{"rendered":"Inauguran nuevo gimnasio en el Club Quilmes"},"content":{"rendered":"<p>Esta noche, a partir de las 20hs, se inaugura el nuevo gimnasio del Club Quilmes que llevar\u00e1 el nombre de \u201cChiquito Repetto\u201d, en honor a uno de los integrantes m\u00e1s importantes del Club. Se descubrir\u00e1 un cartel y una placa para homenajearlo.<\/p>\n<p>El nuevo gimnasio, de 25 x 15 metros, se hizo mejoras de piso, techo, paredes, ventanas y luminaria por un valor aproximado a los $160.000 que fue posible gracias a la colaboraci\u00f3n de la Municipalidad de Mercedes y de m\u00e1s de 40 empresas que colaboran.<\/p>\n<p>Fernando Moner, integrante de la Subcomisi\u00f3n de B\u00e1squet del Club asegur\u00f3 \u201c estoy orgulloso de la gente del Club y de los que d\u00eda a d\u00eda se suman a practicar este deporte\u201d \u201cque se sumen los chicos es lo mas importante, y que este gimnasio sea utilizado t por las diferentes escuelas de la ciudad\u201d<\/p>\n<p>Tambi\u00e9n hablo de la importancia que tiene que los chicos se sumen cada vez m\u00e1s al deporte y alejarlos de los vicios que se ven a diario en la sociedad.<\/p>\n<p>\u201cTodos sabemos lo dif\u00edcil y costoso que es construir algo, por eso estamos orgullosos de lo que logramos en el Club Quilmes, de calle 12 y 15, con la colaboraci\u00f3n de los padres de los chicos y a la gente que compran las rifas\u201d dijo Moner<\/p>\n<p>Una de las personas mas orgullosas por el gimnasio es uno de los hijos de Chiquito Repetto\u201d Con su forma de ser mi viejo uni\u00f3 a toda la familia y nos llev\u00f3 a todos a ser parte del club, ya sea jugando o colaborando con el Quilmes\u201d manifest\u00f3 Walter Repetto<\/p>\n<p><span style=\"color: #888888;\">Fuente: MM<\/span><\/p>\n","protected":false},"excerpt":{"rendered":"<p>Esta noche, a partir de las 20hs, se inaugura el nuevo gimnasio del Club Quilmes que llevar\u00e1 el nombre de &#8230; <a title=\"Inauguran nuevo gimnasio en el Club Quilmes\" class=\"read-more\" href=\"https:\/\/www.hoymercedes.com.ar\/principal\/2011\/10\/18\/inauguran-nuevo-gimnasio-en-el-club-quilmes\/\" aria-label=\"Leer m\u00e1s sobre Inauguran nuevo gimnasio en el Club Quilmes\">Leer m\u00e1s<\/a><\/p>\n","protected":false},"author":1,"featured_media":0,"comment_status":"open","ping_status":"open","sticky":false,"template":"","format":"standard","meta":{"_monsterinsights_skip_tracking":false,"_monsterinsights_sitenote_active":false,"_monsterinsights_sitenote_note":"","_monsterinsights_sitenote_category":0,"jetpack_post_was_ever_published":false,"_jetpack_newsletter_access":"","_jetpack_dont_email_post_to_subs":false,"_jetpack_newsletter_tier_id":0,"_jetpack_memberships_contains_paywalled_content":false,"_jetpack_memberships_contains_paid_content":false,"footnotes":"","jetpack_publicize_message":"","jetpack_publicize_feature_enabled":true,"jetpack_social_post_already_shared":false,"jetpack_social_options":{"image_generator_settings":{"template":"highway","default_image_id":0,"font":"","enabled":false},"version":2},"_wpas_customize_per_network":false},"categories":[21],"tags":[1483],"class_list":["post-8342","post","type-post","status-publish","format-standard","hentry","category-deportes","tag-club-quilmes-mercedes","generate-columns","tablet-grid-50","mobile-grid-100","grid-parent","grid-50"],"jetpack_publicize_connections":[],"jetpack_featured_media_url":"","wps_subtitle":"","jetpack_sharing_enabled":true,"_links":{"self":[{"href":"https:\/\/www.hoymercedes.com.ar\/principal\/wp-json\/wp\/v2\/posts\/8342","targetHints":{"allow":["GET"]}}],"collection":[{"href":"https:\/\/www.hoymercedes.com.ar\/principal\/wp-json\/wp\/v2\/posts"}],"about":[{"href":"https:\/\/www.hoymercedes.com.ar\/principal\/wp-json\/wp\/v2\/types\/post"}],"author":[{"embeddable":true,"href":"https:\/\/www.hoymercedes.com.ar\/principal\/wp-json\/wp\/v2\/users\/1"}],"replies":[{"embeddable":true,"href":"https:\/\/www.hoymercedes.com.ar\/principal\/wp-json\/wp\/v2\/comments?post=8342"}],"version-history":[{"count":0,"href":"https:\/\/www.hoymercedes.com.ar\/principal\/wp-json\/wp\/v2\/posts\/8342\/revisions"}],"wp:attachment":[{"href":"https:\/\/www.hoymercedes.com.ar\/principal\/wp-json\/wp\/v2\/media?parent=8342"}],"wp:term":[{"taxonomy":"category","embeddable":true,"href":"https:\/\/www.hoymercedes.com.ar\/principal\/wp-json\/wp\/v2\/categories?post=8342"},{"taxonomy":"post_tag","embeddable":true,"href":"https:\/\/www.hoymercedes.com.ar\/principal\/wp-json\/wp\/v2\/tags?post=8342"}],"curies":[{"name":"wp","href":"https:\/\/api.w.org\/{rel}","templated":true}]}}