{"id":83424,"date":"2018-11-03T11:25:26","date_gmt":"2018-11-03T14:25:26","guid":{"rendered":"http:\/\/www.hoymercedes.com.ar\/principal\/?p=83424"},"modified":"2018-11-03T11:24:04","modified_gmt":"2018-11-03T14:24:04","slug":"mariano-fuaz-recibio-el-primer-premio-por-concurso-de-fotografia-en-magistrados","status":"publish","type":"post","link":"https:\/\/www.hoymercedes.com.ar\/principal\/2018\/11\/03\/mariano-fuaz-recibio-el-primer-premio-por-concurso-de-fotografia-en-magistrados\/","title":{"rendered":"Mariano Fuaz recibi\u00f3 el primer premio por Concurso de Fotograf\u00eda en Magistrados"},"content":{"rendered":"<p><strong><em>El t\u00edtulo de la obra es \u201cLa Hija del Padre\u201d y obtuvo al premio adquisici\u00f3n del certamen fotogr\u00e1fico que el Colegio de Magistrados y Funcionarios llev\u00f3 adelante con la tem\u00e1tica de la igualdad. Las tres fotos ganadoras participar\u00e1n de la muestra a inaugurarse el 20 de noviembre en el Senado Provincial.<\/em><\/strong><\/p>\n<figure id=\"attachment_83427\" aria-describedby=\"caption-attachment-83427\" style=\"width: 620px\" class=\"wp-caption aligncenter\"><img loading=\"lazy\" decoding=\"async\" data-attachment-id=\"83427\" data-permalink=\"https:\/\/www.hoymercedes.com.ar\/principal\/2018\/11\/03\/mariano-fuaz-recibio-el-primer-premio-por-concurso-de-fotografia-en-magistrados\/03-fotografia-magistrados-3\/#main\" data-orig-file=\"https:\/\/www.hoymercedes.com.ar\/principal\/wp-content\/uploads\/2018\/11\/03-fotografia-magistrados-3.jpg\" data-orig-size=\"750,500\" data-comments-opened=\"0\" data-image-meta=\"{&quot;aperture&quot;:&quot;3.8&quot;,&quot;credit&quot;:&quot;&quot;,&quot;camera&quot;:&quot;NIKON D3100&quot;,&quot;caption&quot;:&quot;&quot;,&quot;created_timestamp&quot;:&quot;1541075917&quot;,&quot;copyright&quot;:&quot;&quot;,&quot;focal_length&quot;:&quot;22&quot;,&quot;iso&quot;:&quot;400&quot;,&quot;shutter_speed&quot;:&quot;0.016666666666667&quot;,&quot;title&quot;:&quot;&quot;,&quot;orientation&quot;:&quot;1&quot;}\" data-image-title=\"03 fotografia magistrados 3\" data-image-description=\"\" data-image-caption=\"&lt;p&gt;Ganadores y participantes del Concurso de Fotograf\u00eda del Colegio de Magistrados&lt;\/p&gt;\n\" data-large-file=\"https:\/\/www.hoymercedes.com.ar\/principal\/wp-content\/uploads\/2018\/11\/03-fotografia-magistrados-3.jpg\" class=\"size-medium wp-image-83427\" src=\"https:\/\/www.hoymercedes.com.ar\/principal\/wp-content\/uploads\/2018\/11\/03-fotografia-magistrados-3-630x420.jpg\" alt=\"\" width=\"630\" height=\"420\" srcset=\"https:\/\/www.hoymercedes.com.ar\/principal\/wp-content\/uploads\/2018\/11\/03-fotografia-magistrados-3-630x420.jpg 630w, https:\/\/www.hoymercedes.com.ar\/principal\/wp-content\/uploads\/2018\/11\/03-fotografia-magistrados-3-150x100.jpg 150w, https:\/\/www.hoymercedes.com.ar\/principal\/wp-content\/uploads\/2018\/11\/03-fotografia-magistrados-3.jpg 750w\" sizes=\"auto, (max-width: 630px) 100vw, 630px\" \/><figcaption id=\"caption-attachment-83427\" class=\"wp-caption-text\">Ganadores y participantes del Concurso de Fotograf\u00eda del Colegio de Magistrados<\/figcaption><\/figure>\n<p>Por TeCleArte &#8211; En horas del mediod\u00eda del jueves \u00faltimo, la sede del Colegio de Magistrados y Funcionarios del Poder Judicial Bonaerense fue el escenario para dar comienzo a una muestra de fotograf\u00eda con los seleccionados y ganadores del Concurso Fotogr\u00e1fico \u201cHagamos Foco en la Igualdad\u201d.<\/p>\n<p>El Dr. Carlos Acu\u00f1a, titular del Colegio del Departamento Judicial Mercedes, fue el responsable de entregar los premios a las im\u00e1genes que participaron del certamen y que resultaron ganadoras. A la hora de explicar c\u00f3mo se inici\u00f3 la propuesta, el letrado destac\u00f3 que desde el Colegio provincial se sugiri\u00f3 la tem\u00e1tica de la igualdad de g\u00e9nero, \u201cun tema muy dif\u00edcil para la sociedad\u201d.<\/p>\n<p>\u201cQuiero agradecerles a qui\u00e9nes han intervenido, fue un gusto que lo hayan hecho. El jurado seleccion\u00f3 las obras, el resultado est\u00e1 a la vista en la exposici\u00f3n. La misma estar\u00e1 presentada en la sede durante una semana para que la vea el p\u00fablico\u201d, destac\u00f3 el titular del Colegio de Magistrados y Funcionarios.<\/p>\n<p>\u201cLos tres principales premios y menciones, se enviar\u00e1n a La Plata ya que integrar\u00e1n la muestra provincial. Se expondr\u00e1n en un sal\u00f3n del Senado de la provincia junto a las obras de pintura y fotograf\u00eda que fueron seleccionadas en los distintos departamentos judiciales de Buenos aires. El 20 de noviembre inicia la muestra, y el d\u00eda 22 habr\u00e1 un acto alusivo a la Igualdad de G\u00e9nero y contra la Violencia de G\u00e9nero\u201d, agreg\u00f3 el Dr. Acu\u00f1a para luego entregar el primer premio y las dos menciones.<\/p>\n<p>El Jurado estuvo integrado por Constanza Niscolovos, Valeria Bellusci y Ezequiel Torres y destac\u00f3 durante la selecci\u00f3n de las im\u00e1genes el fuerte car\u00e1cter simb\u00f3lico de la fotograf\u00eda que permite varias lecturas y una alta participaci\u00f3n del receptor para complementar la obra. El primer premio fue para el fot\u00f3grafo Luis Mariano Fuaz por su obra \u201cLa hija del padre\u201d, en tanto, la primera menci\u00f3n la obtuvo \u201cF\u00fatbol en Fuerte Apache\u201d de Victoria Cappanera y segunda menci\u00f3n \u201cAEQUALIS\u201d de Nora Evelina Zunino.<\/p>\n<figure id=\"attachment_83426\" aria-describedby=\"caption-attachment-83426\" style=\"width: 620px\" class=\"wp-caption aligncenter\"><img loading=\"lazy\" decoding=\"async\" data-attachment-id=\"83426\" data-permalink=\"https:\/\/www.hoymercedes.com.ar\/principal\/2018\/11\/03\/mariano-fuaz-recibio-el-primer-premio-por-concurso-de-fotografia-en-magistrados\/03-fotografia-magistrados-2\/#main\" data-orig-file=\"https:\/\/www.hoymercedes.com.ar\/principal\/wp-content\/uploads\/2018\/11\/03-fotografia-magistrados-2.jpg\" data-orig-size=\"750,500\" data-comments-opened=\"0\" data-image-meta=\"{&quot;aperture&quot;:&quot;4.5&quot;,&quot;credit&quot;:&quot;&quot;,&quot;camera&quot;:&quot;NIKON D3100&quot;,&quot;caption&quot;:&quot;&quot;,&quot;created_timestamp&quot;:&quot;1541076325&quot;,&quot;copyright&quot;:&quot;&quot;,&quot;focal_length&quot;:&quot;18&quot;,&quot;iso&quot;:&quot;400&quot;,&quot;shutter_speed&quot;:&quot;0.0125&quot;,&quot;title&quot;:&quot;&quot;,&quot;orientation&quot;:&quot;1&quot;}\" data-image-title=\"03 fotografia magistrados 2\" data-image-description=\"\" data-image-caption=\"&lt;p&gt;Evelina Zunino logr\u00f3 la segunda menci\u00f3n con su fotograf\u00eda. &lt;\/p&gt;\n\" data-large-file=\"https:\/\/www.hoymercedes.com.ar\/principal\/wp-content\/uploads\/2018\/11\/03-fotografia-magistrados-2.jpg\" class=\"size-medium wp-image-83426\" src=\"https:\/\/www.hoymercedes.com.ar\/principal\/wp-content\/uploads\/2018\/11\/03-fotografia-magistrados-2-630x420.jpg\" alt=\"\" width=\"630\" height=\"420\" srcset=\"https:\/\/www.hoymercedes.com.ar\/principal\/wp-content\/uploads\/2018\/11\/03-fotografia-magistrados-2-630x420.jpg 630w, https:\/\/www.hoymercedes.com.ar\/principal\/wp-content\/uploads\/2018\/11\/03-fotografia-magistrados-2-150x100.jpg 150w, https:\/\/www.hoymercedes.com.ar\/principal\/wp-content\/uploads\/2018\/11\/03-fotografia-magistrados-2.jpg 750w\" sizes=\"auto, (max-width: 630px) 100vw, 630px\" \/><figcaption id=\"caption-attachment-83426\" class=\"wp-caption-text\">Evelina Zunino logr\u00f3 la segunda menci\u00f3n con su fotograf\u00eda.<\/figcaption><\/figure>\n<p>En el marco de la entrega de premios, Mariano Fuaz destac\u00f3 que con la manzana verde busc\u00f3 simbolizar la lucha de las mujeres para la igualdad de g\u00e9nero. \u201cLa fotograf\u00eda tiene una alusi\u00f3n a la obra \u201cEl Hijo del Hombre\u201d de Ren\u00e9 Magritte con s\u00edmbolos que usa Magritte. Es un cuadro que me encanta y plante\u00f3 hacer La Hija del Padre. La fotograf\u00eda m\u00eda tiene que ver con las preguntas de por qu\u00e9 se produce un movimiento nuevo, por qu\u00e9 est\u00e1 evolucionando de esta manera, lo que le falta crecer. Hay muchos s\u00edmbolos adentro de la obra\u201d, explic\u00f3 Fuaz.<\/p>\n<p>\u201cLa manzana tambi\u00e9n puede tener una reminiscencia b\u00edblica porque la Biblia le echa la culpa a la mujer porque se mordi\u00f3 la manzana, pero ac\u00e1 no est\u00e1 mordida, ni golpeada, algo que esperaban ver mis compa\u00f1eros y alumnos a medida que compart\u00eda el proceso. Alg\u00fan sector lo puede entender como un castigo a la mujer. Que est\u00e9 verde tiene que ver con el crecimiento o maduraci\u00f3n del movimiento de las mujeres. Ese movimiento, para m\u00ed, es genuino y deber\u00eda asentarse o encontrar un equilibrio porque los extremos todav\u00eda son muy extremos. La hija del Padre tambi\u00e9n es porque, creo yo, la sociedad machista est\u00e1 y la mujer tiene mucho que ver en esa sociedad\u201d, agreg\u00f3.<\/p>\n<figure id=\"attachment_83425\" aria-describedby=\"caption-attachment-83425\" style=\"width: 620px\" class=\"wp-caption aligncenter\"><img loading=\"lazy\" decoding=\"async\" data-attachment-id=\"83425\" data-permalink=\"https:\/\/www.hoymercedes.com.ar\/principal\/2018\/11\/03\/mariano-fuaz-recibio-el-primer-premio-por-concurso-de-fotografia-en-magistrados\/03-fotografia-magistrados-1\/#main\" data-orig-file=\"https:\/\/www.hoymercedes.com.ar\/principal\/wp-content\/uploads\/2018\/11\/03-fotografia-magistrados-1.jpg\" data-orig-size=\"750,500\" data-comments-opened=\"0\" data-image-meta=\"{&quot;aperture&quot;:&quot;4.2&quot;,&quot;credit&quot;:&quot;&quot;,&quot;camera&quot;:&quot;NIKON D3100&quot;,&quot;caption&quot;:&quot;&quot;,&quot;created_timestamp&quot;:&quot;1541076465&quot;,&quot;copyright&quot;:&quot;&quot;,&quot;focal_length&quot;:&quot;30&quot;,&quot;iso&quot;:&quot;450&quot;,&quot;shutter_speed&quot;:&quot;0.016666666666667&quot;,&quot;title&quot;:&quot;&quot;,&quot;orientation&quot;:&quot;1&quot;}\" data-image-title=\"03 fotografia magistrados 1\" data-image-description=\"\" data-image-caption=\"&lt;p&gt;Mariano Fuaz recibi\u00f3 del presidente del Colegio Dr. Carlos Acu\u00f1a el premio adquisici\u00f3n por su obra \u00abLa Hija del Padre\u00bb&lt;\/p&gt;\n\" data-large-file=\"https:\/\/www.hoymercedes.com.ar\/principal\/wp-content\/uploads\/2018\/11\/03-fotografia-magistrados-1.jpg\" class=\"size-medium wp-image-83425\" src=\"https:\/\/www.hoymercedes.com.ar\/principal\/wp-content\/uploads\/2018\/11\/03-fotografia-magistrados-1-630x420.jpg\" alt=\"\" width=\"630\" height=\"420\" srcset=\"https:\/\/www.hoymercedes.com.ar\/principal\/wp-content\/uploads\/2018\/11\/03-fotografia-magistrados-1-630x420.jpg 630w, https:\/\/www.hoymercedes.com.ar\/principal\/wp-content\/uploads\/2018\/11\/03-fotografia-magistrados-1-150x100.jpg 150w, https:\/\/www.hoymercedes.com.ar\/principal\/wp-content\/uploads\/2018\/11\/03-fotografia-magistrados-1.jpg 750w\" sizes=\"auto, (max-width: 630px) 100vw, 630px\" \/><figcaption id=\"caption-attachment-83425\" class=\"wp-caption-text\">Mariano Fuaz recibi\u00f3 del presidente del Colegio Dr. Carlos Acu\u00f1a el premio adquisici\u00f3n por su obra \u00abLa Hija del Padre\u00bb<\/figcaption><\/figure>\n<p>&nbsp;<\/p>\n","protected":false},"excerpt":{"rendered":"<p>El t\u00edtulo de la obra es \u201cLa Hija del Padre\u201d y obtuvo al premio adquisici\u00f3n del certamen fotogr\u00e1fico que el &#8230; <a title=\"Mariano Fuaz recibi\u00f3 el primer premio por Concurso de Fotograf\u00eda en Magistrados\" class=\"read-more\" href=\"https:\/\/www.hoymercedes.com.ar\/principal\/2018\/11\/03\/mariano-fuaz-recibio-el-primer-premio-por-concurso-de-fotografia-en-magistrados\/\" aria-label=\"Leer m\u00e1s sobre Mariano Fuaz recibi\u00f3 el primer premio por Concurso de Fotograf\u00eda en Magistrados\">Leer m\u00e1s<\/a><\/p>\n","protected":false},"author":1,"featured_media":83425,"comment_status":"closed","ping_status":"open","sticky":false,"template":"","format":"standard","meta":{"_monsterinsights_skip_tracking":false,"_monsterinsights_sitenote_active":false,"_monsterinsights_sitenote_note":"","_monsterinsights_sitenote_category":0,"jetpack_post_was_ever_published":false,"_jetpack_newsletter_access":"","_jetpack_dont_email_post_to_subs":false,"_jetpack_newsletter_tier_id":0,"_jetpack_memberships_contains_paywalled_content":false,"_jetpack_memberships_contains_paid_content":false,"footnotes":"","jetpack_publicize_message":"","jetpack_publicize_feature_enabled":true,"jetpack_social_post_already_shared":true,"jetpack_social_options":{"image_generator_settings":{"template":"highway","default_image_id":0,"font":"","enabled":false},"version":2},"_wpas_customize_per_network":false},"categories":[104],"tags":[13984,7805,1034,10],"class_list":["post-83424","post","type-post","status-publish","format-standard","has-post-thumbnail","hentry","category-cultura","tag-colegio-de-magistrados-y-funcionarios","tag-cultura","tag-fotografia","tag-mercedes","generate-columns","tablet-grid-50","mobile-grid-100","grid-parent","grid-50"],"jetpack_publicize_connections":[],"jetpack_featured_media_url":"https:\/\/www.hoymercedes.com.ar\/principal\/wp-content\/uploads\/2018\/11\/03-fotografia-magistrados-1.jpg","wps_subtitle":"Adquisici\u00f3n de fotograf\u00eda","jetpack_sharing_enabled":true,"_links":{"self":[{"href":"https:\/\/www.hoymercedes.com.ar\/principal\/wp-json\/wp\/v2\/posts\/83424","targetHints":{"allow":["GET"]}}],"collection":[{"href":"https:\/\/www.hoymercedes.com.ar\/principal\/wp-json\/wp\/v2\/posts"}],"about":[{"href":"https:\/\/www.hoymercedes.com.ar\/principal\/wp-json\/wp\/v2\/types\/post"}],"author":[{"embeddable":true,"href":"https:\/\/www.hoymercedes.com.ar\/principal\/wp-json\/wp\/v2\/users\/1"}],"replies":[{"embeddable":true,"href":"https:\/\/www.hoymercedes.com.ar\/principal\/wp-json\/wp\/v2\/comments?post=83424"}],"version-history":[{"count":0,"href":"https:\/\/www.hoymercedes.com.ar\/principal\/wp-json\/wp\/v2\/posts\/83424\/revisions"}],"wp:featuredmedia":[{"embeddable":true,"href":"https:\/\/www.hoymercedes.com.ar\/principal\/wp-json\/wp\/v2\/media\/83425"}],"wp:attachment":[{"href":"https:\/\/www.hoymercedes.com.ar\/principal\/wp-json\/wp\/v2\/media?parent=83424"}],"wp:term":[{"taxonomy":"category","embeddable":true,"href":"https:\/\/www.hoymercedes.com.ar\/principal\/wp-json\/wp\/v2\/categories?post=83424"},{"taxonomy":"post_tag","embeddable":true,"href":"https:\/\/www.hoymercedes.com.ar\/principal\/wp-json\/wp\/v2\/tags?post=83424"}],"curies":[{"name":"wp","href":"https:\/\/api.w.org\/{rel}","templated":true}]}}