{"id":83437,"date":"2018-11-03T20:00:44","date_gmt":"2018-11-03T23:00:44","guid":{"rendered":"http:\/\/www.hoymercedes.com.ar\/principal\/?p=83437"},"modified":"2018-11-03T17:52:02","modified_gmt":"2018-11-03T20:52:02","slug":"gran-asistencia-a-cena-solidaria-por-la-guardia-pediatrica-en-el-hospital-provincial-dubarry","status":"publish","type":"post","link":"https:\/\/www.hoymercedes.com.ar\/principal\/2018\/11\/03\/gran-asistencia-a-cena-solidaria-por-la-guardia-pediatrica-en-el-hospital-provincial-dubarry\/","title":{"rendered":"Gran asistencia a cena solidaria por la guardia pedi\u00e1trica en el hospital provincial Dubarry"},"content":{"rendered":"<figure id=\"attachment_83440\" aria-describedby=\"caption-attachment-83440\" style=\"width: 620px\" class=\"wp-caption aligncenter\"><img loading=\"lazy\" decoding=\"async\" data-attachment-id=\"83440\" data-permalink=\"https:\/\/www.hoymercedes.com.ar\/principal\/2018\/11\/03\/gran-asistencia-a-cena-solidaria-por-la-guardia-pediatrica-en-el-hospital-provincial-dubarry\/nuevo-cronista-2\/#main\" data-orig-file=\"https:\/\/www.hoymercedes.com.ar\/principal\/wp-content\/uploads\/2018\/11\/Nuevo-Cronista.2.jpg\" data-orig-size=\"1079,608\" data-comments-opened=\"0\" data-image-meta=\"{&quot;aperture&quot;:&quot;0&quot;,&quot;credit&quot;:&quot;&quot;,&quot;camera&quot;:&quot;&quot;,&quot;caption&quot;:&quot;&quot;,&quot;created_timestamp&quot;:&quot;0&quot;,&quot;copyright&quot;:&quot;&quot;,&quot;focal_length&quot;:&quot;0&quot;,&quot;iso&quot;:&quot;0&quot;,&quot;shutter_speed&quot;:&quot;0&quot;,&quot;title&quot;:&quot;&quot;,&quot;orientation&quot;:&quot;0&quot;}\" data-image-title=\"Nuevo-Cronista.2\" data-image-description=\"\" data-image-caption=\"&lt;p&gt;Cena Solidaria&lt;\/p&gt;\n\" data-large-file=\"https:\/\/www.hoymercedes.com.ar\/principal\/wp-content\/uploads\/2018\/11\/Nuevo-Cronista.2-1024x577.jpg\" class=\"size-medium wp-image-83440\" src=\"https:\/\/www.hoymercedes.com.ar\/principal\/wp-content\/uploads\/2018\/11\/Nuevo-Cronista.2-630x355.jpg\" alt=\"\" width=\"630\" height=\"355\" srcset=\"https:\/\/www.hoymercedes.com.ar\/principal\/wp-content\/uploads\/2018\/11\/Nuevo-Cronista.2-630x355.jpg 630w, https:\/\/www.hoymercedes.com.ar\/principal\/wp-content\/uploads\/2018\/11\/Nuevo-Cronista.2-150x85.jpg 150w, https:\/\/www.hoymercedes.com.ar\/principal\/wp-content\/uploads\/2018\/11\/Nuevo-Cronista.2-1024x577.jpg 1024w, https:\/\/www.hoymercedes.com.ar\/principal\/wp-content\/uploads\/2018\/11\/Nuevo-Cronista.2.jpg 1079w\" sizes=\"auto, (max-width: 630px) 100vw, 630px\" \/><figcaption id=\"caption-attachment-83440\" class=\"wp-caption-text\">Cena Solidaria<\/figcaption><\/figure>\n<p>M\u00e1s de medio millar de mercedinos se hicieron presentes en la cena solidaria para recaudar fondos con el objetivo de sostener la guardia pedi\u00e1trica. El municipio aporta m\u00e1s de 3 millones al a\u00f1o, pero se requieren m\u00e1s fondos. La organizaci\u00f3n estuvo a cargo de la Comuna y la Cooperadora. Estuvo presente el Jefe Comunal Ustarroz, diputados, concejales y gran cantidad de vecinos.<\/p>\n<p>El jefe comunal fue uno de los convocados a tomar la palabra ante los presentes y mencion\u00f3 que \u201cel hospital necesita una guardia pedi\u00e1trica. Hay problemas que son estructurales. Que sea cual sea el gobierno este problema nos acompa\u00f1a, por eso necesitamos estar todos unidos, desde todas las fuerzas pol\u00edticas, apoyando a la cooperadora, que es la rueda de auxilio y necesitamos de todo un pueblo con conciencia y trabajando por lo m\u00e1s importante que es la salud de nuestros ni\u00f1os\u201d afirm\u00f3 y remarc\u00f3 que \u201cel a\u00f1o que viene lo tenemos que repetir y quiz\u00e1s debamos plantear con todos los concejales una tasa, porque este a\u00f1o se salvaron vidas, y las vidas es lo m\u00e1s importante. No tienen valor. Como siempre somos agradecidos a todos los trabajadores y trabajadoras del hospital Dubarry que trabajan por la salud de todos los mercedinos\u201d remarc\u00f3 invitando a que \u201cseamos cada vez m\u00e1s los que apoyemos al hospital Blas L Dubarry\u201d.<\/p>\n<p><img loading=\"lazy\" decoding=\"async\" data-attachment-id=\"83441\" data-permalink=\"https:\/\/www.hoymercedes.com.ar\/principal\/2018\/11\/03\/gran-asistencia-a-cena-solidaria-por-la-guardia-pediatrica-en-el-hospital-provincial-dubarry\/nuevo-cronista\/#main\" data-orig-file=\"https:\/\/www.hoymercedes.com.ar\/principal\/wp-content\/uploads\/2018\/11\/Nuevo-Cronista.jpg\" data-orig-size=\"1079,608\" data-comments-opened=\"0\" data-image-meta=\"{&quot;aperture&quot;:&quot;0&quot;,&quot;credit&quot;:&quot;&quot;,&quot;camera&quot;:&quot;&quot;,&quot;caption&quot;:&quot;&quot;,&quot;created_timestamp&quot;:&quot;0&quot;,&quot;copyright&quot;:&quot;&quot;,&quot;focal_length&quot;:&quot;0&quot;,&quot;iso&quot;:&quot;0&quot;,&quot;shutter_speed&quot;:&quot;0&quot;,&quot;title&quot;:&quot;&quot;,&quot;orientation&quot;:&quot;0&quot;}\" data-image-title=\"Nuevo-Cronista\" data-image-description=\"\" data-image-caption=\"\" data-large-file=\"https:\/\/www.hoymercedes.com.ar\/principal\/wp-content\/uploads\/2018\/11\/Nuevo-Cronista-1024x577.jpg\" class=\"aligncenter size-medium wp-image-83441\" src=\"https:\/\/www.hoymercedes.com.ar\/principal\/wp-content\/uploads\/2018\/11\/Nuevo-Cronista-630x355.jpg\" alt=\"\" width=\"630\" height=\"355\" srcset=\"https:\/\/www.hoymercedes.com.ar\/principal\/wp-content\/uploads\/2018\/11\/Nuevo-Cronista-630x355.jpg 630w, https:\/\/www.hoymercedes.com.ar\/principal\/wp-content\/uploads\/2018\/11\/Nuevo-Cronista-150x85.jpg 150w, https:\/\/www.hoymercedes.com.ar\/principal\/wp-content\/uploads\/2018\/11\/Nuevo-Cronista-1024x577.jpg 1024w, https:\/\/www.hoymercedes.com.ar\/principal\/wp-content\/uploads\/2018\/11\/Nuevo-Cronista.jpg 1079w\" sizes=\"auto, (max-width: 630px) 100vw, 630px\" \/><\/p>\n<p>Rosendo Rubiero afirm\u00f3 ante los presentes que \u201cGracias Juani, a todos los que hicieron posible para que esto se concrete\u201d y cont\u00f3 que \u201csi esto no se hubiera realizado no hubi\u00e9ramos podido completar el per\u00edodo de guardia pedi\u00e1trica hasta fin de a\u00f1o. Esto es gracias a todos los que vinieron y colaboraron\u201d y remarc\u00f3 que \u201cno me alcanzan las palabras a los que est\u00e1n a ac\u00e1, a los chicos que desde la ma\u00f1ana estaban poniendo las mesas, armando, y nosotros que somos bastante viejos para eso nos da mucha alegr\u00eda. La cooperadora est\u00e1 muy contenga. Estamos muy agradecidos. La ciudad de Mercedes est\u00e1 muy agradecida por esta compa\u00f1\u00eda y este esfuerzo que vivimos\u201d, sostuvo el responsable de la cooperadora del Blas L Dubarry.<\/p>\n<p>Por su parte, el Dr. Javier Cursi, jefe del servicio de emergencias del hospital, sostuvo que \u201cquiero agradecer a todos los que vinieron a participar de esta cena solidaria de apoyo a la guardia pedi\u00e1trica. Sin este apoyo ser\u00eda imposible que contin\u00fae en el hospital dos pediatras todos los d\u00edas, as\u00ed que quiero agradecer a la Municipalidad y a la Cooperadora por todo el esfuerzo que hacen diariamente. Michas gracias\u201d, afirm\u00f3.<\/p>\n<p>Ustarroz tambi\u00e9n tuvo un momento para \u201cagradecer a todos los que desde primera hora est\u00e1n ac\u00e1 trabajando. Como Bety, que prepar\u00f3 el sal\u00f3n para que luego vinieron todos los que hoy nos regalan esta velada solidaria\u201d<\/p>\n<p>La cena cont\u00f3 con una gran cantidad de voluntarios que realizaron tareas de mozos, limpieza, parrilla, es decir, todo lo necesario. La m\u00fasica estuvo a cargo de Mam\u00e1 Bora.<\/p>\n<p><img loading=\"lazy\" decoding=\"async\" data-attachment-id=\"83439\" data-permalink=\"https:\/\/www.hoymercedes.com.ar\/principal\/2018\/11\/03\/gran-asistencia-a-cena-solidaria-por-la-guardia-pediatrica-en-el-hospital-provincial-dubarry\/nuevo-cronista3\/#main\" data-orig-file=\"https:\/\/www.hoymercedes.com.ar\/principal\/wp-content\/uploads\/2018\/11\/Nuevo-Cronista3.jpg\" data-orig-size=\"656,369\" data-comments-opened=\"0\" data-image-meta=\"{&quot;aperture&quot;:&quot;0&quot;,&quot;credit&quot;:&quot;&quot;,&quot;camera&quot;:&quot;&quot;,&quot;caption&quot;:&quot;&quot;,&quot;created_timestamp&quot;:&quot;0&quot;,&quot;copyright&quot;:&quot;&quot;,&quot;focal_length&quot;:&quot;0&quot;,&quot;iso&quot;:&quot;0&quot;,&quot;shutter_speed&quot;:&quot;0&quot;,&quot;title&quot;:&quot;&quot;,&quot;orientation&quot;:&quot;0&quot;}\" data-image-title=\"Nuevo-Cronista3\" data-image-description=\"\" data-image-caption=\"\" data-large-file=\"https:\/\/www.hoymercedes.com.ar\/principal\/wp-content\/uploads\/2018\/11\/Nuevo-Cronista3.jpg\" class=\"aligncenter size-medium wp-image-83439\" src=\"https:\/\/www.hoymercedes.com.ar\/principal\/wp-content\/uploads\/2018\/11\/Nuevo-Cronista3-630x354.jpg\" alt=\"\" width=\"630\" height=\"354\" srcset=\"https:\/\/www.hoymercedes.com.ar\/principal\/wp-content\/uploads\/2018\/11\/Nuevo-Cronista3-630x354.jpg 630w, https:\/\/www.hoymercedes.com.ar\/principal\/wp-content\/uploads\/2018\/11\/Nuevo-Cronista3-150x84.jpg 150w, https:\/\/www.hoymercedes.com.ar\/principal\/wp-content\/uploads\/2018\/11\/Nuevo-Cronista3.jpg 656w\" sizes=\"auto, (max-width: 630px) 100vw, 630px\" \/><\/p>\n<p>Vale recordar que la acci\u00f3n fue presentada hace poco tiempo y que el municipio aporta m\u00e1s de 3 millones de pesos anuales y que este a\u00f1o deb\u00edan dineros desde provincia, pero finalmente no sucedi\u00f3. Entre los presentes no se encontraron las autoridades del nosocomio, el Dr. Bandoni y la Dra Ceriotto, aunque s\u00ed hubo integrantes de distintas fuerzas pol\u00edticas, concejales y miembros de la comunidad sanitaria mercedina.<\/p>\n<p>Por su parte, el Dr. Cassiani, coment\u00f3 que \u201ces un orgullo y una emoci\u00f3n muy grande ver tantos colaboradores. Hubo gente que compr\u00f3 entradas y no pod\u00edan venir, pero colaboraron sabiendo que se trata de una causa noble y necesaria\u201d<\/p>\n<p>Lo recaudado, como se dijo, es para ayudar a solventar la guardia pedi\u00e1trica que funciona en el hospital provincial Dubarry y que busca ser una herramienta de cuidado y protecci\u00f3n de la ni\u00f1ez.<\/p>\n","protected":false},"excerpt":{"rendered":"<p>M\u00e1s de medio millar de mercedinos se hicieron presentes en la cena solidaria para recaudar fondos con el objetivo de &#8230; <a title=\"Gran asistencia a cena solidaria por la guardia pedi\u00e1trica en el hospital provincial Dubarry\" class=\"read-more\" href=\"https:\/\/www.hoymercedes.com.ar\/principal\/2018\/11\/03\/gran-asistencia-a-cena-solidaria-por-la-guardia-pediatrica-en-el-hospital-provincial-dubarry\/\" aria-label=\"Leer m\u00e1s sobre Gran asistencia a cena solidaria por la guardia pedi\u00e1trica en el hospital provincial Dubarry\">Leer m\u00e1s<\/a><\/p>\n","protected":false},"author":1,"featured_media":83438,"comment_status":"closed","ping_status":"open","sticky":false,"template":"","format":"standard","meta":{"_monsterinsights_skip_tracking":false,"_monsterinsights_sitenote_active":false,"_monsterinsights_sitenote_note":"","_monsterinsights_sitenote_category":0,"jetpack_post_was_ever_published":false,"_jetpack_newsletter_access":"","_jetpack_dont_email_post_to_subs":false,"_jetpack_newsletter_tier_id":0,"_jetpack_memberships_contains_paywalled_content":false,"_jetpack_memberships_contains_paid_content":false,"footnotes":"","jetpack_publicize_message":"","jetpack_publicize_feature_enabled":true,"jetpack_social_post_already_shared":true,"jetpack_social_options":{"image_generator_settings":{"template":"highway","default_image_id":0,"font":"","enabled":false},"version":2},"_wpas_customize_per_network":false},"categories":[8],"tags":[13985,4755,424],"class_list":["post-83437","post","type-post","status-publish","format-standard","has-post-thumbnail","hentry","category-sociedad","tag-cena-solidaria-dubarry","tag-guardia-pediatrica-mercedes","tag-ustarroz","generate-columns","tablet-grid-50","mobile-grid-100","grid-parent","grid-50"],"jetpack_publicize_connections":[],"jetpack_featured_media_url":"https:\/\/www.hoymercedes.com.ar\/principal\/wp-content\/uploads\/2018\/11\/Nuevo-Cronista4.jpg","wps_subtitle":"Beneficio social ","jetpack_sharing_enabled":true,"_links":{"self":[{"href":"https:\/\/www.hoymercedes.com.ar\/principal\/wp-json\/wp\/v2\/posts\/83437","targetHints":{"allow":["GET"]}}],"collection":[{"href":"https:\/\/www.hoymercedes.com.ar\/principal\/wp-json\/wp\/v2\/posts"}],"about":[{"href":"https:\/\/www.hoymercedes.com.ar\/principal\/wp-json\/wp\/v2\/types\/post"}],"author":[{"embeddable":true,"href":"https:\/\/www.hoymercedes.com.ar\/principal\/wp-json\/wp\/v2\/users\/1"}],"replies":[{"embeddable":true,"href":"https:\/\/www.hoymercedes.com.ar\/principal\/wp-json\/wp\/v2\/comments?post=83437"}],"version-history":[{"count":0,"href":"https:\/\/www.hoymercedes.com.ar\/principal\/wp-json\/wp\/v2\/posts\/83437\/revisions"}],"wp:featuredmedia":[{"embeddable":true,"href":"https:\/\/www.hoymercedes.com.ar\/principal\/wp-json\/wp\/v2\/media\/83438"}],"wp:attachment":[{"href":"https:\/\/www.hoymercedes.com.ar\/principal\/wp-json\/wp\/v2\/media?parent=83437"}],"wp:term":[{"taxonomy":"category","embeddable":true,"href":"https:\/\/www.hoymercedes.com.ar\/principal\/wp-json\/wp\/v2\/categories?post=83437"},{"taxonomy":"post_tag","embeddable":true,"href":"https:\/\/www.hoymercedes.com.ar\/principal\/wp-json\/wp\/v2\/tags?post=83437"}],"curies":[{"name":"wp","href":"https:\/\/api.w.org\/{rel}","templated":true}]}}