{"id":8346,"date":"2011-10-18T11:41:57","date_gmt":"2011-10-18T11:41:57","guid":{"rendered":"http:\/\/www.hoymercedes.com.ar\/principal\/?p=8346"},"modified":"2011-10-18T11:41:57","modified_gmt":"2011-10-18T11:41:57","slug":"recordaron-el-17-de-octubre-en-mercedes","status":"publish","type":"post","link":"https:\/\/www.hoymercedes.com.ar\/principal\/2011\/10\/18\/recordaron-el-17-de-octubre-en-mercedes\/","title":{"rendered":"Recordaron el 17 de octubre en Mercedes"},"content":{"rendered":"<p>Se record\u00f3 ayer un nuevo aniversario del d\u00eda en que el pueblo sali\u00f3 a las calles para defender al entonces Coronel que ayudaba a los trabajadores por lo cual el 17 de octubre paso a denominarse el D\u00eda de la Lealtad Peronista<\/p>\n<p>En el hecho pol\u00edtico-social con seguridad mas importante ocurrido en los tiempos modernos de la argentinidad, hace 66 a\u00f1os el pueblo argentino, concretamente el pueblo trabajador se movilizaba en torno a la Plaza de Mayor el 17 de octubre de 1945 para reivindicar al entonces Coronel Juan Domingo Per\u00f3n llenado a pesar de las trabas impuestas para movilizarse por el gobierno de turno la hist\u00f3rica Plaza De Mayo.<\/p>\n<p>En nuestra ciudad ayer se refirieron a dicho acontecimiento varios dirigentes del ahora denominado Partido Justicialista recordando la importancia que el mismo tuvo para el desarrollo de la Rep\u00fablica.<\/p>\n<p>Por ejemplo el representante del actual Peronismo Federal, Juan Carlos Ben\u00edtez manifest\u00f3 entre otros conceptos \u201ccada vez que escucho el discurso que pronunciara el entonces coronel Juan Domingo Per\u00f3n me viene una emoci\u00f3n muy grande porque imagino el momento en que se vivi\u00f3, es decir los d\u00edas de aquel proceso y el despertar de una nueva conciencia nacional que dura hasta nuestros d\u00edas porque no fue realmente f\u00e1cil que gran parte del pueblo argentino estuviera fuera de la participaci\u00f3n en la vida publica del momento, parte en la ignorancia y muchos en la pobreza<\/p>\n<p>Fue a partir de Per\u00f3n cuando el hombre com\u00fan, el trabajador comienza a tener una incidencia en la vida social del pa\u00eds, ver a personas salidas de las fuentes del trabajo con una personalidad representativa que hasta ese 17 de octubre no ten\u00eda y desde ese momento aquel que sale de la vida del trabajo tiene iguales posibilidades que aquel que sale de la parte profesional diferentes a la del trabajo.<\/p>\n<p>Hoy vivo aquel 17 de octubre con una pasi\u00f3n especial porque siento que en ello se ve reflejado toda mi v\u00edas de militante pol\u00edtico que tiene su eje fundamental en aquel 17 de octubre de 1945\u201d.<\/p>\n<p>Por su parte el actual presidente del PJ en Mercedes, Carlos Selva \u201ccreo que lo que sentimos qued\u00f3 reflejado el domingo a la noche cuando en el partido un d\u00eda antes recordamos dicho hecho junto a un grupo de militante en un acto emotivo donde se ratific\u00f3 la lealtad de la militancia a un proyecto m\u00e1s all\u00e1 que resulte casi imposible ver desde la historia lo importante que fue para todo el pa\u00eds esa etapa dentro del peronismo, ese valor tan importante como lo fue la lealtad que en su momento el pueblo de todos los extractos sociales le evidenciaron a Juan Domingo Per\u00f3n cuando aun ni siquiera hab\u00eda podido desarrollar una verdadera pol\u00edtica de estado sino tan solo una parte de una determinada pol\u00edtica social con un cambio del paradigma del rol de estado con las problem\u00e1ticas sociales de la gente.<\/p>\n<p>Eso motivo la movilizaci\u00f3n popular m\u00e1s espont\u00e1nea y hasta si se quiere m\u00e1s an\u00e1rquica de un pueblo que sali\u00f3 muy motivado a la calle en un hecho que ha quedado muy plasmado en la sociedad Argentina\u201d<\/p>\n<p>Por su parte Juan Ignacio Ustarroz dijo otros conceptos \u201clo estoy viviendo con mucho entusiasmo porque vemos como la juventud ha recuperado las banderas hist\u00f3ricas del Peronismo, cada vez m\u00e1s gente est\u00e1 interesada en la pol\u00edtica y de esta manera volvemos a la doctrina. Volvemos a generar cursos de capacitaciones pol\u00edticas para la juventud que hace diez a\u00f1os era realmente impensado para as\u00ed proyectar un pa\u00eds y como pensar en proyectar una ciudad, encontrado este d\u00eda a los peronista nos toma este d\u00eda co0nunaproyecci\u00f3n de crecimiento y desarrollo muy significativo\u201d<\/p>\n","protected":false},"excerpt":{"rendered":"<p>Se record\u00f3 ayer un nuevo aniversario del d\u00eda en que el pueblo sali\u00f3 a las calles para defender al entonces &#8230; <a title=\"Recordaron el 17 de octubre en Mercedes\" class=\"read-more\" href=\"https:\/\/www.hoymercedes.com.ar\/principal\/2011\/10\/18\/recordaron-el-17-de-octubre-en-mercedes\/\" aria-label=\"Leer m\u00e1s sobre Recordaron el 17 de octubre en Mercedes\">Leer m\u00e1s<\/a><\/p>\n","protected":false},"author":1,"featured_media":0,"comment_status":"open","ping_status":"open","sticky":false,"template":"","format":"standard","meta":{"_monsterinsights_skip_tracking":false,"_monsterinsights_sitenote_active":false,"_monsterinsights_sitenote_note":"","_monsterinsights_sitenote_category":0,"jetpack_post_was_ever_published":false,"_jetpack_newsletter_access":"","_jetpack_dont_email_post_to_subs":false,"_jetpack_newsletter_tier_id":0,"_jetpack_memberships_contains_paywalled_content":false,"_jetpack_memberships_contains_paid_content":false,"footnotes":"","jetpack_publicize_message":"","jetpack_publicize_feature_enabled":true,"jetpack_social_post_already_shared":false,"jetpack_social_options":{"image_generator_settings":{"template":"highway","default_image_id":0,"font":"","enabled":false},"version":2},"_wpas_customize_per_network":false},"categories":[8],"tags":[492],"class_list":["post-8346","post","type-post","status-publish","format-standard","hentry","category-sociedad","tag-17-de-octubre","generate-columns","tablet-grid-50","mobile-grid-100","grid-parent","grid-50"],"jetpack_publicize_connections":[],"jetpack_featured_media_url":"","wps_subtitle":"","jetpack_sharing_enabled":true,"_links":{"self":[{"href":"https:\/\/www.hoymercedes.com.ar\/principal\/wp-json\/wp\/v2\/posts\/8346","targetHints":{"allow":["GET"]}}],"collection":[{"href":"https:\/\/www.hoymercedes.com.ar\/principal\/wp-json\/wp\/v2\/posts"}],"about":[{"href":"https:\/\/www.hoymercedes.com.ar\/principal\/wp-json\/wp\/v2\/types\/post"}],"author":[{"embeddable":true,"href":"https:\/\/www.hoymercedes.com.ar\/principal\/wp-json\/wp\/v2\/users\/1"}],"replies":[{"embeddable":true,"href":"https:\/\/www.hoymercedes.com.ar\/principal\/wp-json\/wp\/v2\/comments?post=8346"}],"version-history":[{"count":0,"href":"https:\/\/www.hoymercedes.com.ar\/principal\/wp-json\/wp\/v2\/posts\/8346\/revisions"}],"wp:attachment":[{"href":"https:\/\/www.hoymercedes.com.ar\/principal\/wp-json\/wp\/v2\/media?parent=8346"}],"wp:term":[{"taxonomy":"category","embeddable":true,"href":"https:\/\/www.hoymercedes.com.ar\/principal\/wp-json\/wp\/v2\/categories?post=8346"},{"taxonomy":"post_tag","embeddable":true,"href":"https:\/\/www.hoymercedes.com.ar\/principal\/wp-json\/wp\/v2\/tags?post=8346"}],"curies":[{"name":"wp","href":"https:\/\/api.w.org\/{rel}","templated":true}]}}