{"id":83477,"date":"2018-11-04T21:08:23","date_gmt":"2018-11-05T00:08:23","guid":{"rendered":"http:\/\/www.hoymercedes.com.ar\/principal\/?p=83477"},"modified":"2018-11-05T11:43:12","modified_gmt":"2018-11-05T14:43:12","slug":"juventud-velez-marcos-paz-y-mercedes-son-los-nuevos-clasificados-a-la-liguilla","status":"publish","type":"post","link":"https:\/\/www.hoymercedes.com.ar\/principal\/2018\/11\/04\/juventud-velez-marcos-paz-y-mercedes-son-los-nuevos-clasificados-a-la-liguilla\/","title":{"rendered":"Juventud, V\u00e9lez, Marcos Paz y Mercedes son los nuevos clasificados a la Liguilla"},"content":{"rendered":"<p>Entre s\u00e1bado y domingo se jug\u00f3 la octava fecha del torneo de Primera Divisi\u00f3n de la Liga Mercedina, que dej\u00f3 cuatro nuevos clasificados y otros equipos ya sin chances de poder jugar la Liguilla. De ellos, Juventud de Suipacha se asegur\u00f3 ser el n\u00famero uno en la Zona A, mientras que esa mismo grupo y el B son los que siguen abiertos en esa materia mientras que el C y el D ya tienen confirmados a sus dos equipos aunque resta saber en qu\u00e9 posici\u00f3n.<\/p>\n<p>En la Zona A, Pe\u00f1a Xeneize gole\u00f3 a Uni\u00f3n en duelo de eliminados y Ateneo qued\u00f3 libre. El plato fuerte fue el partido que cerr\u00f3 la fecha y en cancha de la Liga, Juventud venci\u00f3 a Barrio San Mart\u00edn. Con el triunfo se asegur\u00f3 el n\u00famero uno y dej\u00f3 la pelea del segundo lugar a Ateneo y AMEFIP que tienen que jugar entre s\u00ed y s\u00f3lo tres puntos los separan.<\/p>\n<p>En la Zona B, la pelea es m\u00e1s pareja, porque con Palometas y Pabell\u00f3n eliminados, la historia sigue pareja entre Comunicaciones, Col\u00f3n y El Front\u00f3n. El cartero, que tiene que quedar libre, venci\u00f3 a los de Luj\u00e1n, mientras que los de Giles hicieron lo propio ante Palometas. Los de Julio Torres jugar\u00e1n su \u00faltimo partido en la fecha diez ante El Front\u00f3n, por lo que con el empate se aseguran la clasificaci\u00f3n, en caso de que los de Giles derroten a los de la Bas\u00edlica en la novena fecha. Para Col\u00f3n, deber\u00e1 ganar a Front\u00f3n, y luego tambi\u00e9n, con el punto en la d\u00e9cima jornada, clasificar\u00e1.<\/p>\n<p>En la Zona C, V\u00e9lez clasific\u00f3 al vencer a Holanda por 2 a 1 y Trocha sigue siendo el l\u00edder al superar a Defensores 3 a 1. Ahora la pelea es mano a mano por ser el mejor y en la novena fecha, cuando jueguen entre s\u00ed, si V\u00e9lez gana seguir\u00e1 peleando, de lo contrario, Trocha se asegura el primer lugar.<\/p>\n<p>En la Zona D, la victoria de Mercedes ante El Tim\u00f3n dej\u00f3 eliminado a los de J\u00e1uregui y Atl\u00e9tico Marcos Paz se asegur\u00f3 un lugar al derrotar a Estudiantes, quedando Quilmes libre. Ahora deber\u00e1n dirimir entre verdiblancos y blanquinegros quien gana el grupo y si bien queda la novena fecha, en la \u00faltima se enfrentan con la particularidad de que en el encuentro de ida empataron en cero.<\/p>\n<table style=\"height: 763px;\" width=\"803\">\n<tbody>\n<tr>\n<td width=\"108\">Fecha 8<\/td>\n<td width=\"14\"><\/td>\n<td width=\"320\"><\/td>\n<\/tr>\n<tr>\n<td>El Tim\u00f3n<\/td>\n<td>0<\/td>\n<td><\/td>\n<\/tr>\n<tr>\n<td>Mercedes<\/td>\n<td>1<\/td>\n<td>Franco Gatti<\/td>\n<\/tr>\n<tr>\n<td><\/td>\n<td><\/td>\n<td><\/td>\n<\/tr>\n<tr>\n<td>Defensores<\/td>\n<td>1<\/td>\n<td>Juan Iarza<\/td>\n<\/tr>\n<tr>\n<td>Trocha<\/td>\n<td>3<\/td>\n<td>Marcelo Gonz\u00e1lez y Emmanuel Vel\u00e1zquez (2)<\/td>\n<\/tr>\n<tr>\n<td><\/td>\n<td><\/td>\n<td><\/td>\n<\/tr>\n<tr>\n<td>V\u00e9lez<\/td>\n<td>2<\/td>\n<td>Facundo Ballesteros y Agust\u00edn Aguirre<\/td>\n<\/tr>\n<tr>\n<td>Holanda<\/td>\n<td>1<\/td>\n<td>Lucas Ch\u00e1vez<\/td>\n<\/tr>\n<tr>\n<td><\/td>\n<td><\/td>\n<td><\/td>\n<\/tr>\n<tr>\n<td>Atl\u00e9tico MP<\/td>\n<td>1<\/td>\n<td>Fernando Garitonandia<\/td>\n<\/tr>\n<tr>\n<td>Estudiantes<\/td>\n<td>0<\/td>\n<td><\/td>\n<\/tr>\n<tr>\n<td><\/td>\n<td><\/td>\n<td><\/td>\n<\/tr>\n<tr>\n<td>Comunicaciones<\/td>\n<td>2<\/td>\n<td>Franco Torres y Rodrigo Torres<\/td>\n<\/tr>\n<tr>\n<td>Col\u00f3n<\/td>\n<td>0<\/td>\n<td><\/td>\n<\/tr>\n<tr>\n<td><\/td>\n<td><\/td>\n<td><\/td>\n<\/tr>\n<tr>\n<td>Palometas<\/td>\n<td>0<\/td>\n<td><\/td>\n<\/tr>\n<tr>\n<td>El Front\u00f3n<\/td>\n<td>3<\/td>\n<td>Mat\u00edas Paolacci, Ramiro Soria y Gabriel Barrientos<\/td>\n<\/tr>\n<tr>\n<td><\/td>\n<td><\/td>\n<td><\/td>\n<\/tr>\n<tr>\n<td>AMEFIP<\/td>\n<td>1<\/td>\n<td>Marcos Camargo<\/td>\n<\/tr>\n<tr>\n<td>Juventud<\/td>\n<td>2<\/td>\n<td>Maximiliano Machado y Luis Lawler<\/td>\n<\/tr>\n<tr>\n<td><\/td>\n<td><\/td>\n<td><\/td>\n<\/tr>\n<tr>\n<td>Pe\u00f1a Xeneize<\/td>\n<td>6<\/td>\n<td>Federico Del Bianco, Lucas Atampi, Ramiro Roa, Daniel Becerra 2 y Ram\u00f3n Clavero<\/td>\n<\/tr>\n<tr>\n<td>Uni\u00f3n<\/td>\n<td>1<\/td>\n<td>Ariel Antunes<\/td>\n<\/tr>\n<\/tbody>\n<\/table>\n<p>&nbsp;<\/p>\n<p><strong>Pr\u00f3xima fecha<br \/>\n<\/strong><strong>Martes 6 de noviembre<br \/>\nCancha:\u00a0<\/strong>Liga Mercedina.<br \/>\nA las 20.30 Mercedes vs. Estudiantes.<\/p>\n<p><strong>Cancha:\u00a0<\/strong>Municipal de Suipacha.<br \/>\nA las 20 Costa Brava vs. Defensores.<\/p>\n<p><strong>Cancha:\u00a0<\/strong>El Front\u00f3n.<br \/>\nA las 21 El Front\u00f3n vs. Col\u00f3n.<\/p>\n<p>&nbsp;<\/p>\n<p><strong>Mi\u00e9rcoles 7 de noviembre<br \/>\nCancha:\u00a0<\/strong>Liga Mercedina.<br \/>\nA las 19.15 Ateneo vs. Pe\u00f1a Diego Armando.<br \/>\nA las 21.15 Uni\u00f3n vs. AMEFIP San Mart\u00edn.<\/p>\n<p><strong>Jueves 8 de noviembre<br \/>\nCancha:\u00a0<\/strong>Liga Mercedina.<br \/>\nA las 19.15 Quilmes vs. El Tim\u00f3n.<br \/>\nA las 21.15 Trocha vs. V\u00e9lez.<br \/>\n<strong><br \/>\nA confirmar<\/strong><br \/>\nPabell\u00f3n Argentino vs. Palometas.<\/p>\n<p><strong>Ultima fecha<br \/>\nZona A<br \/>\n<\/strong>AMEFIP San Mart\u00edn vs. Ateneo.<br \/>\nJuventud vs. Uni\u00f3n.<br \/>\n<strong>Libre:<\/strong>\u00a0Pe\u00f1a Diego Armando.<\/p>\n<p><strong>Zona B<\/strong><br \/>\nCol\u00f3n vs. Pabell\u00f3n<br \/>\nComunicaciones vs. El Front\u00f3n.<br \/>\n<strong>Libre:<\/strong>\u00a0Palometas.<\/p>\n<p><strong>Zona C<\/strong><br \/>\nV\u00e9lez vs. Costa Brava.<br \/>\nHolanda vs. Trocha.<br \/>\n<strong>Libre:<\/strong>\u00a0Defensores.<\/p>\n<p><strong>Zona D<\/strong><br \/>\nEstudiantes vs. Quilmes.<br \/>\nAtl\u00e9tico Marcos Paz vs. Club Mercedes.<br \/>\n<strong>Libre:<\/strong>\u00a0El Tim\u00f3n.<\/p>\n<p>&nbsp;<\/p>\n<p><img loading=\"lazy\" decoding=\"async\" data-attachment-id=\"83478\" data-permalink=\"https:\/\/www.hoymercedes.com.ar\/principal\/2018\/11\/04\/juventud-velez-marcos-paz-y-mercedes-son-los-nuevos-clasificados-a-la-liguilla\/posiciones-12\/#main\" data-orig-file=\"https:\/\/www.hoymercedes.com.ar\/principal\/wp-content\/uploads\/2018\/11\/Posiciones.png\" data-orig-size=\"978,300\" data-comments-opened=\"0\" data-image-meta=\"{&quot;aperture&quot;:&quot;0&quot;,&quot;credit&quot;:&quot;&quot;,&quot;camera&quot;:&quot;&quot;,&quot;caption&quot;:&quot;&quot;,&quot;created_timestamp&quot;:&quot;0&quot;,&quot;copyright&quot;:&quot;&quot;,&quot;focal_length&quot;:&quot;0&quot;,&quot;iso&quot;:&quot;0&quot;,&quot;shutter_speed&quot;:&quot;0&quot;,&quot;title&quot;:&quot;&quot;,&quot;orientation&quot;:&quot;0&quot;}\" data-image-title=\"Posiciones\" data-image-description=\"\" data-image-caption=\"\" data-large-file=\"https:\/\/www.hoymercedes.com.ar\/principal\/wp-content\/uploads\/2018\/11\/Posiciones.png\" class=\"aligncenter size-medium wp-image-83478\" src=\"https:\/\/www.hoymercedes.com.ar\/principal\/wp-content\/uploads\/2018\/11\/Posiciones-630x193.png\" alt=\"\" width=\"630\" height=\"193\" srcset=\"https:\/\/www.hoymercedes.com.ar\/principal\/wp-content\/uploads\/2018\/11\/Posiciones-630x193.png 630w, https:\/\/www.hoymercedes.com.ar\/principal\/wp-content\/uploads\/2018\/11\/Posiciones-150x46.png 150w, https:\/\/www.hoymercedes.com.ar\/principal\/wp-content\/uploads\/2018\/11\/Posiciones.png 978w\" sizes=\"auto, (max-width: 630px) 100vw, 630px\" \/> <img loading=\"lazy\" decoding=\"async\" data-attachment-id=\"83479\" data-permalink=\"https:\/\/www.hoymercedes.com.ar\/principal\/2018\/11\/04\/juventud-velez-marcos-paz-y-mercedes-son-los-nuevos-clasificados-a-la-liguilla\/goleadores-primera-91\/#main\" data-orig-file=\"https:\/\/www.hoymercedes.com.ar\/principal\/wp-content\/uploads\/2018\/11\/Goleadores-Primera-1.png\" data-orig-size=\"309,579\" data-comments-opened=\"0\" data-image-meta=\"{&quot;aperture&quot;:&quot;0&quot;,&quot;credit&quot;:&quot;&quot;,&quot;camera&quot;:&quot;&quot;,&quot;caption&quot;:&quot;&quot;,&quot;created_timestamp&quot;:&quot;0&quot;,&quot;copyright&quot;:&quot;&quot;,&quot;focal_length&quot;:&quot;0&quot;,&quot;iso&quot;:&quot;0&quot;,&quot;shutter_speed&quot;:&quot;0&quot;,&quot;title&quot;:&quot;&quot;,&quot;orientation&quot;:&quot;0&quot;}\" data-image-title=\"Goleadores Primera\" data-image-description=\"\" data-image-caption=\"\" data-large-file=\"https:\/\/www.hoymercedes.com.ar\/principal\/wp-content\/uploads\/2018\/11\/Goleadores-Primera-1.png\" class=\"aligncenter size-medium wp-image-83479\" src=\"https:\/\/www.hoymercedes.com.ar\/principal\/wp-content\/uploads\/2018\/11\/Goleadores-Primera-1.png\" alt=\"\" width=\"309\" height=\"579\" srcset=\"https:\/\/www.hoymercedes.com.ar\/principal\/wp-content\/uploads\/2018\/11\/Goleadores-Primera-1.png 309w, https:\/\/www.hoymercedes.com.ar\/principal\/wp-content\/uploads\/2018\/11\/Goleadores-Primera-1-80x150.png 80w\" sizes=\"auto, (max-width: 309px) 100vw, 309px\" \/><\/p>\n","protected":false},"excerpt":{"rendered":"<p>Entre s\u00e1bado y domingo se jug\u00f3 la octava fecha del torneo de Primera Divisi\u00f3n de la Liga Mercedina, que dej\u00f3 &#8230; <a title=\"Juventud, V\u00e9lez, Marcos Paz y Mercedes son los nuevos clasificados a la Liguilla\" class=\"read-more\" href=\"https:\/\/www.hoymercedes.com.ar\/principal\/2018\/11\/04\/juventud-velez-marcos-paz-y-mercedes-son-los-nuevos-clasificados-a-la-liguilla\/\" aria-label=\"Leer m\u00e1s sobre Juventud, V\u00e9lez, Marcos Paz y Mercedes son los nuevos clasificados a la Liguilla\">Leer m\u00e1s<\/a><\/p>\n","protected":false},"author":1,"featured_media":83478,"comment_status":"closed","ping_status":"open","sticky":false,"template":"","format":"standard","meta":{"_monsterinsights_skip_tracking":false,"_monsterinsights_sitenote_active":false,"_monsterinsights_sitenote_note":"","_monsterinsights_sitenote_category":0,"jetpack_post_was_ever_published":false,"_jetpack_newsletter_access":"","_jetpack_dont_email_post_to_subs":false,"_jetpack_newsletter_tier_id":0,"_jetpack_memberships_contains_paywalled_content":false,"_jetpack_memberships_contains_paid_content":false,"footnotes":"","jetpack_publicize_message":"","jetpack_publicize_feature_enabled":true,"jetpack_social_post_already_shared":true,"jetpack_social_options":{"image_generator_settings":{"template":"highway","default_image_id":0,"font":"","enabled":false},"version":2},"_wpas_customize_per_network":false},"categories":[21],"tags":[122,204,1003,2252,1901,10689,445],"class_list":["post-83477","post","type-post","status-publish","format-standard","has-post-thumbnail","hentry","category-deportes","tag-club-mercedes","tag-deportes-2","tag-futbol","tag-juventud","tag-liga-mercedina","tag-marcos-paz","tag-velez","generate-columns","tablet-grid-50","mobile-grid-100","grid-parent","grid-50"],"jetpack_publicize_connections":[],"jetpack_featured_media_url":"https:\/\/www.hoymercedes.com.ar\/principal\/wp-content\/uploads\/2018\/11\/Posiciones.png","wps_subtitle":"Liga Mercedina","jetpack_sharing_enabled":true,"jetpack-related-posts":[{"id":100296,"url":"https:\/\/www.hoymercedes.com.ar\/principal\/2019\/09\/23\/ateneo-y-colon-amefip-y-palometas-son-los-que-pelean-los-ultimos-dos-lugares-de-la-liguilla\/","url_meta":{"origin":83477,"position":0},"title":"Ateneo y Col\u00f3n, AMEFIP y Palometas, son los que pelean los \u00faltimos dos lugares de la Liguilla","author":"hoymercedes","date":"23 septiembre, 2019","format":false,"excerpt":"A dos fechas del final de la etapa regular de Primera Divisi\u00f3n de la Liga Mercedina de F\u00fatbol, quedan s\u00f3lo confirmar dos lugares para completar los 16 clasificados a la Liguilla, ya que este fin de semana se sumaron Marcos Paz, Defensores y El Tim\u00f3n. En la Zona B, la\u2026","rel":"","context":"En \u00abDeportes\u00bb","block_context":{"text":"Deportes","link":"https:\/\/www.hoymercedes.com.ar\/principal\/category\/deportes\/"},"img":{"alt_text":"","src":"https:\/\/i0.wp.com\/www.hoymercedes.com.ar\/principal\/wp-content\/uploads\/2019\/09\/PRIMERA-LIGA-POS-6.png?resize=350%2C200&ssl=1","width":350,"height":200,"srcset":"https:\/\/i0.wp.com\/www.hoymercedes.com.ar\/principal\/wp-content\/uploads\/2019\/09\/PRIMERA-LIGA-POS-6.png?resize=350%2C200&ssl=1 1x, https:\/\/i0.wp.com\/www.hoymercedes.com.ar\/principal\/wp-content\/uploads\/2019\/09\/PRIMERA-LIGA-POS-6.png?resize=525%2C300&ssl=1 1.5x"},"classes":[]},{"id":120336,"url":"https:\/\/www.hoymercedes.com.ar\/principal\/2020\/11\/18\/todo-confirmado-para-que-se-juegue-desde-el-23-de-enero-el-torneo-de-primera-division-de-la-liga-mercedina\/","url_meta":{"origin":83477,"position":1},"title":"Todo confirmado para que se juegue desde el 23 de enero el torneo de Primera Divisi\u00f3n de la Liga Mercedina","author":"hoymercedes","date":"18 noviembre, 2020","format":false,"excerpt":"Tras saberse que el certamen de Primera Divisi\u00f3n consigui\u00f3 aval por parte de los clubes, de la Municipalidad y del Consejo Federal, la Liga Mercedina de F\u00fatbol anunci\u00f3 que el fin de semana del 23 de enero comenzar\u00e1 a jugarse el torneo de Primera Divisi\u00f3n que ya tiene clubes, formato,\u2026","rel":"","context":"En \u00abDeportes\u00bb","block_context":{"text":"Deportes","link":"https:\/\/www.hoymercedes.com.ar\/principal\/category\/deportes\/"},"img":{"alt_text":"","src":"https:\/\/i0.wp.com\/www.hoymercedes.com.ar\/principal\/wp-content\/uploads\/2020\/11\/Cancha-Liga-Mercedina-scaled.jpg?resize=350%2C200&ssl=1","width":350,"height":200,"srcset":"https:\/\/i0.wp.com\/www.hoymercedes.com.ar\/principal\/wp-content\/uploads\/2020\/11\/Cancha-Liga-Mercedina-scaled.jpg?resize=350%2C200&ssl=1 1x, https:\/\/i0.wp.com\/www.hoymercedes.com.ar\/principal\/wp-content\/uploads\/2020\/11\/Cancha-Liga-Mercedina-scaled.jpg?resize=525%2C300&ssl=1 1.5x, https:\/\/i0.wp.com\/www.hoymercedes.com.ar\/principal\/wp-content\/uploads\/2020\/11\/Cancha-Liga-Mercedina-scaled.jpg?resize=700%2C400&ssl=1 2x, https:\/\/i0.wp.com\/www.hoymercedes.com.ar\/principal\/wp-content\/uploads\/2020\/11\/Cancha-Liga-Mercedina-scaled.jpg?resize=1050%2C600&ssl=1 3x, https:\/\/i0.wp.com\/www.hoymercedes.com.ar\/principal\/wp-content\/uploads\/2020\/11\/Cancha-Liga-Mercedina-scaled.jpg?resize=1400%2C800&ssl=1 4x"},"classes":[]},{"id":99187,"url":"https:\/\/www.hoymercedes.com.ar\/principal\/2019\/09\/02\/juventud-es-otro-de-los-clasificados-a-la-liguilla-en-reserva\/","url_meta":{"origin":83477,"position":2},"title":"Juventud es otro de los clasificados a la Liguilla en Reserva","author":"hoymercedes","date":"2 septiembre, 2019","format":false,"excerpt":"El torneo de Reserva de la Liga Mercedina tiene todav\u00eda algunos partidos de la fecha adeudadas, por lo que todav\u00eda falta mucho para algunos equipos de cara a la clasificaci\u00f3n cuando en el de Primera parece estar casi todo resuelto. La Zona A tiene casi todo resuelto, los cuatro clasificados\u2026","rel":"","context":"En \u00abDeportes\u00bb","block_context":{"text":"Deportes","link":"https:\/\/www.hoymercedes.com.ar\/principal\/category\/deportes\/"},"img":{"alt_text":"","src":"https:\/\/i0.wp.com\/www.hoymercedes.com.ar\/principal\/wp-content\/uploads\/2019\/09\/RESERVA-LIGA-POS.png?resize=350%2C200&ssl=1","width":350,"height":200,"srcset":"https:\/\/i0.wp.com\/www.hoymercedes.com.ar\/principal\/wp-content\/uploads\/2019\/09\/RESERVA-LIGA-POS.png?resize=350%2C200&ssl=1 1x, https:\/\/i0.wp.com\/www.hoymercedes.com.ar\/principal\/wp-content\/uploads\/2019\/09\/RESERVA-LIGA-POS.png?resize=525%2C300&ssl=1 1.5x"},"classes":[]},{"id":153705,"url":"https:\/\/www.hoymercedes.com.ar\/principal\/2022\/10\/03\/liga-mercedina-el-senior-40-busca-sus-clasificados\/","url_meta":{"origin":83477,"position":3},"title":"Liga Mercedina: El Senior +40 busca sus clasificados\u00a0","author":"hoymercedes","date":"3 octubre, 2022","format":false,"excerpt":"Los Carteros, Club Mercedes y El Front\u00f3n contin\u00faan liderado sus respectivas zonas. S\u00f3lo restan tres fechas para conocer a los ocho mejores que jugar\u00e1n la etapa definitoria.\u00a0","rel":"","context":"En \u00abDeportes\u00bb","block_context":{"text":"Deportes","link":"https:\/\/www.hoymercedes.com.ar\/principal\/category\/deportes\/"},"img":{"alt_text":"","src":"https:\/\/i0.wp.com\/www.hoymercedes.com.ar\/principal\/wp-content\/uploads\/2022\/10\/futbol-senior2.jpg?resize=350%2C200&ssl=1","width":350,"height":200,"srcset":"https:\/\/i0.wp.com\/www.hoymercedes.com.ar\/principal\/wp-content\/uploads\/2022\/10\/futbol-senior2.jpg?resize=350%2C200&ssl=1 1x, https:\/\/i0.wp.com\/www.hoymercedes.com.ar\/principal\/wp-content\/uploads\/2022\/10\/futbol-senior2.jpg?resize=525%2C300&ssl=1 1.5x, https:\/\/i0.wp.com\/www.hoymercedes.com.ar\/principal\/wp-content\/uploads\/2022\/10\/futbol-senior2.jpg?resize=700%2C400&ssl=1 2x"},"classes":[]},{"id":137611,"url":"https:\/\/www.hoymercedes.com.ar\/principal\/2021\/09\/21\/segunda-fecha-del-futbol-femenino-en-la-liga-mercedina\/","url_meta":{"origin":83477,"position":4},"title":"Segunda fecha del Futbol Femenino en la Liga Mercedina","author":"hoymercedes","date":"21 septiembre, 2021","format":false,"excerpt":"Durante la jornada del s\u00e1bado se llev\u00f3 a cabo la segunda fecha del torneo \u201cYanina Leiva\u201d organizado por la Liga Mercedina de Futbol.\u00a0En esta ocasi\u00f3n se diputaron variados encuentros en cachas de\u00a0Ateneo, Defensores, Pabell\u00f3n y El Front\u00f3n.\u00a0 Yendo a los resultados, Ateneo se qued\u00f3 con la victoria ante Estudiantes, mientras\u2026","rel":"","context":"En \u00abDeportes\u00bb","block_context":{"text":"Deportes","link":"https:\/\/www.hoymercedes.com.ar\/principal\/category\/deportes\/"},"img":{"alt_text":"","src":"https:\/\/i0.wp.com\/www.hoymercedes.com.ar\/principal\/wp-content\/uploads\/2021\/09\/ffem21-1.jpeg?resize=350%2C200&ssl=1","width":350,"height":200,"srcset":"https:\/\/i0.wp.com\/www.hoymercedes.com.ar\/principal\/wp-content\/uploads\/2021\/09\/ffem21-1.jpeg?resize=350%2C200&ssl=1 1x, https:\/\/i0.wp.com\/www.hoymercedes.com.ar\/principal\/wp-content\/uploads\/2021\/09\/ffem21-1.jpeg?resize=525%2C300&ssl=1 1.5x, https:\/\/i0.wp.com\/www.hoymercedes.com.ar\/principal\/wp-content\/uploads\/2021\/09\/ffem21-1.jpeg?resize=700%2C400&ssl=1 2x"},"classes":[]},{"id":159861,"url":"https:\/\/www.hoymercedes.com.ar\/principal\/2023\/03\/21\/liga-mercedina-de-futbol-arranco-el-torneo-infanto-juvenil\/","url_meta":{"origin":83477,"position":5},"title":"Liga Mercedina de F\u00fatbol: Arranc\u00f3 el torneo Infanto Juvenil\u00a0","author":"hoymercedes","date":"21 marzo, 2023","format":false,"excerpt":"Los m\u00e1s chicos de la Liga Mercedina comenzaron un nuevo a\u00f1o deportivo. Con partidos en diferentes canchas mercedinas y otros por la zona, se dio inicio al primer certamen 2023.\u00a0 El s\u00e1bado pasado, por la tarde, se dio inicio a una nueva edici\u00f3n del torneo infanto juvenil organizado por la\u2026","rel":"","context":"En \u00abDeportes\u00bb","block_context":{"text":"Deportes","link":"https:\/\/www.hoymercedes.com.ar\/principal\/category\/deportes\/"},"img":{"alt_text":"","src":"https:\/\/i0.wp.com\/www.hoymercedes.com.ar\/principal\/wp-content\/uploads\/2023\/03\/d-fut-jveni.jpeg?resize=350%2C200&ssl=1","width":350,"height":200,"srcset":"https:\/\/i0.wp.com\/www.hoymercedes.com.ar\/principal\/wp-content\/uploads\/2023\/03\/d-fut-jveni.jpeg?resize=350%2C200&ssl=1 1x, https:\/\/i0.wp.com\/www.hoymercedes.com.ar\/principal\/wp-content\/uploads\/2023\/03\/d-fut-jveni.jpeg?resize=525%2C300&ssl=1 1.5x, https:\/\/i0.wp.com\/www.hoymercedes.com.ar\/principal\/wp-content\/uploads\/2023\/03\/d-fut-jveni.jpeg?resize=700%2C400&ssl=1 2x"},"classes":[]}],"_links":{"self":[{"href":"https:\/\/www.hoymercedes.com.ar\/principal\/wp-json\/wp\/v2\/posts\/83477","targetHints":{"allow":["GET"]}}],"collection":[{"href":"https:\/\/www.hoymercedes.com.ar\/principal\/wp-json\/wp\/v2\/posts"}],"about":[{"href":"https:\/\/www.hoymercedes.com.ar\/principal\/wp-json\/wp\/v2\/types\/post"}],"author":[{"embeddable":true,"href":"https:\/\/www.hoymercedes.com.ar\/principal\/wp-json\/wp\/v2\/users\/1"}],"replies":[{"embeddable":true,"href":"https:\/\/www.hoymercedes.com.ar\/principal\/wp-json\/wp\/v2\/comments?post=83477"}],"version-history":[{"count":0,"href":"https:\/\/www.hoymercedes.com.ar\/principal\/wp-json\/wp\/v2\/posts\/83477\/revisions"}],"wp:featuredmedia":[{"embeddable":true,"href":"https:\/\/www.hoymercedes.com.ar\/principal\/wp-json\/wp\/v2\/media\/83478"}],"wp:attachment":[{"href":"https:\/\/www.hoymercedes.com.ar\/principal\/wp-json\/wp\/v2\/media?parent=83477"}],"wp:term":[{"taxonomy":"category","embeddable":true,"href":"https:\/\/www.hoymercedes.com.ar\/principal\/wp-json\/wp\/v2\/categories?post=83477"},{"taxonomy":"post_tag","embeddable":true,"href":"https:\/\/www.hoymercedes.com.ar\/principal\/wp-json\/wp\/v2\/tags?post=83477"}],"curies":[{"name":"wp","href":"https:\/\/api.w.org\/{rel}","templated":true}]}}