{"id":83481,"date":"2018-11-04T21:28:16","date_gmt":"2018-11-05T00:28:16","guid":{"rendered":"http:\/\/www.hoymercedes.com.ar\/principal\/?p=83481"},"modified":"2018-11-05T11:42:29","modified_gmt":"2018-11-05T14:42:29","slug":"por-el-mundial-de-amputados-argentina-vencio-a-francia-por-el-ranking","status":"publish","type":"post","link":"https:\/\/www.hoymercedes.com.ar\/principal\/2018\/11\/04\/por-el-mundial-de-amputados-argentina-vencio-a-francia-por-el-ranking\/","title":{"rendered":"Por el Mundial de Amputados, Argentina venci\u00f3 a Francia por el Ranking"},"content":{"rendered":"<p>En San Juan de Los Lagos, M\u00e9xico, se sigue definiendo el Mundial de F\u00fatbol de Amputados donde Argentina, con Dami\u00e1n Defelippe en el plantel, busca quedar lo m\u00e1s alto posible en el torneo luego de haber sido eliminado por Inglaterra en octavos de final. En este sentido, jug\u00f3 ante Francia, equipo con el que empat\u00f3 en el grupo y volvi\u00f3 a derrotarlo, en este caso, por 2 a 1.<\/p>\n<p><img loading=\"lazy\" decoding=\"async\" data-attachment-id=\"83482\" data-permalink=\"https:\/\/www.hoymercedes.com.ar\/principal\/2018\/11\/04\/por-el-mundial-de-amputados-argentina-vencio-a-francia-por-el-ranking\/mundial-amputados-himno-2-2\/#main\" data-orig-file=\"https:\/\/www.hoymercedes.com.ar\/principal\/wp-content\/uploads\/2018\/11\/Mundial-Amputados-Himno-2-1.jpg\" data-orig-size=\"960,640\" data-comments-opened=\"0\" data-image-meta=\"{&quot;aperture&quot;:&quot;0&quot;,&quot;credit&quot;:&quot;CEAN PRODUCCIONEA&quot;,&quot;camera&quot;:&quot;&quot;,&quot;caption&quot;:&quot;&quot;,&quot;created_timestamp&quot;:&quot;0&quot;,&quot;copyright&quot;:&quot;&quot;,&quot;focal_length&quot;:&quot;0&quot;,&quot;iso&quot;:&quot;0&quot;,&quot;shutter_speed&quot;:&quot;0&quot;,&quot;title&quot;:&quot;&quot;,&quot;orientation&quot;:&quot;0&quot;}\" data-image-title=\"Mundial Amputados Himno 2\" data-image-description=\"\" data-image-caption=\"\" data-large-file=\"https:\/\/www.hoymercedes.com.ar\/principal\/wp-content\/uploads\/2018\/11\/Mundial-Amputados-Himno-2-1.jpg\" class=\"aligncenter size-medium wp-image-83482\" src=\"https:\/\/www.hoymercedes.com.ar\/principal\/wp-content\/uploads\/2018\/11\/Mundial-Amputados-Himno-2-1-630x420.jpg\" alt=\"\" width=\"630\" height=\"420\" srcset=\"https:\/\/www.hoymercedes.com.ar\/principal\/wp-content\/uploads\/2018\/11\/Mundial-Amputados-Himno-2-1-630x420.jpg 630w, https:\/\/www.hoymercedes.com.ar\/principal\/wp-content\/uploads\/2018\/11\/Mundial-Amputados-Himno-2-1-150x100.jpg 150w, https:\/\/www.hoymercedes.com.ar\/principal\/wp-content\/uploads\/2018\/11\/Mundial-Amputados-Himno-2-1.jpg 960w\" sizes=\"auto, (max-width: 630px) 100vw, 630px\" \/><\/p>\n<p>Hab\u00edan comenzado ganando los galos en el primer tiempo, pero luego, en el complemento, Argentina lo dio vuelta con los goles de Diego Pezoa\u00a0 y H\u00e9ctor Videla para volver a sonre\u00edr.\u00a0En el equipo nacional no estuvo en el arco el mercedino Dami\u00e1n Defelippe, d\u00e1ndole la oportunidad el entrenador a Miguel Lemus que ven\u00eda siendo el arquero suplente.<\/p>\n<p><strong>Cuartos de final<\/strong><br \/>\nInglaterra 1 \u2013 Brasil 5.<br \/>\nM\u00e9xico \u2013 Espa\u00f1a.<br \/>\nPolonia 3 (2) \u2013 Angola 3 (3).<br \/>\nTurqu\u00eda 5 Rusia 1.<\/p>\n<p><strong>Semifinales<\/strong><br \/>\nTurqu\u00eda vs. Espa\u00f1a.<br \/>\nBrasil vs. Angola.<\/p>\n<p><strong>Ranking<\/strong><br \/>\n<strong>Argentina 2 -Francia 1.<\/strong><br \/>\nHait\u00ed 3 \u2013 Italia 1.<br \/>\nNigeria 1 \u2013 Costa Rica 1.<br \/>\nUruguay 2 \u2013 Ucrania 2.<br \/>\nJap\u00f3n 1 \u2013 Colombia 0.<br \/>\nIrlanda 1 (3) \u2013 Kenia 1 (5).<\/p>\n","protected":false},"excerpt":{"rendered":"<p>En San Juan de Los Lagos, M\u00e9xico, se sigue definiendo el Mundial de F\u00fatbol de Amputados donde Argentina, con Dami\u00e1n &#8230; <a title=\"Por el Mundial de Amputados, Argentina venci\u00f3 a Francia por el Ranking\" class=\"read-more\" href=\"https:\/\/www.hoymercedes.com.ar\/principal\/2018\/11\/04\/por-el-mundial-de-amputados-argentina-vencio-a-francia-por-el-ranking\/\" aria-label=\"Leer m\u00e1s sobre Por el Mundial de Amputados, Argentina venci\u00f3 a Francia por el Ranking\">Leer m\u00e1s<\/a><\/p>\n","protected":false},"author":1,"featured_media":83482,"comment_status":"closed","ping_status":"open","sticky":false,"template":"","format":"standard","meta":{"_monsterinsights_skip_tracking":false,"_monsterinsights_sitenote_active":false,"_monsterinsights_sitenote_note":"","_monsterinsights_sitenote_category":0,"jetpack_post_was_ever_published":false,"_jetpack_newsletter_access":"","_jetpack_dont_email_post_to_subs":false,"_jetpack_newsletter_tier_id":0,"_jetpack_memberships_contains_paywalled_content":false,"_jetpack_memberships_contains_paid_content":false,"footnotes":"","jetpack_publicize_message":"","jetpack_publicize_feature_enabled":true,"jetpack_social_post_already_shared":true,"jetpack_social_options":{"image_generator_settings":{"template":"highway","default_image_id":0,"font":"","enabled":false},"version":2},"_wpas_customize_per_network":false},"categories":[21],"tags":[2789,204,1003,10884,13538],"class_list":["post-83481","post","type-post","status-publish","format-standard","has-post-thumbnail","hentry","category-deportes","tag-damian-defelippe","tag-deportes-2","tag-futbol","tag-mexico","tag-mundial-de-amputados","generate-columns","tablet-grid-50","mobile-grid-100","grid-parent","grid-50"],"jetpack_publicize_connections":[],"jetpack_featured_media_url":"https:\/\/www.hoymercedes.com.ar\/principal\/wp-content\/uploads\/2018\/11\/Mundial-Amputados-Himno-2-1.jpg","wps_subtitle":"Mundial en m\u00e9xico","jetpack_sharing_enabled":true,"jetpack-related-posts":[{"id":104966,"url":"https:\/\/www.hoymercedes.com.ar\/principal\/2020\/01\/10\/damian-defelippe-entrena-nuevamente-con-la-seleccion-argentina-de-amputados\/","url_meta":{"origin":83481,"position":0},"title":"Dami\u00e1n Defelippe entrena nuevamente con la Selecci\u00f3n Argentina de Amputados","author":"hoymercedes","date":"10 enero, 2020","format":false,"excerpt":"La Selecci\u00f3n Argentina de Futbolistas Amputados se prepara para disputar la Copa Confederaciones en Brasil y este fin de semana utilizar\u00e1 las instalaciones de La Boutique, el predio de Talleres de C\u00f3rdoba, para realizar los \u00faltimos entrenamientos previo al viaje. El seleccionado Argentino entrenar\u00e1 en el sint\u00e9tico este viernes de\u2026","rel":"","context":"En \u00abDeportes\u00bb","block_context":{"text":"Deportes","link":"https:\/\/www.hoymercedes.com.ar\/principal\/category\/deportes\/"},"img":{"alt_text":"","src":"https:\/\/i0.wp.com\/www.hoymercedes.com.ar\/principal\/wp-content\/uploads\/2020\/01\/Seleccion-Argentina-Amputados.jpg?resize=350%2C200&ssl=1","width":350,"height":200,"srcset":"https:\/\/i0.wp.com\/www.hoymercedes.com.ar\/principal\/wp-content\/uploads\/2020\/01\/Seleccion-Argentina-Amputados.jpg?resize=350%2C200&ssl=1 1x, https:\/\/i0.wp.com\/www.hoymercedes.com.ar\/principal\/wp-content\/uploads\/2020\/01\/Seleccion-Argentina-Amputados.jpg?resize=525%2C300&ssl=1 1.5x, https:\/\/i0.wp.com\/www.hoymercedes.com.ar\/principal\/wp-content\/uploads\/2020\/01\/Seleccion-Argentina-Amputados.jpg?resize=700%2C400&ssl=1 2x"},"classes":[]},{"id":79186,"url":"https:\/\/www.hoymercedes.com.ar\/principal\/2018\/08\/02\/argentina-ya-tiene-rivales-para-el-mundial-de-amputados\/","url_meta":{"origin":83481,"position":1},"title":"Argentina ya tiene rivales para el Mundial de Amputados","author":"hoymercedes","date":"2 agosto, 2018","format":false,"excerpt":"Se sorte\u00f3 el viernes 27 el fixture de la XV Copa del Mundo de F\u00fatbol de Amputados, que se llevar\u00e1 a cabo a partir del 27 de octubre en Guadalajara y San Juan de Los Lagos, M\u00e9xico. La Selecci\u00f3n Argentina, que tiene como arquero a Dami\u00e1n Defelippe, integrar\u00e1 el Grupo\u2026","rel":"","context":"En \u00abDeportes\u00bb","block_context":{"text":"Deportes","link":"https:\/\/www.hoymercedes.com.ar\/principal\/category\/deportes\/"},"img":{"alt_text":"","src":"https:\/\/i0.wp.com\/www.hoymercedes.com.ar\/principal\/wp-content\/uploads\/2018\/07\/Mundial-Amputados-Grupos.jpg?resize=350%2C200&ssl=1","width":350,"height":200,"srcset":"https:\/\/i0.wp.com\/www.hoymercedes.com.ar\/principal\/wp-content\/uploads\/2018\/07\/Mundial-Amputados-Grupos.jpg?resize=350%2C200&ssl=1 1x, https:\/\/i0.wp.com\/www.hoymercedes.com.ar\/principal\/wp-content\/uploads\/2018\/07\/Mundial-Amputados-Grupos.jpg?resize=525%2C300&ssl=1 1.5x, https:\/\/i0.wp.com\/www.hoymercedes.com.ar\/principal\/wp-content\/uploads\/2018\/07\/Mundial-Amputados-Grupos.jpg?resize=700%2C400&ssl=1 2x"},"classes":[]},{"id":191714,"url":"https:\/\/www.hoymercedes.com.ar\/principal\/2026\/02\/06\/damian-defelippe-a-las-semifinales-de-la-copa-libertadores-de-amputados\/","url_meta":{"origin":83481,"position":2},"title":"Damian Defelippe, a las semifinales de la Copa Libertadores de Amputados","author":"hoymercedes","date":"6 febrero, 2026","format":false,"excerpt":"En el marco de la Copa Libertadores de F\u00fatbol de Amputados 2026, el equipo argentino Los Guerreros de Rosario se asegur\u00f3 un lugar entre los cuatro mejores equipos del continente tras vencer con claridad a Android por 3 a 0 en los cuartos de final disputados este jueves en el\u2026","rel":"","context":"En \u00abDeportes\u00bb","block_context":{"text":"Deportes","link":"https:\/\/www.hoymercedes.com.ar\/principal\/category\/deportes\/"},"img":{"alt_text":"","src":"https:\/\/i0.wp.com\/www.hoymercedes.com.ar\/principal\/wp-content\/uploads\/2026\/02\/image-4.png?resize=350%2C200&ssl=1","width":350,"height":200,"srcset":"https:\/\/i0.wp.com\/www.hoymercedes.com.ar\/principal\/wp-content\/uploads\/2026\/02\/image-4.png?resize=350%2C200&ssl=1 1x, https:\/\/i0.wp.com\/www.hoymercedes.com.ar\/principal\/wp-content\/uploads\/2026\/02\/image-4.png?resize=525%2C300&ssl=1 1.5x, https:\/\/i0.wp.com\/www.hoymercedes.com.ar\/principal\/wp-content\/uploads\/2026\/02\/image-4.png?resize=700%2C400&ssl=1 2x, https:\/\/i0.wp.com\/www.hoymercedes.com.ar\/principal\/wp-content\/uploads\/2026\/02\/image-4.png?resize=1050%2C600&ssl=1 3x"},"classes":[]},{"id":83377,"url":"https:\/\/www.hoymercedes.com.ar\/principal\/2018\/11\/02\/argentina-jugara-hoy-otra-vez-ante-francia-en-el-mundial-de-amputados\/","url_meta":{"origin":83481,"position":3},"title":"Argentina jugar\u00e1 hoy otra vez ante Francia en el Mundial de Amputados","author":"hoymercedes","date":"2 noviembre, 2018","format":false,"excerpt":"Tras empatar en el debut ante los Galos y sumar los tres puntos ante Ghana, la Selecci\u00f3n Argentina de Amputados qued\u00f3 en el segundo lugar de su grupo tras caer en la tercera fecha ante Italia, en el certamen que se disputa en San Juan de Los Lagos, M\u00e9xico. Su\u2026","rel":"","context":"En \u00abDeportes\u00bb","block_context":{"text":"Deportes","link":"https:\/\/www.hoymercedes.com.ar\/principal\/category\/deportes\/"},"img":{"alt_text":"","src":"https:\/\/i0.wp.com\/www.hoymercedes.com.ar\/principal\/wp-content\/uploads\/2018\/11\/Mundial-Amputados-Himno-2.jpg?resize=350%2C200&ssl=1","width":350,"height":200,"srcset":"https:\/\/i0.wp.com\/www.hoymercedes.com.ar\/principal\/wp-content\/uploads\/2018\/11\/Mundial-Amputados-Himno-2.jpg?resize=350%2C200&ssl=1 1x, https:\/\/i0.wp.com\/www.hoymercedes.com.ar\/principal\/wp-content\/uploads\/2018\/11\/Mundial-Amputados-Himno-2.jpg?resize=525%2C300&ssl=1 1.5x, https:\/\/i0.wp.com\/www.hoymercedes.com.ar\/principal\/wp-content\/uploads\/2018\/11\/Mundial-Amputados-Himno-2.jpg?resize=700%2C400&ssl=1 2x"},"classes":[]},{"id":103459,"url":"https:\/\/www.hoymercedes.com.ar\/principal\/2019\/12\/05\/la-liga-nacional-de-futbol-de-amputados-se-define-este-fin-de-semana-en-mendoza\/","url_meta":{"origin":83481,"position":4},"title":"La Liga Nacional de F\u00fatbol de Amputados se define este fin de semana en Mendoza","author":"hoymercedes","date":"5 diciembre, 2019","format":false,"excerpt":"Tal como esta previsto desde hace algunas semanas, la Liga Nacional de F\u00fatbol Amputados se definir\u00e1 en Mendoza, luego de haberse suspendido la definici\u00f3n en cancha de la Liga Mercedina. Las semifinales y la final se jugar\u00e1n en Jun\u00edn este viernes 6, s\u00e1bado 7 y domingo 8. Los partidos ser\u00e1n\u2026","rel":"","context":"En \u00abDeportes\u00bb","block_context":{"text":"Deportes","link":"https:\/\/www.hoymercedes.com.ar\/principal\/category\/deportes\/"},"img":{"alt_text":"","src":"https:\/\/i0.wp.com\/www.hoymercedes.com.ar\/principal\/wp-content\/uploads\/2019\/12\/Los-Lobos-fecha-1.jpg?resize=350%2C200&ssl=1","width":350,"height":200,"srcset":"https:\/\/i0.wp.com\/www.hoymercedes.com.ar\/principal\/wp-content\/uploads\/2019\/12\/Los-Lobos-fecha-1.jpg?resize=350%2C200&ssl=1 1x, https:\/\/i0.wp.com\/www.hoymercedes.com.ar\/principal\/wp-content\/uploads\/2019\/12\/Los-Lobos-fecha-1.jpg?resize=525%2C300&ssl=1 1.5x, https:\/\/i0.wp.com\/www.hoymercedes.com.ar\/principal\/wp-content\/uploads\/2019\/12\/Los-Lobos-fecha-1.jpg?resize=700%2C400&ssl=1 2x"},"classes":[]},{"id":145581,"url":"https:\/\/www.hoymercedes.com.ar\/principal\/2022\/03\/18\/empate-en-futbol-de-amputados-con-la-figura-de-defelippe\/","url_meta":{"origin":83481,"position":5},"title":"Empate en futbol de amputados con la figura de Defelippe","author":"hoymercedes","date":"18 marzo, 2022","format":false,"excerpt":"En la tarde del viernes, en el Salgar del Atl\u00e1ntico la selecci\u00f3n Argentina de futbol de amputados comenz\u00f3 g\u00e1nando con un tanto de Iv\u00e1n Gonz\u00e1lez. Tras una jugada asociada que inici\u00f3 Montans con Discala y remat\u00f3 a la red el 9. Luego en un movimiento r\u00e1pido hubo un tiro penal\u2026","rel":"","context":"En \u00abSociedad\u00bb","block_context":{"text":"Sociedad","link":"https:\/\/www.hoymercedes.com.ar\/principal\/category\/sociedad\/"},"img":{"alt_text":"","src":"","width":0,"height":0},"classes":[]}],"_links":{"self":[{"href":"https:\/\/www.hoymercedes.com.ar\/principal\/wp-json\/wp\/v2\/posts\/83481","targetHints":{"allow":["GET"]}}],"collection":[{"href":"https:\/\/www.hoymercedes.com.ar\/principal\/wp-json\/wp\/v2\/posts"}],"about":[{"href":"https:\/\/www.hoymercedes.com.ar\/principal\/wp-json\/wp\/v2\/types\/post"}],"author":[{"embeddable":true,"href":"https:\/\/www.hoymercedes.com.ar\/principal\/wp-json\/wp\/v2\/users\/1"}],"replies":[{"embeddable":true,"href":"https:\/\/www.hoymercedes.com.ar\/principal\/wp-json\/wp\/v2\/comments?post=83481"}],"version-history":[{"count":0,"href":"https:\/\/www.hoymercedes.com.ar\/principal\/wp-json\/wp\/v2\/posts\/83481\/revisions"}],"wp:featuredmedia":[{"embeddable":true,"href":"https:\/\/www.hoymercedes.com.ar\/principal\/wp-json\/wp\/v2\/media\/83482"}],"wp:attachment":[{"href":"https:\/\/www.hoymercedes.com.ar\/principal\/wp-json\/wp\/v2\/media?parent=83481"}],"wp:term":[{"taxonomy":"category","embeddable":true,"href":"https:\/\/www.hoymercedes.com.ar\/principal\/wp-json\/wp\/v2\/categories?post=83481"},{"taxonomy":"post_tag","embeddable":true,"href":"https:\/\/www.hoymercedes.com.ar\/principal\/wp-json\/wp\/v2\/tags?post=83481"}],"curies":[{"name":"wp","href":"https:\/\/api.w.org\/{rel}","templated":true}]}}