{"id":83511,"date":"2018-11-06T11:17:30","date_gmt":"2018-11-06T14:17:30","guid":{"rendered":"http:\/\/www.hoymercedes.com.ar\/principal\/?p=83511"},"modified":"2018-11-06T09:19:54","modified_gmt":"2018-11-06T12:19:54","slug":"club-mercedes-campeon-de-la-copa-de-clubes-de-la-liga-ciepa","status":"publish","type":"post","link":"https:\/\/www.hoymercedes.com.ar\/principal\/2018\/11\/06\/club-mercedes-campeon-de-la-copa-de-clubes-de-la-liga-ciepa\/","title":{"rendered":"Club Mercedes campe\u00f3n de la Copa de Clubes de la Liga CIEPA"},"content":{"rendered":"<p>El domingo 4 de noviembre se realiz\u00f3 la \u00faltima fecha de la Liga CIEPA en el club SITAS de El Palomar, donde el Club Mercedes qued\u00f3 campe\u00f3n de la Copa por Clubes.\u00a0Dicho talento estuvo fiscalizado por el Colegio de \u00c1rbitros de la Confederaci\u00f3n Argentina de Pat\u00edn, donde las dirigidas por la t\u00e9cnica nacional Mar\u00eda Laura Brunello, brillaron y dejaron en lo m\u00e1s alto del podio una vez m\u00e1s al Blanquinegro.<\/p>\n<p><img loading=\"lazy\" decoding=\"async\" data-attachment-id=\"83512\" data-permalink=\"https:\/\/www.hoymercedes.com.ar\/principal\/2018\/11\/06\/club-mercedes-campeon-de-la-copa-de-clubes-de-la-liga-ciepa\/45434288_1019201074948605_2022724417238335488_n\/#main\" data-orig-file=\"https:\/\/www.hoymercedes.com.ar\/principal\/wp-content\/uploads\/2018\/11\/45434288_1019201074948605_2022724417238335488_n.jpg\" data-orig-size=\"3185,2387\" data-comments-opened=\"0\" data-image-meta=\"{&quot;aperture&quot;:&quot;0&quot;,&quot;credit&quot;:&quot;&quot;,&quot;camera&quot;:&quot;&quot;,&quot;caption&quot;:&quot;&quot;,&quot;created_timestamp&quot;:&quot;0&quot;,&quot;copyright&quot;:&quot;&quot;,&quot;focal_length&quot;:&quot;0&quot;,&quot;iso&quot;:&quot;0&quot;,&quot;shutter_speed&quot;:&quot;0&quot;,&quot;title&quot;:&quot;&quot;,&quot;orientation&quot;:&quot;0&quot;}\" data-image-title=\"45434288_1019201074948605_2022724417238335488_n\" data-image-description=\"\" data-image-caption=\"\" data-large-file=\"https:\/\/www.hoymercedes.com.ar\/principal\/wp-content\/uploads\/2018\/11\/45434288_1019201074948605_2022724417238335488_n-1024x767.jpg\" class=\"aligncenter size-medium wp-image-83512\" src=\"https:\/\/www.hoymercedes.com.ar\/principal\/wp-content\/uploads\/2018\/11\/45434288_1019201074948605_2022724417238335488_n-630x472.jpg\" alt=\"\" width=\"630\" height=\"472\" srcset=\"https:\/\/www.hoymercedes.com.ar\/principal\/wp-content\/uploads\/2018\/11\/45434288_1019201074948605_2022724417238335488_n-630x472.jpg 630w, https:\/\/www.hoymercedes.com.ar\/principal\/wp-content\/uploads\/2018\/11\/45434288_1019201074948605_2022724417238335488_n-150x112.jpg 150w, https:\/\/www.hoymercedes.com.ar\/principal\/wp-content\/uploads\/2018\/11\/45434288_1019201074948605_2022724417238335488_n-1024x767.jpg 1024w\" sizes=\"auto, (max-width: 630px) 100vw, 630px\" \/><br \/>\nLos puestos obtenidos fueron los siguientes:<\/p>\n<p><img decoding=\"async\" class=\"_1ift _2560 img\" src=\"https:\/\/static.xx.fbcdn.net\/images\/emoji.php\/v9\/fac\/1\/16\/1f4cc.png\" alt=\"\ud83d\udccc\" \/>\u00a0Categor\u00eda Incentivo:<br \/>\n8 a\u00f1os: Museo Ana Paula, 1er puesto<br \/>\n12 a\u00f1os: Moles Constanza, 1er puesto.<\/p>\n<p><img decoding=\"async\" class=\"_1ift _2560 img\" src=\"https:\/\/static.xx.fbcdn.net\/images\/emoji.php\/v9\/fac\/1\/16\/1f4cc.png\" alt=\"\ud83d\udccc\" \/>\u00a0Categor\u00eda Esc. Formativa:<br \/>\n7 a\u00f1os: Casteluchi Sof\u00eda, 1er puesto<br \/>\n10 a\u00f1os: Parodi Martina 2do puesto.<br \/>\n11 a\u00f1os: Gorosito melina 2do puesto.<br \/>\n12 a\u00f1os: S\u00e1nchez Sof\u00eda 1er puesto.<\/p>\n<p><img loading=\"lazy\" decoding=\"async\" data-attachment-id=\"83513\" data-permalink=\"https:\/\/www.hoymercedes.com.ar\/principal\/2018\/11\/06\/club-mercedes-campeon-de-la-copa-de-clubes-de-la-liga-ciepa\/45395826_650724995321569_3465251791338209280_n\/#main\" data-orig-file=\"https:\/\/www.hoymercedes.com.ar\/principal\/wp-content\/uploads\/2018\/11\/45395826_650724995321569_3465251791338209280_n.jpg\" data-orig-size=\"1280,960\" data-comments-opened=\"0\" data-image-meta=\"{&quot;aperture&quot;:&quot;0&quot;,&quot;credit&quot;:&quot;&quot;,&quot;camera&quot;:&quot;&quot;,&quot;caption&quot;:&quot;&quot;,&quot;created_timestamp&quot;:&quot;0&quot;,&quot;copyright&quot;:&quot;&quot;,&quot;focal_length&quot;:&quot;0&quot;,&quot;iso&quot;:&quot;0&quot;,&quot;shutter_speed&quot;:&quot;0&quot;,&quot;title&quot;:&quot;&quot;,&quot;orientation&quot;:&quot;0&quot;}\" data-image-title=\"45395826_650724995321569_3465251791338209280_n\" data-image-description=\"\" data-image-caption=\"\" data-large-file=\"https:\/\/www.hoymercedes.com.ar\/principal\/wp-content\/uploads\/2018\/11\/45395826_650724995321569_3465251791338209280_n-1024x768.jpg\" class=\"aligncenter size-medium wp-image-83513\" src=\"https:\/\/www.hoymercedes.com.ar\/principal\/wp-content\/uploads\/2018\/11\/45395826_650724995321569_3465251791338209280_n-630x473.jpg\" alt=\"\" width=\"630\" height=\"473\" srcset=\"https:\/\/www.hoymercedes.com.ar\/principal\/wp-content\/uploads\/2018\/11\/45395826_650724995321569_3465251791338209280_n-630x473.jpg 630w, https:\/\/www.hoymercedes.com.ar\/principal\/wp-content\/uploads\/2018\/11\/45395826_650724995321569_3465251791338209280_n-150x113.jpg 150w, https:\/\/www.hoymercedes.com.ar\/principal\/wp-content\/uploads\/2018\/11\/45395826_650724995321569_3465251791338209280_n-1024x768.jpg 1024w, https:\/\/www.hoymercedes.com.ar\/principal\/wp-content\/uploads\/2018\/11\/45395826_650724995321569_3465251791338209280_n.jpg 1280w\" sizes=\"auto, (max-width: 630px) 100vw, 630px\" \/><br \/>\n<img decoding=\"async\" class=\"_1ift _2560 img\" src=\"https:\/\/static.xx.fbcdn.net\/images\/emoji.php\/v9\/fac\/1\/16\/1f4cc.png\" alt=\"\ud83d\udccc\" \/> Categor\u00eda Quinta C:<br \/>\n6 a\u00f1os: Montenegro Lola 1er puesto.<br \/>\n9 a\u00f1os: Aguirre Valentina 4to puesto. Marcos Luz 5to puesto y Dorati Sof\u00eda 6to puesto.<br \/>\n10 a\u00f1os: Andr\u00e9s Luc\u00eda 1er puesto<br \/>\n12 a\u00f1os: Vitta Faustina 2do puesto.<br \/>\n14 a\u00f1os: Balmazeda Ximena 1er puesto. Benedeti ludmila 3er puesto.<\/p>\n<p><img decoding=\"async\" class=\"_1ift _2560 img\" src=\"https:\/\/static.xx.fbcdn.net\/images\/emoji.php\/v9\/fac\/1\/16\/1f4cc.png\" alt=\"\ud83d\udccc\" \/>\u00a0Categor\u00eda Cuarta:<br \/>\n9 a\u00f1os: Marcos Abril 1er puesto. Ballesteros Emma 2do puesto. Albanese lola 3er puesto.<br \/>\n11 a\u00f1os: Caram Camila 1er puesto, Gala Bella Guillermina 2do puesto.<br \/>\n13 a\u00f1os: Longanero Lara 1er puesto.<\/p>\n<p><img decoding=\"async\" class=\"_1ift _2560 img\" src=\"https:\/\/static.xx.fbcdn.net\/images\/emoji.php\/v9\/fac\/1\/16\/1f4cc.png\" alt=\"\ud83d\udccc\" \/>\u00a0Tercera C:<br \/>\n10 a\u00f1os: Marcos Martina, 3er puesto<\/p>\n<p><img decoding=\"async\" class=\"_1ift _2560 img\" src=\"https:\/\/static.xx.fbcdn.net\/images\/emoji.php\/v9\/fac\/1\/16\/1f4cc.png\" alt=\"\ud83d\udccc\" \/>\u00a0Categor\u00eda Segunda C:<br \/>\n12 a\u00f1os: Caputo Camila 2do puesto.<br \/>\n13 a\u00f1os: \u00c1lvarez Lucia 1er puesto.<\/p>\n<p><img loading=\"lazy\" decoding=\"async\" data-attachment-id=\"83514\" data-permalink=\"https:\/\/www.hoymercedes.com.ar\/principal\/2018\/11\/06\/club-mercedes-campeon-de-la-copa-de-clubes-de-la-liga-ciepa\/45409189_331296334312472_8330547914833133568_n\/#main\" data-orig-file=\"https:\/\/www.hoymercedes.com.ar\/principal\/wp-content\/uploads\/2018\/11\/45409189_331296334312472_8330547914833133568_n.jpg\" data-orig-size=\"1280,960\" data-comments-opened=\"0\" data-image-meta=\"{&quot;aperture&quot;:&quot;0&quot;,&quot;credit&quot;:&quot;&quot;,&quot;camera&quot;:&quot;&quot;,&quot;caption&quot;:&quot;&quot;,&quot;created_timestamp&quot;:&quot;0&quot;,&quot;copyright&quot;:&quot;&quot;,&quot;focal_length&quot;:&quot;0&quot;,&quot;iso&quot;:&quot;0&quot;,&quot;shutter_speed&quot;:&quot;0&quot;,&quot;title&quot;:&quot;&quot;,&quot;orientation&quot;:&quot;0&quot;}\" data-image-title=\"45409189_331296334312472_8330547914833133568_n\" data-image-description=\"\" data-image-caption=\"\" data-large-file=\"https:\/\/www.hoymercedes.com.ar\/principal\/wp-content\/uploads\/2018\/11\/45409189_331296334312472_8330547914833133568_n-1024x768.jpg\" class=\"aligncenter size-medium wp-image-83514\" src=\"https:\/\/www.hoymercedes.com.ar\/principal\/wp-content\/uploads\/2018\/11\/45409189_331296334312472_8330547914833133568_n-630x473.jpg\" alt=\"\" width=\"630\" height=\"473\" srcset=\"https:\/\/www.hoymercedes.com.ar\/principal\/wp-content\/uploads\/2018\/11\/45409189_331296334312472_8330547914833133568_n-630x473.jpg 630w, https:\/\/www.hoymercedes.com.ar\/principal\/wp-content\/uploads\/2018\/11\/45409189_331296334312472_8330547914833133568_n-150x113.jpg 150w, https:\/\/www.hoymercedes.com.ar\/principal\/wp-content\/uploads\/2018\/11\/45409189_331296334312472_8330547914833133568_n-1024x768.jpg 1024w, https:\/\/www.hoymercedes.com.ar\/principal\/wp-content\/uploads\/2018\/11\/45409189_331296334312472_8330547914833133568_n.jpg 1280w\" sizes=\"auto, (max-width: 630px) 100vw, 630px\" \/><br \/>\n<img decoding=\"async\" class=\"_1ift _2560 img\" src=\"https:\/\/static.xx.fbcdn.net\/images\/emoji.php\/v9\/fac\/1\/16\/1f4cc.png\" alt=\"\ud83d\udccc\" \/>\u00a0Categor\u00eda Primera C:<br \/>\n13 y 14 a\u00f1os: Ricca Delfina 1er puesto, G\u00f3mez Valentina 2do puesto y Vigolongo Alma 3er puesto.<\/p>\n<p><img decoding=\"async\" class=\"_1ift _2560 img\" src=\"https:\/\/static.xx.fbcdn.net\/images\/emoji.php\/v9\/fac\/1\/16\/1f4cc.png\" alt=\"\ud83d\udccc\" \/>\u00a0Categor\u00eda Promocional B:<br \/>\n11 a\u00f1os: Silva Serena 1er puesto.<\/p>\n<p><img decoding=\"async\" class=\"_1ift _2560 img\" src=\"https:\/\/static.xx.fbcdn.net\/images\/emoji.php\/v9\/fac\/1\/16\/1f4cc.png\" alt=\"\ud83d\udccc\" \/>\u00a0Categor\u00eda Tercera B:<br \/>\nMayores: Ocampo Catalina 1er puesto .<\/p>\n<p>Desde la instituci\u00f3n felicitamos a todas las patinadoras por su excelente actuaci\u00f3n.<\/p>\n","protected":false},"excerpt":{"rendered":"<p>El domingo 4 de noviembre se realiz\u00f3 la \u00faltima fecha de la Liga CIEPA en el club SITAS de El &#8230; <a title=\"Club Mercedes campe\u00f3n de la Copa de Clubes de la Liga CIEPA\" class=\"read-more\" href=\"https:\/\/www.hoymercedes.com.ar\/principal\/2018\/11\/06\/club-mercedes-campeon-de-la-copa-de-clubes-de-la-liga-ciepa\/\" aria-label=\"Leer m\u00e1s sobre Club Mercedes campe\u00f3n de la Copa de Clubes de la Liga CIEPA\">Leer m\u00e1s<\/a><\/p>\n","protected":false},"author":1,"featured_media":83512,"comment_status":"closed","ping_status":"open","sticky":false,"template":"","format":"standard","meta":{"_monsterinsights_skip_tracking":false,"_monsterinsights_sitenote_active":false,"_monsterinsights_sitenote_note":"","_monsterinsights_sitenote_category":0,"jetpack_post_was_ever_published":false,"_jetpack_newsletter_access":"","_jetpack_dont_email_post_to_subs":false,"_jetpack_newsletter_tier_id":0,"_jetpack_memberships_contains_paywalled_content":false,"_jetpack_memberships_contains_paid_content":false,"footnotes":"","jetpack_publicize_message":"","jetpack_publicize_feature_enabled":true,"jetpack_social_post_already_shared":true,"jetpack_social_options":{"image_generator_settings":{"template":"highway","default_image_id":0,"font":"","enabled":false},"version":2},"_wpas_customize_per_network":false},"categories":[21],"tags":[122,12147,204,9183],"class_list":["post-83511","post","type-post","status-publish","format-standard","has-post-thumbnail","hentry","category-deportes","tag-club-mercedes","tag-copa-de-clubes","tag-deportes-2","tag-patin-artistico","generate-columns","tablet-grid-50","mobile-grid-100","grid-parent","grid-50"],"jetpack_publicize_connections":[],"jetpack_featured_media_url":"https:\/\/www.hoymercedes.com.ar\/principal\/wp-content\/uploads\/2018\/11\/45434288_1019201074948605_2022724417238335488_n.jpg","wps_subtitle":"Pat\u00edn Art\u00edstico","jetpack_sharing_enabled":true,"jetpack-related-posts":[{"id":68965,"url":"https:\/\/www.hoymercedes.com.ar\/principal\/2017\/10\/31\/club-mercedes-campeon-de-la-copa-de-clubes-de-ciepa\/","url_meta":{"origin":83511,"position":0},"title":"Club Mercedes campe\u00f3n de la Copa de Clubes de CIEPA","author":"hoymercedes","date":"31 octubre, 2017","format":false,"excerpt":"Entre los d\u00edas 21 y 29 de octubre, se llev\u00f3 a cabo el tercer y ultimo torneo de la copa AV, Organizado por la Liga CIEPA y fiscalizado por el Colegio de \u00c1rbitros de la Federaci\u00f3n Porte\u00f1a de Pat\u00edn, en las instalaciones del club Sitas de la localidad del Palomar,\u2026","rel":"","context":"En \u00abDeportes\u00bb","block_context":{"text":"Deportes","link":"https:\/\/www.hoymercedes.com.ar\/principal\/category\/deportes\/"},"img":{"alt_text":"","src":"https:\/\/i0.wp.com\/www.hoymercedes.com.ar\/principal\/wp-content\/uploads\/2017\/10\/23113506_10214140936499286_1552659959_n.jpg?resize=350%2C200&ssl=1","width":350,"height":200,"srcset":"https:\/\/i0.wp.com\/www.hoymercedes.com.ar\/principal\/wp-content\/uploads\/2017\/10\/23113506_10214140936499286_1552659959_n.jpg?resize=350%2C200&ssl=1 1x, https:\/\/i0.wp.com\/www.hoymercedes.com.ar\/principal\/wp-content\/uploads\/2017\/10\/23113506_10214140936499286_1552659959_n.jpg?resize=525%2C300&ssl=1 1.5x, https:\/\/i0.wp.com\/www.hoymercedes.com.ar\/principal\/wp-content\/uploads\/2017\/10\/23113506_10214140936499286_1552659959_n.jpg?resize=700%2C400&ssl=1 2x"},"classes":[]},{"id":63828,"url":"https:\/\/www.hoymercedes.com.ar\/principal\/2017\/06\/16\/club-mercedes-en-estudiantil-porteno-campeon-de-la-copa-de-clubes\/","url_meta":{"origin":83511,"position":1},"title":"Club Mercedes, en Estudiantil Porte\u00f1o, campe\u00f3n de la Copa de Clubes","author":"hoymercedes","date":"16 junio, 2017","format":false,"excerpt":"Entre los d\u00edas 10 y 11 de junio, se llev\u00f3 a cabo el primer torneo de la Copa AV, organizado por la Liga CIEPA y fiscalizado por el Colegio de \u00c1rbitros de la Federaci\u00f3n Porte\u00f1a de Pat\u00edn, en las instalaciones del Club Estudiantil Porte\u00f1o de la localidad de Ramos Mejia,\u2026","rel":"","context":"En \u00abDeportes\u00bb","block_context":{"text":"Deportes","link":"https:\/\/www.hoymercedes.com.ar\/principal\/category\/deportes\/"},"img":{"alt_text":"","src":"https:\/\/i0.wp.com\/www.hoymercedes.com.ar\/principal\/wp-content\/uploads\/2017\/06\/19184310_10212856563070753_452813245_n.jpg?resize=350%2C200&ssl=1","width":350,"height":200,"srcset":"https:\/\/i0.wp.com\/www.hoymercedes.com.ar\/principal\/wp-content\/uploads\/2017\/06\/19184310_10212856563070753_452813245_n.jpg?resize=350%2C200&ssl=1 1x, https:\/\/i0.wp.com\/www.hoymercedes.com.ar\/principal\/wp-content\/uploads\/2017\/06\/19184310_10212856563070753_452813245_n.jpg?resize=525%2C300&ssl=1 1.5x, https:\/\/i0.wp.com\/www.hoymercedes.com.ar\/principal\/wp-content\/uploads\/2017\/06\/19184310_10212856563070753_452813245_n.jpg?resize=700%2C400&ssl=1 2x"},"classes":[]},{"id":66575,"url":"https:\/\/www.hoymercedes.com.ar\/principal\/2017\/09\/02\/club-mercedes-3er-puesto-de-la-copa-av\/","url_meta":{"origin":83511,"position":2},"title":"Club Mercedes 3er puesto de la Copa AV","author":"hoymercedes","date":"2 septiembre, 2017","format":false,"excerpt":"Entre los d\u00edas 26 y 27 de agosto, se llevo a cabo el primer torneo de la Copa AV, organizado por la Liga CIEPA y fiscalizado por el Colegio de \u00c1rbitros de la Federaci\u00f3n Porte\u00f1a de Pat\u00edn, en las instalaciones del club Sitas de la localidad del Palomar, donde 41\u2026","rel":"","context":"En \u00abDeportes\u00bb","block_context":{"text":"Deportes","link":"https:\/\/www.hoymercedes.com.ar\/principal\/category\/deportes\/"},"img":{"alt_text":"","src":"https:\/\/i0.wp.com\/www.hoymercedes.com.ar\/principal\/wp-content\/uploads\/2017\/08\/21208575_10213641182405746_1974375092_n.jpg?resize=350%2C200&ssl=1","width":350,"height":200,"srcset":"https:\/\/i0.wp.com\/www.hoymercedes.com.ar\/principal\/wp-content\/uploads\/2017\/08\/21208575_10213641182405746_1974375092_n.jpg?resize=350%2C200&ssl=1 1x, https:\/\/i0.wp.com\/www.hoymercedes.com.ar\/principal\/wp-content\/uploads\/2017\/08\/21208575_10213641182405746_1974375092_n.jpg?resize=525%2C300&ssl=1 1.5x, https:\/\/i0.wp.com\/www.hoymercedes.com.ar\/principal\/wp-content\/uploads\/2017\/08\/21208575_10213641182405746_1974375092_n.jpg?resize=700%2C400&ssl=1 2x"},"classes":[]},{"id":77268,"url":"https:\/\/www.hoymercedes.com.ar\/principal\/2018\/06\/15\/medio-centenar-de-patinadoras-de-club-mercedes-debutaron-en-ciepa\/","url_meta":{"origin":83511,"position":3},"title":"Medio centenar de patinadoras de Club Mercedes debutaron en CIEPA","author":"hoymercedes","date":"15 junio, 2018","format":false,"excerpt":"Comenz\u00f3 la primer fecha de la liga CIEPA, donde 49 patinadoras a cargo de su T\u00e9cnica Nacional Mar\u00eda Laura Brunello representantes del Club Mercedes participar\u00e1n. La primera jornada se llev\u00f3 este s\u00e1bado 9 de junio donde el encuentro se dio en el club SITAS de El Palomar. Dicho certamen estuvo\u2026","rel":"","context":"En \u00abDeportes\u00bb","block_context":{"text":"Deportes","link":"https:\/\/www.hoymercedes.com.ar\/principal\/category\/deportes\/"},"img":{"alt_text":"","src":"https:\/\/i0.wp.com\/www.hoymercedes.com.ar\/principal\/wp-content\/uploads\/2018\/06\/34789230_10215940606009899_7279367953470980096_n.jpg?resize=350%2C200&ssl=1","width":350,"height":200,"srcset":"https:\/\/i0.wp.com\/www.hoymercedes.com.ar\/principal\/wp-content\/uploads\/2018\/06\/34789230_10215940606009899_7279367953470980096_n.jpg?resize=350%2C200&ssl=1 1x, https:\/\/i0.wp.com\/www.hoymercedes.com.ar\/principal\/wp-content\/uploads\/2018\/06\/34789230_10215940606009899_7279367953470980096_n.jpg?resize=525%2C300&ssl=1 1.5x, https:\/\/i0.wp.com\/www.hoymercedes.com.ar\/principal\/wp-content\/uploads\/2018\/06\/34789230_10215940606009899_7279367953470980096_n.jpg?resize=700%2C400&ssl=1 2x"},"classes":[]},{"id":80885,"url":"https:\/\/www.hoymercedes.com.ar\/principal\/2018\/09\/12\/club-mercedes-participo-de-la-segunda-fecha-de-ciepa\/","url_meta":{"origin":83511,"position":4},"title":"Club Mercedes particip\u00f3 de la segunda fecha de CIEPA","author":"hoymercedes","date":"12 septiembre, 2018","format":false,"excerpt":"El domingo 9 de septiembre se llev\u00f3 a cabo la segunda fecha de la liga CIEPA, en el Club SITAS de El Palomar, donde el Club Mercedes a cargo de la t\u00e9cnica nacional Mar\u00eda Laura Brunello, present\u00f3 a 34 patinadoras, en esta oportunidad, obteniendo excelentes resultados y realizando brillantes rutinas.\u2026","rel":"","context":"En \u00abDeportes\u00bb","block_context":{"text":"Deportes","link":"https:\/\/www.hoymercedes.com.ar\/principal\/category\/deportes\/"},"img":{"alt_text":"","src":"https:\/\/i0.wp.com\/www.hoymercedes.com.ar\/principal\/wp-content\/uploads\/2018\/09\/41452242_2218993381475590_5671804274883952640_n.jpg?resize=350%2C200&ssl=1","width":350,"height":200,"srcset":"https:\/\/i0.wp.com\/www.hoymercedes.com.ar\/principal\/wp-content\/uploads\/2018\/09\/41452242_2218993381475590_5671804274883952640_n.jpg?resize=350%2C200&ssl=1 1x, https:\/\/i0.wp.com\/www.hoymercedes.com.ar\/principal\/wp-content\/uploads\/2018\/09\/41452242_2218993381475590_5671804274883952640_n.jpg?resize=525%2C300&ssl=1 1.5x, https:\/\/i0.wp.com\/www.hoymercedes.com.ar\/principal\/wp-content\/uploads\/2018\/09\/41452242_2218993381475590_5671804274883952640_n.jpg?resize=700%2C400&ssl=1 2x, https:\/\/i0.wp.com\/www.hoymercedes.com.ar\/principal\/wp-content\/uploads\/2018\/09\/41452242_2218993381475590_5671804274883952640_n.jpg?resize=1050%2C600&ssl=1 3x, https:\/\/i0.wp.com\/www.hoymercedes.com.ar\/principal\/wp-content\/uploads\/2018\/09\/41452242_2218993381475590_5671804274883952640_n.jpg?resize=1400%2C800&ssl=1 4x"},"classes":[]},{"id":138532,"url":"https:\/\/www.hoymercedes.com.ar\/principal\/2021\/10\/11\/club-mercedes-en-el-torneo-metropolitano\/","url_meta":{"origin":83511,"position":5},"title":"Club Mercedes en el torneo Metropolitano","author":"hoymercedes","date":"11 octubre, 2021","format":false,"excerpt":"Las mercedinas se presentaron en la segunda fecha del torneo\u00a0 amistoso organizado por la liga Ampa. Representando al Club Mercedes, lo hicieron 28 patinadoras obteniendo excelentes resultados. Las alumnas de la Escuela de Pat\u00edn del Club Mercedes dirigidas y acompa\u00f1adas por su t\u00e9cnica nacional Laura Brunello, hicieron su presentaci\u00f3n en\u2026","rel":"","context":"En \u00abDeportes\u00bb","block_context":{"text":"Deportes","link":"https:\/\/www.hoymercedes.com.ar\/principal\/category\/deportes\/"},"img":{"alt_text":"","src":"https:\/\/i0.wp.com\/www.hoymercedes.com.ar\/principal\/wp-content\/uploads\/2021\/10\/patin-mercedes.jpeg?resize=350%2C200&ssl=1","width":350,"height":200,"srcset":"https:\/\/i0.wp.com\/www.hoymercedes.com.ar\/principal\/wp-content\/uploads\/2021\/10\/patin-mercedes.jpeg?resize=350%2C200&ssl=1 1x, https:\/\/i0.wp.com\/www.hoymercedes.com.ar\/principal\/wp-content\/uploads\/2021\/10\/patin-mercedes.jpeg?resize=525%2C300&ssl=1 1.5x, https:\/\/i0.wp.com\/www.hoymercedes.com.ar\/principal\/wp-content\/uploads\/2021\/10\/patin-mercedes.jpeg?resize=700%2C400&ssl=1 2x"},"classes":[]}],"_links":{"self":[{"href":"https:\/\/www.hoymercedes.com.ar\/principal\/wp-json\/wp\/v2\/posts\/83511","targetHints":{"allow":["GET"]}}],"collection":[{"href":"https:\/\/www.hoymercedes.com.ar\/principal\/wp-json\/wp\/v2\/posts"}],"about":[{"href":"https:\/\/www.hoymercedes.com.ar\/principal\/wp-json\/wp\/v2\/types\/post"}],"author":[{"embeddable":true,"href":"https:\/\/www.hoymercedes.com.ar\/principal\/wp-json\/wp\/v2\/users\/1"}],"replies":[{"embeddable":true,"href":"https:\/\/www.hoymercedes.com.ar\/principal\/wp-json\/wp\/v2\/comments?post=83511"}],"version-history":[{"count":0,"href":"https:\/\/www.hoymercedes.com.ar\/principal\/wp-json\/wp\/v2\/posts\/83511\/revisions"}],"wp:featuredmedia":[{"embeddable":true,"href":"https:\/\/www.hoymercedes.com.ar\/principal\/wp-json\/wp\/v2\/media\/83512"}],"wp:attachment":[{"href":"https:\/\/www.hoymercedes.com.ar\/principal\/wp-json\/wp\/v2\/media?parent=83511"}],"wp:term":[{"taxonomy":"category","embeddable":true,"href":"https:\/\/www.hoymercedes.com.ar\/principal\/wp-json\/wp\/v2\/categories?post=83511"},{"taxonomy":"post_tag","embeddable":true,"href":"https:\/\/www.hoymercedes.com.ar\/principal\/wp-json\/wp\/v2\/tags?post=83511"}],"curies":[{"name":"wp","href":"https:\/\/api.w.org\/{rel}","templated":true}]}}