{"id":83524,"date":"2018-11-05T12:54:29","date_gmt":"2018-11-05T15:54:29","guid":{"rendered":"http:\/\/www.hoymercedes.com.ar\/principal\/?p=83524"},"modified":"2018-11-05T18:24:02","modified_gmt":"2018-11-05T21:24:02","slug":"mercedes-rock-cerro-con-bersuit-vergarabat","status":"publish","type":"post","link":"https:\/\/www.hoymercedes.com.ar\/principal\/2018\/11\/05\/mercedes-rock-cerro-con-bersuit-vergarabat\/","title":{"rendered":"Mercedes Rock cerr\u00f3 con Bersuit Vergarabat"},"content":{"rendered":"<p>En la jornada del domingo se desarroll\u00f3 la segunda jornada del Mercedes Rock luego de que se suspendiese la fecha original por cuestiones clim\u00e1ticas. Todas las bandas previstas para la fecha se presentaron desde las primeras horas de la tarde, cerrando a las diez y media de la noche Bersuit Vergarabat en el marco de su gira por los 30 a\u00f1os de carrera.<\/p>\n<p>El Pata Simonet fue el primero en tocar este domingo, seguido de Black Cachivache, Quarto Pasajero, El Motivo, Camino a Chinar, La de Abajo, y El\u00e9ctrico Lim\u00f3n. El cierre fue con la banda reconocida a nivel nacional que supo tocar en vivo en los Mercedes Rock de hace 20 a\u00f1os. La Bersuit hizo un recorrido por sus cl\u00e1sico intercalando los temas de los \u00faltimos a\u00f1os.<\/p>\n<p>A la hora de cantar \u00abLa Argentinidad al Palo\u00bb, la banda hizo subir al Ballet Santa Cecilia que hizo la coreograf\u00eda que ellos realizan con la m\u00fasica, en esta oportunidad, en vivo. El publico, tranquilo en toda la primera parte, salt\u00f3 y core\u00f3 con este tema y con los bises incluyendo Sr. Cobranza y El Viejo de Arriba para terminar coreando al un\u00edsono \u00abUn Pacto\u00bb.<\/p>\n<p>Fotograf\u00edas: Prensa Mercedes<\/p>\n<p class=\"jetpack-slideshow-noscript robots-nocontent\">El pase de diapositivas requiere JavaScript.<\/p><div id=\"gallery-83524-1-slideshow\" class=\"jetpack-slideshow-window jetpack-slideshow jetpack-slideshow-black\" data-trans=\"fade\" data-autostart=\"1\" data-gallery=\"[{&quot;src&quot;:&quot;https:\\\/\\\/www.hoymercedes.com.ar\\\/principal\\\/wp-content\\\/uploads\\\/2018\\\/11\\\/IMG-20181104-WA0030.jpg&quot;,&quot;id&quot;:&quot;83539&quot;,&quot;title&quot;:&quot;IMG-20181104-WA0030&quot;,&quot;alt&quot;:&quot;&quot;,&quot;caption&quot;:&quot;&quot;,&quot;itemprop&quot;:&quot;image&quot;},{&quot;src&quot;:&quot;https:\\\/\\\/www.hoymercedes.com.ar\\\/principal\\\/wp-content\\\/uploads\\\/2018\\\/11\\\/MercedesRockDSC04406.jpg&quot;,&quot;id&quot;:&quot;83557&quot;,&quot;title&quot;:&quot;MercedesRockDSC04406&quot;,&quot;alt&quot;:&quot;&quot;,&quot;caption&quot;:&quot;&quot;,&quot;itemprop&quot;:&quot;image&quot;},{&quot;src&quot;:&quot;https:\\\/\\\/www.hoymercedes.com.ar\\\/principal\\\/wp-content\\\/uploads\\\/2018\\\/11\\\/MercedesRockDSC04562.jpg&quot;,&quot;id&quot;:&quot;83562&quot;,&quot;title&quot;:&quot;MercedesRockDSC04562&quot;,&quot;alt&quot;:&quot;&quot;,&quot;caption&quot;:&quot;&quot;,&quot;itemprop&quot;:&quot;image&quot;},{&quot;src&quot;:&quot;https:\\\/\\\/www.hoymercedes.com.ar\\\/principal\\\/wp-content\\\/uploads\\\/2018\\\/11\\\/MercedesRockDSC03483.jpg&quot;,&quot;id&quot;:&quot;83548&quot;,&quot;title&quot;:&quot;MercedesRockDSC03483&quot;,&quot;alt&quot;:&quot;&quot;,&quot;caption&quot;:&quot;&quot;,&quot;itemprop&quot;:&quot;image&quot;},{&quot;src&quot;:&quot;https:\\\/\\\/www.hoymercedes.com.ar\\\/principal\\\/wp-content\\\/uploads\\\/2018\\\/11\\\/MercedesRockDSC03614.jpg&quot;,&quot;id&quot;:&quot;83550&quot;,&quot;title&quot;:&quot;MercedesRockDSC03614&quot;,&quot;alt&quot;:&quot;&quot;,&quot;caption&quot;:&quot;&quot;,&quot;itemprop&quot;:&quot;image&quot;},{&quot;src&quot;:&quot;https:\\\/\\\/www.hoymercedes.com.ar\\\/principal\\\/wp-content\\\/uploads\\\/2018\\\/11\\\/MercedesRockDSC04355.jpg&quot;,&quot;id&quot;:&quot;83555&quot;,&quot;title&quot;:&quot;MercedesRockDSC04355&quot;,&quot;alt&quot;:&quot;&quot;,&quot;caption&quot;:&quot;&quot;,&quot;itemprop&quot;:&quot;image&quot;},{&quot;src&quot;:&quot;https:\\\/\\\/www.hoymercedes.com.ar\\\/principal\\\/wp-content\\\/uploads\\\/2018\\\/11\\\/MercedesRockDSC04497.jpg&quot;,&quot;id&quot;:&quot;83560&quot;,&quot;title&quot;:&quot;MercedesRockDSC04497&quot;,&quot;alt&quot;:&quot;&quot;,&quot;caption&quot;:&quot;&quot;,&quot;itemprop&quot;:&quot;image&quot;},{&quot;src&quot;:&quot;https:\\\/\\\/www.hoymercedes.com.ar\\\/principal\\\/wp-content\\\/uploads\\\/2018\\\/11\\\/org_43134cdff611fe6c_1541377650000.jpg&quot;,&quot;id&quot;:&quot;83565&quot;,&quot;title&quot;:&quot;DCIM100MEDIADJI_0022.JPG&quot;,&quot;alt&quot;:&quot;&quot;,&quot;caption&quot;:&quot;DCIM100MEDIADJI_0022.JPG&quot;,&quot;itemprop&quot;:&quot;image&quot;},{&quot;src&quot;:&quot;https:\\\/\\\/www.hoymercedes.com.ar\\\/principal\\\/wp-content\\\/uploads\\\/2018\\\/11\\\/IMG-20181104-WA0020.jpg&quot;,&quot;id&quot;:&quot;83535&quot;,&quot;title&quot;:&quot;IMG-20181104-WA0020&quot;,&quot;alt&quot;:&quot;&quot;,&quot;caption&quot;:&quot;&quot;,&quot;itemprop&quot;:&quot;image&quot;},{&quot;src&quot;:&quot;https:\\\/\\\/www.hoymercedes.com.ar\\\/principal\\\/wp-content\\\/uploads\\\/2018\\\/11\\\/MercedesRockDSC03395.jpg&quot;,&quot;id&quot;:&quot;83545&quot;,&quot;title&quot;:&quot;MercedesRockDSC03395&quot;,&quot;alt&quot;:&quot;&quot;,&quot;caption&quot;:&quot;&quot;,&quot;itemprop&quot;:&quot;image&quot;},{&quot;src&quot;:&quot;https:\\\/\\\/www.hoymercedes.com.ar\\\/principal\\\/wp-content\\\/uploads\\\/2018\\\/11\\\/MercedesRockDSC04573-copia.jpg&quot;,&quot;id&quot;:&quot;83563&quot;,&quot;title&quot;:&quot;MercedesRockDSC04573 \\u0026#8211; copia&quot;,&quot;alt&quot;:&quot;&quot;,&quot;caption&quot;:&quot;&quot;,&quot;itemprop&quot;:&quot;image&quot;},{&quot;src&quot;:&quot;https:\\\/\\\/www.hoymercedes.com.ar\\\/principal\\\/wp-content\\\/uploads\\\/2018\\\/11\\\/MercedesRockDSC03411.jpg&quot;,&quot;id&quot;:&quot;83546&quot;,&quot;title&quot;:&quot;MercedesRockDSC03411&quot;,&quot;alt&quot;:&quot;&quot;,&quot;caption&quot;:&quot;&quot;,&quot;itemprop&quot;:&quot;image&quot;},{&quot;src&quot;:&quot;https:\\\/\\\/www.hoymercedes.com.ar\\\/principal\\\/wp-content\\\/uploads\\\/2018\\\/11\\\/MercedesRockDSC04460.jpg&quot;,&quot;id&quot;:&quot;83558&quot;,&quot;title&quot;:&quot;MercedesRockDSC04460&quot;,&quot;alt&quot;:&quot;&quot;,&quot;caption&quot;:&quot;&quot;,&quot;itemprop&quot;:&quot;image&quot;},{&quot;src&quot;:&quot;https:\\\/\\\/www.hoymercedes.com.ar\\\/principal\\\/wp-content\\\/uploads\\\/2018\\\/11\\\/IMG-20181104-WA0023.jpg&quot;,&quot;id&quot;:&quot;83537&quot;,&quot;title&quot;:&quot;IMG-20181104-WA0023&quot;,&quot;alt&quot;:&quot;&quot;,&quot;caption&quot;:&quot;&quot;,&quot;itemprop&quot;:&quot;image&quot;},{&quot;src&quot;:&quot;https:\\\/\\\/www.hoymercedes.com.ar\\\/principal\\\/wp-content\\\/uploads\\\/2018\\\/11\\\/IMG-20181104-WA0006.jpg&quot;,&quot;id&quot;:&quot;83530&quot;,&quot;title&quot;:&quot;IMG-20181104-WA0006&quot;,&quot;alt&quot;:&quot;&quot;,&quot;caption&quot;:&quot;&quot;,&quot;itemprop&quot;:&quot;image&quot;},{&quot;src&quot;:&quot;https:\\\/\\\/www.hoymercedes.com.ar\\\/principal\\\/wp-content\\\/uploads\\\/2018\\\/11\\\/MercedesRockDSC03682.jpg&quot;,&quot;id&quot;:&quot;83551&quot;,&quot;title&quot;:&quot;MercedesRockDSC03682&quot;,&quot;alt&quot;:&quot;&quot;,&quot;caption&quot;:&quot;&quot;,&quot;itemprop&quot;:&quot;image&quot;},{&quot;src&quot;:&quot;https:\\\/\\\/www.hoymercedes.com.ar\\\/principal\\\/wp-content\\\/uploads\\\/2018\\\/11\\\/IMG-20181104-WA0005.jpg&quot;,&quot;id&quot;:&quot;83529&quot;,&quot;title&quot;:&quot;IMG-20181104-WA0005&quot;,&quot;alt&quot;:&quot;&quot;,&quot;caption&quot;:&quot;&quot;,&quot;itemprop&quot;:&quot;image&quot;},{&quot;src&quot;:&quot;https:\\\/\\\/www.hoymercedes.com.ar\\\/principal\\\/wp-content\\\/uploads\\\/2018\\\/11\\\/IMG-20181104-WA0014.jpg&quot;,&quot;id&quot;:&quot;83534&quot;,&quot;title&quot;:&quot;IMG-20181104-WA0014&quot;,&quot;alt&quot;:&quot;&quot;,&quot;caption&quot;:&quot;&quot;,&quot;itemprop&quot;:&quot;image&quot;},{&quot;src&quot;:&quot;https:\\\/\\\/www.hoymercedes.com.ar\\\/principal\\\/wp-content\\\/uploads\\\/2018\\\/11\\\/MercedesRockDSC03341.jpg&quot;,&quot;id&quot;:&quot;83542&quot;,&quot;title&quot;:&quot;MercedesRockDSC03341&quot;,&quot;alt&quot;:&quot;&quot;,&quot;caption&quot;:&quot;&quot;,&quot;itemprop&quot;:&quot;image&quot;},{&quot;src&quot;:&quot;https:\\\/\\\/www.hoymercedes.com.ar\\\/principal\\\/wp-content\\\/uploads\\\/2018\\\/11\\\/org_4909518a12dc1f30_1541375432000-1.jpg&quot;,&quot;id&quot;:&quot;83566&quot;,&quot;title&quot;:&quot;DCIM100MEDIADJI_0007.JPG&quot;,&quot;alt&quot;:&quot;&quot;,&quot;caption&quot;:&quot;DCIM100MEDIADJI_0007.JPG&quot;,&quot;itemprop&quot;:&quot;image&quot;},{&quot;src&quot;:&quot;https:\\\/\\\/www.hoymercedes.com.ar\\\/principal\\\/wp-content\\\/uploads\\\/2018\\\/11\\\/MercedesRockDSC04186.jpg&quot;,&quot;id&quot;:&quot;83553&quot;,&quot;title&quot;:&quot;MercedesRockDSC04186&quot;,&quot;alt&quot;:&quot;&quot;,&quot;caption&quot;:&quot;&quot;,&quot;itemprop&quot;:&quot;image&quot;},{&quot;src&quot;:&quot;https:\\\/\\\/www.hoymercedes.com.ar\\\/principal\\\/wp-content\\\/uploads\\\/2018\\\/11\\\/MercedesRockDSC03768.jpg&quot;,&quot;id&quot;:&quot;83552&quot;,&quot;title&quot;:&quot;MercedesRockDSC03768&quot;,&quot;alt&quot;:&quot;&quot;,&quot;caption&quot;:&quot;&quot;,&quot;itemprop&quot;:&quot;image&quot;},{&quot;src&quot;:&quot;https:\\\/\\\/www.hoymercedes.com.ar\\\/principal\\\/wp-content\\\/uploads\\\/2018\\\/11\\\/MercedesRockDSC03452.jpg&quot;,&quot;id&quot;:&quot;83547&quot;,&quot;title&quot;:&quot;MercedesRockDSC03452&quot;,&quot;alt&quot;:&quot;&quot;,&quot;caption&quot;:&quot;&quot;,&quot;itemprop&quot;:&quot;image&quot;},{&quot;src&quot;:&quot;https:\\\/\\\/www.hoymercedes.com.ar\\\/principal\\\/wp-content\\\/uploads\\\/2018\\\/11\\\/IMG-20181104-WA0008.jpg&quot;,&quot;id&quot;:&quot;83531&quot;,&quot;title&quot;:&quot;IMG-20181104-WA0008&quot;,&quot;alt&quot;:&quot;&quot;,&quot;caption&quot;:&quot;&quot;,&quot;itemprop&quot;:&quot;image&quot;},{&quot;src&quot;:&quot;https:\\\/\\\/www.hoymercedes.com.ar\\\/principal\\\/wp-content\\\/uploads\\\/2018\\\/11\\\/IMG-20181104-WA0021.jpg&quot;,&quot;id&quot;:&quot;83536&quot;,&quot;title&quot;:&quot;IMG-20181104-WA0021&quot;,&quot;alt&quot;:&quot;&quot;,&quot;caption&quot;:&quot;&quot;,&quot;itemprop&quot;:&quot;image&quot;},{&quot;src&quot;:&quot;https:\\\/\\\/www.hoymercedes.com.ar\\\/principal\\\/wp-content\\\/uploads\\\/2018\\\/11\\\/MercedesRockDSC03604.jpg&quot;,&quot;id&quot;:&quot;83549&quot;,&quot;title&quot;:&quot;MercedesRockDSC03604&quot;,&quot;alt&quot;:&quot;&quot;,&quot;caption&quot;:&quot;&quot;,&quot;itemprop&quot;:&quot;image&quot;},{&quot;src&quot;:&quot;https:\\\/\\\/www.hoymercedes.com.ar\\\/principal\\\/wp-content\\\/uploads\\\/2018\\\/11\\\/MercedesRockDSC04395.jpg&quot;,&quot;id&quot;:&quot;83556&quot;,&quot;title&quot;:&quot;MercedesRockDSC04395&quot;,&quot;alt&quot;:&quot;&quot;,&quot;caption&quot;:&quot;&quot;,&quot;itemprop&quot;:&quot;image&quot;},{&quot;src&quot;:&quot;https:\\\/\\\/www.hoymercedes.com.ar\\\/principal\\\/wp-content\\\/uploads\\\/2018\\\/11\\\/MercedesRockDSC04542.jpg&quot;,&quot;id&quot;:&quot;83561&quot;,&quot;title&quot;:&quot;MercedesRockDSC04542&quot;,&quot;alt&quot;:&quot;&quot;,&quot;caption&quot;:&quot;&quot;,&quot;itemprop&quot;:&quot;image&quot;},{&quot;src&quot;:&quot;https:\\\/\\\/www.hoymercedes.com.ar\\\/principal\\\/wp-content\\\/uploads\\\/2018\\\/11\\\/IMG-20181104-WA0009.jpg&quot;,&quot;id&quot;:&quot;83532&quot;,&quot;title&quot;:&quot;IMG-20181104-WA0009&quot;,&quot;alt&quot;:&quot;&quot;,&quot;caption&quot;:&quot;&quot;,&quot;itemprop&quot;:&quot;image&quot;},{&quot;src&quot;:&quot;https:\\\/\\\/www.hoymercedes.com.ar\\\/principal\\\/wp-content\\\/uploads\\\/2018\\\/11\\\/org_7501b9e323e0962c_1541380934000-1.jpg&quot;,&quot;id&quot;:&quot;83564&quot;,&quot;title&quot;:&quot;DCIM100MEDIADJI_0040.JPG&quot;,&quot;alt&quot;:&quot;&quot;,&quot;caption&quot;:&quot;DCIM100MEDIADJI_0040.JPG&quot;,&quot;itemprop&quot;:&quot;image&quot;},{&quot;src&quot;:&quot;https:\\\/\\\/www.hoymercedes.com.ar\\\/principal\\\/wp-content\\\/uploads\\\/2018\\\/11\\\/IMG-20181104-WA0027.jpg&quot;,&quot;id&quot;:&quot;83538&quot;,&quot;title&quot;:&quot;IMG-20181104-WA0027&quot;,&quot;alt&quot;:&quot;&quot;,&quot;caption&quot;:&quot;&quot;,&quot;itemprop&quot;:&quot;image&quot;},{&quot;src&quot;:&quot;https:\\\/\\\/www.hoymercedes.com.ar\\\/principal\\\/wp-content\\\/uploads\\\/2018\\\/11\\\/IMG-20181104-WA0004.jpg&quot;,&quot;id&quot;:&quot;83528&quot;,&quot;title&quot;:&quot;IMG-20181104-WA0004&quot;,&quot;alt&quot;:&quot;&quot;,&quot;caption&quot;:&quot;&quot;,&quot;itemprop&quot;:&quot;image&quot;},{&quot;src&quot;:&quot;https:\\\/\\\/www.hoymercedes.com.ar\\\/principal\\\/wp-content\\\/uploads\\\/2018\\\/11\\\/IMG-20181104-WA0032.jpg&quot;,&quot;id&quot;:&quot;83540&quot;,&quot;title&quot;:&quot;IMG-20181104-WA0032&quot;,&quot;alt&quot;:&quot;&quot;,&quot;caption&quot;:&quot;&quot;,&quot;itemprop&quot;:&quot;image&quot;},{&quot;src&quot;:&quot;https:\\\/\\\/www.hoymercedes.com.ar\\\/principal\\\/wp-content\\\/uploads\\\/2018\\\/11\\\/MercedesRockDSC03375.jpg&quot;,&quot;id&quot;:&quot;83544&quot;,&quot;title&quot;:&quot;MercedesRockDSC03375&quot;,&quot;alt&quot;:&quot;&quot;,&quot;caption&quot;:&quot;&quot;,&quot;itemprop&quot;:&quot;image&quot;},{&quot;src&quot;:&quot;https:\\\/\\\/www.hoymercedes.com.ar\\\/principal\\\/wp-content\\\/uploads\\\/2018\\\/11\\\/IMG-20181104-WA0012.jpg&quot;,&quot;id&quot;:&quot;83533&quot;,&quot;title&quot;:&quot;IMG-20181104-WA0012&quot;,&quot;alt&quot;:&quot;&quot;,&quot;caption&quot;:&quot;&quot;,&quot;itemprop&quot;:&quot;image&quot;},{&quot;src&quot;:&quot;https:\\\/\\\/www.hoymercedes.com.ar\\\/principal\\\/wp-content\\\/uploads\\\/2018\\\/11\\\/MercedesRockDSC04352.jpg&quot;,&quot;id&quot;:&quot;83554&quot;,&quot;title&quot;:&quot;MercedesRockDSC04352&quot;,&quot;alt&quot;:&quot;&quot;,&quot;caption&quot;:&quot;&quot;,&quot;itemprop&quot;:&quot;image&quot;},{&quot;src&quot;:&quot;https:\\\/\\\/www.hoymercedes.com.ar\\\/principal\\\/wp-content\\\/uploads\\\/2018\\\/11\\\/MercedesRockDSC04489.jpg&quot;,&quot;id&quot;:&quot;83559&quot;,&quot;title&quot;:&quot;MercedesRockDSC04489&quot;,&quot;alt&quot;:&quot;&quot;,&quot;caption&quot;:&quot;&quot;,&quot;itemprop&quot;:&quot;image&quot;},{&quot;src&quot;:&quot;https:\\\/\\\/www.hoymercedes.com.ar\\\/principal\\\/wp-content\\\/uploads\\\/2018\\\/11\\\/MercedesRockDSC03336.jpg&quot;,&quot;id&quot;:&quot;83541&quot;,&quot;title&quot;:&quot;MercedesRockDSC03336&quot;,&quot;alt&quot;:&quot;&quot;,&quot;caption&quot;:&quot;&quot;,&quot;itemprop&quot;:&quot;image&quot;},{&quot;src&quot;:&quot;https:\\\/\\\/www.hoymercedes.com.ar\\\/principal\\\/wp-content\\\/uploads\\\/2018\\\/11\\\/MercedesRockDSC03348.jpg&quot;,&quot;id&quot;:&quot;83543&quot;,&quot;title&quot;:&quot;MercedesRockDSC03348&quot;,&quot;alt&quot;:&quot;&quot;,&quot;caption&quot;:&quot;&quot;,&quot;itemprop&quot;:&quot;image&quot;}]\" itemscope itemtype=\"https:\/\/schema.org\/ImageGallery\"><\/div>\n","protected":false},"excerpt":{"rendered":"<p>En la jornada del domingo se desarroll\u00f3 la segunda jornada del Mercedes Rock luego de que se suspendiese la fecha &#8230; <a title=\"Mercedes Rock cerr\u00f3 con Bersuit Vergarabat\" class=\"read-more\" href=\"https:\/\/www.hoymercedes.com.ar\/principal\/2018\/11\/05\/mercedes-rock-cerro-con-bersuit-vergarabat\/\" aria-label=\"Leer m\u00e1s sobre Mercedes Rock cerr\u00f3 con Bersuit Vergarabat\">Leer m\u00e1s<\/a><\/p>\n","protected":false},"author":1,"featured_media":83560,"comment_status":"closed","ping_status":"open","sticky":false,"template":"","format":"standard","meta":{"_monsterinsights_skip_tracking":false,"_monsterinsights_sitenote_active":false,"_monsterinsights_sitenote_note":"","_monsterinsights_sitenote_category":0,"jetpack_post_was_ever_published":false,"_jetpack_newsletter_access":"","_jetpack_dont_email_post_to_subs":false,"_jetpack_newsletter_tier_id":0,"_jetpack_memberships_contains_paywalled_content":false,"_jetpack_memberships_contains_paid_content":false,"footnotes":"","jetpack_publicize_message":"","jetpack_publicize_feature_enabled":true,"jetpack_social_post_already_shared":true,"jetpack_social_options":{"image_generator_settings":{"template":"highway","default_image_id":0,"font":"","enabled":false},"version":2},"_wpas_customize_per_network":false},"categories":[104],"tags":[9698,7805,13759,8539],"class_list":["post-83524","post","type-post","status-publish","format-standard","has-post-thumbnail","hentry","category-cultura","tag-cierre","tag-cultura","tag-mercedes-rock","tag-musica","generate-columns","tablet-grid-50","mobile-grid-100","grid-parent","grid-50"],"jetpack_publicize_connections":[],"jetpack_featured_media_url":"https:\/\/www.hoymercedes.com.ar\/principal\/wp-content\/uploads\/2018\/11\/MercedesRockDSC04497.jpg","wps_subtitle":"Gran marco de p\u00fablico ","jetpack_sharing_enabled":true,"_links":{"self":[{"href":"https:\/\/www.hoymercedes.com.ar\/principal\/wp-json\/wp\/v2\/posts\/83524","targetHints":{"allow":["GET"]}}],"collection":[{"href":"https:\/\/www.hoymercedes.com.ar\/principal\/wp-json\/wp\/v2\/posts"}],"about":[{"href":"https:\/\/www.hoymercedes.com.ar\/principal\/wp-json\/wp\/v2\/types\/post"}],"author":[{"embeddable":true,"href":"https:\/\/www.hoymercedes.com.ar\/principal\/wp-json\/wp\/v2\/users\/1"}],"replies":[{"embeddable":true,"href":"https:\/\/www.hoymercedes.com.ar\/principal\/wp-json\/wp\/v2\/comments?post=83524"}],"version-history":[{"count":0,"href":"https:\/\/www.hoymercedes.com.ar\/principal\/wp-json\/wp\/v2\/posts\/83524\/revisions"}],"wp:featuredmedia":[{"embeddable":true,"href":"https:\/\/www.hoymercedes.com.ar\/principal\/wp-json\/wp\/v2\/media\/83560"}],"wp:attachment":[{"href":"https:\/\/www.hoymercedes.com.ar\/principal\/wp-json\/wp\/v2\/media?parent=83524"}],"wp:term":[{"taxonomy":"category","embeddable":true,"href":"https:\/\/www.hoymercedes.com.ar\/principal\/wp-json\/wp\/v2\/categories?post=83524"},{"taxonomy":"post_tag","embeddable":true,"href":"https:\/\/www.hoymercedes.com.ar\/principal\/wp-json\/wp\/v2\/tags?post=83524"}],"curies":[{"name":"wp","href":"https:\/\/api.w.org\/{rel}","templated":true}]}}