{"id":8354,"date":"2011-10-18T12:18:54","date_gmt":"2011-10-18T12:18:54","guid":{"rendered":"http:\/\/www.hoymercedes.com.ar\/principal\/?p=8354"},"modified":"2011-10-18T12:23:16","modified_gmt":"2011-10-18T12:23:16","slug":"8354","status":"publish","type":"post","link":"https:\/\/www.hoymercedes.com.ar\/principal\/2011\/10\/18\/8354\/","title":{"rendered":"El Secretario de Gobierno confirm\u00f3 el cambio de ubicaci\u00f3n de Mesa de Entrada en el Palacio Municipal"},"content":{"rendered":"<p>El Dr. Sergio L\u00f3pez sostuvo que pasar\u00e1 a ocupar el lugar que hasta hace algunas semana ten\u00eda la oficina de Personal por lo cual se desmantelar\u00e1 la oficina construida con elementos de aluminio en el sector derecho de la galer\u00eda del edificio comunal. Tambi\u00e9n adelant\u00f3 que habr\u00e1 una sala de espera para quienes van a ver al Intendente.<\/p>\n<p>El Secretario de Gobierno del Municipio, Dr. Sergio Fabi\u00e1n L\u00f3pez al referirse a los \u00faltimos toques para completar la mudanza de dicha cartera del ejecutivo nuevamente al Palacio Municipal confirm\u00f3 que tambi\u00e9n la parte conocida como Mesa de Entrada va a cambiar de ubicaci\u00f3n<\/p>\n<p>El funcionario sostuvo<em> \u201cestamos en los \u00faltimos detalles para acondicionar la oficina m\u00e1s grande que ahora tenemos porque francamente se encontraba casi inhabitable, es el lugar donde funcionaba privada cuando se estaba refaccionado todo el sector donde se encuentra el Intendente que tiene serias deficiencias en el techo, parte de las paredes y el piso pero una vez concluidas dichas reparaciones voy a mudarme a dicho sector.<\/em><\/p>\n<p><em>Pero creo que la noticia m\u00e1s importante para el vecino no es en cual oficina est\u00e9 L\u00f3pez o el Secretario de Gobierno de turno, sino otra que tiene que ver con la situaci\u00f3n de la oficina de Mesa de Entrada y su actual ubicaci\u00f3n ya que se ha decidido trasladar la misma al lugar donde hasta hace pocos d\u00edas funcionara la Oficina de Personal, lugar donde actualmente se encuentran las abogadas que integran la pare t\u00e9cnica de la asesor\u00eda de la Secretar\u00eda de Gobierno con lo cual estar\u00edamos cumpliendo un viejo anhelo m\u00edo y de muchos vecinos de sacar esta casilla de aluminio que le quita toda la vistosidad a una de las partes de la hermosa galer\u00eda que tenemos en el interior del Palacio m\u00e1s all\u00e1 del verdadero ro hist\u00f3rico que tiene el hall central del palacio.<\/em><\/p>\n<p><em>Por otra parte estamos diagramando una sala de espera para la gente que a diario concurre a a hablar con el intendente que si bien todos sabemos que atiende a los vecinos todos los martes en el ex Instituto Unzue, los d\u00edas restante se puede observar un constante ir y venir de personas que en la actualidad esperan paradas a un costado del ingreso al sector donde se encuentra su despacho y no nos parece razonable ni digno que al menos no cuenten con la m\u00ednima comodidad de estar sentados.<\/em><\/p>\n<p><em>Por otra parte ya todos saben que desde este lunes (ayer) la oficina de Antecedentes que funcionaba junto a mesa de entradas ha sido reubicada en la nueva casa de 26 y 23 donde tambi\u00e9n ya se est\u00e1 instalando la Direcci\u00f3n de Seguridad y toda la parte del monitoreo de las c\u00e1maras de televisi\u00f3n que tenemos instaladas en diferentes puntos de la ciudad que m\u00e1s all\u00e1 de este tiempo electoral hemos seguido instalando en estas \u00faltimas semanas y al mismo tiempo trabajamos en el traslado de los diferentes equipos a la nueva sede por lo cual seguramente el intendente va a estar mostrando oficialmente en pocos d\u00edas m\u00e1s.<\/em><\/p>\n<p><em>Hace poco le\u00eda en un medio grafico local parte de las propuestas que en materia de seguridad para la ciudad formul\u00f3 el Dr. Juan Ignacio Ustarroz y me re\u00eda porque todo lo que dijo que va a hacer ya los hemos hecho as\u00ed que le pedir\u00eda que me cuente algo nuevo porque reitero que todo lo que planeo ya est\u00e1 hecho y en talo sentido pueden pasar dos cosas, que est\u00e9 muy de acuerdo con lo que hacemos o bien que no tenga la menor idea de que es lo que venimos haciendo\u201d<\/em><\/p>\n","protected":false},"excerpt":{"rendered":"<p>El Dr. Sergio L\u00f3pez sostuvo que pasar\u00e1 a ocupar el lugar que hasta hace algunas semana ten\u00eda la oficina de &#8230; <a title=\"El Secretario de Gobierno confirm\u00f3 el cambio de ubicaci\u00f3n de Mesa de Entrada en el Palacio Municipal\" class=\"read-more\" href=\"https:\/\/www.hoymercedes.com.ar\/principal\/2011\/10\/18\/8354\/\" aria-label=\"Leer m\u00e1s sobre El Secretario de Gobierno confirm\u00f3 el cambio de ubicaci\u00f3n de Mesa de Entrada en el Palacio Municipal\">Leer m\u00e1s<\/a><\/p>\n","protected":false},"author":1,"featured_media":0,"comment_status":"open","ping_status":"open","sticky":false,"template":"","format":"standard","meta":{"_monsterinsights_skip_tracking":false,"_monsterinsights_sitenote_active":false,"_monsterinsights_sitenote_note":"","_monsterinsights_sitenote_category":0,"jetpack_post_was_ever_published":false,"_jetpack_newsletter_access":"","_jetpack_dont_email_post_to_subs":false,"_jetpack_newsletter_tier_id":0,"_jetpack_memberships_contains_paywalled_content":false,"_jetpack_memberships_contains_paid_content":false,"footnotes":"","jetpack_publicize_message":"","jetpack_publicize_feature_enabled":true,"jetpack_social_post_already_shared":false,"jetpack_social_options":{"image_generator_settings":{"template":"highway","default_image_id":0,"font":"","enabled":false},"version":2},"_wpas_customize_per_network":false},"categories":[30],"tags":[10,1386,327],"class_list":["post-8354","post","type-post","status-publish","format-standard","hentry","category-municipio","tag-mercedes","tag-secretaria-de-gobierno","tag-sergio-lopez","generate-columns","tablet-grid-50","mobile-grid-100","grid-parent","grid-50"],"jetpack_publicize_connections":[],"jetpack_featured_media_url":"","wps_subtitle":"","jetpack_sharing_enabled":true,"_links":{"self":[{"href":"https:\/\/www.hoymercedes.com.ar\/principal\/wp-json\/wp\/v2\/posts\/8354","targetHints":{"allow":["GET"]}}],"collection":[{"href":"https:\/\/www.hoymercedes.com.ar\/principal\/wp-json\/wp\/v2\/posts"}],"about":[{"href":"https:\/\/www.hoymercedes.com.ar\/principal\/wp-json\/wp\/v2\/types\/post"}],"author":[{"embeddable":true,"href":"https:\/\/www.hoymercedes.com.ar\/principal\/wp-json\/wp\/v2\/users\/1"}],"replies":[{"embeddable":true,"href":"https:\/\/www.hoymercedes.com.ar\/principal\/wp-json\/wp\/v2\/comments?post=8354"}],"version-history":[{"count":0,"href":"https:\/\/www.hoymercedes.com.ar\/principal\/wp-json\/wp\/v2\/posts\/8354\/revisions"}],"wp:attachment":[{"href":"https:\/\/www.hoymercedes.com.ar\/principal\/wp-json\/wp\/v2\/media?parent=8354"}],"wp:term":[{"taxonomy":"category","embeddable":true,"href":"https:\/\/www.hoymercedes.com.ar\/principal\/wp-json\/wp\/v2\/categories?post=8354"},{"taxonomy":"post_tag","embeddable":true,"href":"https:\/\/www.hoymercedes.com.ar\/principal\/wp-json\/wp\/v2\/tags?post=8354"}],"curies":[{"name":"wp","href":"https:\/\/api.w.org\/{rel}","templated":true}]}}