{"id":83589,"date":"2018-11-05T20:24:01","date_gmt":"2018-11-05T23:24:01","guid":{"rendered":"http:\/\/www.hoymercedes.com.ar\/principal\/?p=83589"},"modified":"2018-11-05T20:24:01","modified_gmt":"2018-11-05T23:24:01","slug":"fiesta-del-rio-conto-con-una-gran-participacion-de-navegantes-y-asistentes","status":"publish","type":"post","link":"https:\/\/www.hoymercedes.com.ar\/principal\/2018\/11\/05\/fiesta-del-rio-conto-con-una-gran-participacion-de-navegantes-y-asistentes\/","title":{"rendered":"Fiesta del R\u00edo cont\u00f3 con una gran participaci\u00f3n de navegantes y asistentes"},"content":{"rendered":"<figure id=\"attachment_83594\" aria-describedby=\"caption-attachment-83594\" style=\"width: 620px\" class=\"wp-caption aligncenter\"><img loading=\"lazy\" decoding=\"async\" data-attachment-id=\"83594\" data-permalink=\"https:\/\/www.hoymercedes.com.ar\/principal\/2018\/11\/05\/fiesta-del-rio-conto-con-una-gran-participacion-de-navegantes-y-asistentes\/fiestariodsc_0429\/#main\" data-orig-file=\"https:\/\/www.hoymercedes.com.ar\/principal\/wp-content\/uploads\/2018\/11\/fiestarioDSC_0429.jpg\" data-orig-size=\"1300,687\" data-comments-opened=\"0\" data-image-meta=\"{&quot;aperture&quot;:&quot;0&quot;,&quot;credit&quot;:&quot;&quot;,&quot;camera&quot;:&quot;&quot;,&quot;caption&quot;:&quot;&quot;,&quot;created_timestamp&quot;:&quot;0&quot;,&quot;copyright&quot;:&quot;&quot;,&quot;focal_length&quot;:&quot;0&quot;,&quot;iso&quot;:&quot;0&quot;,&quot;shutter_speed&quot;:&quot;0&quot;,&quot;title&quot;:&quot;&quot;,&quot;orientation&quot;:&quot;0&quot;}\" data-image-title=\"Fiesta del R\u00edo\" data-image-description=\"\" data-image-caption=\"&lt;p&gt;Fiesta del R\u00edo&lt;\/p&gt;\n\" data-large-file=\"https:\/\/www.hoymercedes.com.ar\/principal\/wp-content\/uploads\/2018\/11\/fiestarioDSC_0429-1024x541.jpg\" class=\"size-medium wp-image-83594\" src=\"https:\/\/www.hoymercedes.com.ar\/principal\/wp-content\/uploads\/2018\/11\/fiestarioDSC_0429-630x333.jpg\" alt=\"\" width=\"630\" height=\"333\" srcset=\"https:\/\/www.hoymercedes.com.ar\/principal\/wp-content\/uploads\/2018\/11\/fiestarioDSC_0429-630x333.jpg 630w, https:\/\/www.hoymercedes.com.ar\/principal\/wp-content\/uploads\/2018\/11\/fiestarioDSC_0429-150x79.jpg 150w, https:\/\/www.hoymercedes.com.ar\/principal\/wp-content\/uploads\/2018\/11\/fiestarioDSC_0429-1024x541.jpg 1024w, https:\/\/www.hoymercedes.com.ar\/principal\/wp-content\/uploads\/2018\/11\/fiestarioDSC_0429.jpg 1300w\" sizes=\"auto, (max-width: 630px) 100vw, 630px\" \/><figcaption id=\"caption-attachment-83594\" class=\"wp-caption-text\">Fiesta del R\u00edo<\/figcaption><\/figure>\n<p style=\"font-weight: 400;\">Durante la jornada de este domingo se vivi\u00f3 una gran Fiesta del R\u00edo. Desde Garc\u00eda partieron una numerosa cantidad de navegantes con destino al renovado Parque Municipal Independencia donde los aguardaba una gran cantidad de p\u00fablico. Hubo m\u00fasica, puestos y un encuentro familiar que permiti\u00f3 adem\u00e1s seguir construyendo una mayor consciencia respecto a la importancia del cuidado del r\u00edo y la cuenca del Luj\u00e1n.<\/p>\n<p style=\"font-weight: 400;\">\u201cQuiero agradecer a S.O.S H\u00e1bitat, a la Asamblea, A Amigos del R\u00edo Luj\u00e1n, a los agroecol\u00f3gicos, a los representantes de la cultura que dicen presente y hoy se gener\u00f3 este hermosa fiesta popular\u201d, coment\u00f3 Juan Ignacio Ustarroz y destac\u00f3 que \u201cEs claro que es necesario un compromiso de todo el pueblo no s\u00f3lo para que el R\u00edo est\u00e9 en condiciones, sino tambi\u00e9n toda la ciudad, que est\u00e9 m\u00e1s limpia y linda. Hay un dicho muy viejo que dice que la ciudad, o el r\u00edo, que est\u00e1 m\u00e1s limpio no es el que m\u00e1s se limpia, sino el que menos se ensucia y ac\u00e1 claramente\u00a0 tiene que haber cada d\u00eda m\u00e1s conciencia de parte de todo el pueblo\u201d sin olvidar de agradecer \u201ca todos los que remaron y los que vienen rem\u00e1ndola desde hace tiempo, en un contexto dif\u00edcil, pero que con estos encuentros estamos m\u00e1s unidos\u201d, mencion\u00f3 entre otros conceptos el Jefe Comunal, Dr. Juan Ignacio Ustarroz,<\/p>\n<figure id=\"attachment_83595\" aria-describedby=\"caption-attachment-83595\" style=\"width: 620px\" class=\"wp-caption aligncenter\"><img loading=\"lazy\" decoding=\"async\" data-attachment-id=\"83595\" data-permalink=\"https:\/\/www.hoymercedes.com.ar\/principal\/2018\/11\/05\/fiesta-del-rio-conto-con-una-gran-participacion-de-navegantes-y-asistentes\/fiestariodsc_0356\/#main\" data-orig-file=\"https:\/\/www.hoymercedes.com.ar\/principal\/wp-content\/uploads\/2018\/11\/fiestarioDSC_0356.jpg\" data-orig-size=\"1300,867\" data-comments-opened=\"0\" data-image-meta=\"{&quot;aperture&quot;:&quot;0&quot;,&quot;credit&quot;:&quot;&quot;,&quot;camera&quot;:&quot;&quot;,&quot;caption&quot;:&quot;&quot;,&quot;created_timestamp&quot;:&quot;0&quot;,&quot;copyright&quot;:&quot;&quot;,&quot;focal_length&quot;:&quot;0&quot;,&quot;iso&quot;:&quot;0&quot;,&quot;shutter_speed&quot;:&quot;0&quot;,&quot;title&quot;:&quot;&quot;,&quot;orientation&quot;:&quot;0&quot;}\" data-image-title=\"fiestarioDSC_0356\" data-image-description=\"\" data-image-caption=\"&lt;p&gt;Arribo al R\u00edo Luj\u00e1n&lt;\/p&gt;\n\" data-large-file=\"https:\/\/www.hoymercedes.com.ar\/principal\/wp-content\/uploads\/2018\/11\/fiestarioDSC_0356-1024x683.jpg\" class=\"size-medium wp-image-83595\" src=\"https:\/\/www.hoymercedes.com.ar\/principal\/wp-content\/uploads\/2018\/11\/fiestarioDSC_0356-630x420.jpg\" alt=\"\" width=\"630\" height=\"420\" srcset=\"https:\/\/www.hoymercedes.com.ar\/principal\/wp-content\/uploads\/2018\/11\/fiestarioDSC_0356-630x420.jpg 630w, https:\/\/www.hoymercedes.com.ar\/principal\/wp-content\/uploads\/2018\/11\/fiestarioDSC_0356-150x100.jpg 150w, https:\/\/www.hoymercedes.com.ar\/principal\/wp-content\/uploads\/2018\/11\/fiestarioDSC_0356-1024x683.jpg 1024w, https:\/\/www.hoymercedes.com.ar\/principal\/wp-content\/uploads\/2018\/11\/fiestarioDSC_0356.jpg 1300w\" sizes=\"auto, (max-width: 630px) 100vw, 630px\" \/><figcaption id=\"caption-attachment-83595\" class=\"wp-caption-text\">Arribo al R\u00edo Luj\u00e1n<\/figcaption><\/figure>\n<p style=\"font-weight: 400;\">Por su parta, Natalia Solari, desde S.O.S H\u00e1bitat, Amigos y Ex Amigos del R\u00edo\u00a0 Luj\u00e1n\u201d coment\u00f3 que \u201cmuchas gracias a todos. A todos los que hace a\u00f1os trabajan por el ambiente\u201d y mencion\u00f3 que \u201cen esta fiesta tuvimos mucha m\u00e1s participaci\u00f3n del Municipio, de la Asamblea Mercedina por la Agroecolog\u00eda, Protecci\u00f3n Civil que nos apoy\u00f3 en toda la remada as\u00ed que muy agradecidos por hacer esta fiesta m\u00e1s llamativa, m\u00e1s segura y para que tengamos en cuenta el cuidado del r\u00edo de una manera distinta, cada vez que la remamos, como lo hac\u00edan antes los amigos del R\u00edo Luj\u00e1n, nos damos cuenta que este r\u00edo merece sea salvado\u201d y afirm\u00f3 que \u201cesperemos que todos podamos mejorarlo juntos, con un trabajo de toda la comunidad mercedina, sin arrojar residuos, ni en r\u00edo ni en el parque, tengamos encuentra que el rio y el parque es de todos\u201d, coment\u00f3 entre otras ideas y expresiones en pos del cuidado Natalia Solari remarcando un \u201cgracias a S.O.S H\u00e1bitat y nos vemos el a\u00f1o pr\u00f3ximo porque cada a\u00f1o se pone m\u00e1s lindo\u201d.<\/p>\n<figure id=\"attachment_83597\" aria-describedby=\"caption-attachment-83597\" style=\"width: 620px\" class=\"wp-caption aligncenter\"><img loading=\"lazy\" decoding=\"async\" data-attachment-id=\"83597\" data-permalink=\"https:\/\/www.hoymercedes.com.ar\/principal\/2018\/11\/05\/fiesta-del-rio-conto-con-una-gran-participacion-de-navegantes-y-asistentes\/fiestariodsc_0440\/#main\" data-orig-file=\"https:\/\/www.hoymercedes.com.ar\/principal\/wp-content\/uploads\/2018\/11\/fiestarioDSC_0440.jpg\" data-orig-size=\"1300,577\" data-comments-opened=\"0\" data-image-meta=\"{&quot;aperture&quot;:&quot;0&quot;,&quot;credit&quot;:&quot;&quot;,&quot;camera&quot;:&quot;&quot;,&quot;caption&quot;:&quot;&quot;,&quot;created_timestamp&quot;:&quot;0&quot;,&quot;copyright&quot;:&quot;&quot;,&quot;focal_length&quot;:&quot;0&quot;,&quot;iso&quot;:&quot;0&quot;,&quot;shutter_speed&quot;:&quot;0&quot;,&quot;title&quot;:&quot;&quot;,&quot;orientation&quot;:&quot;0&quot;}\" data-image-title=\"fiestarioDSC_0440\" data-image-description=\"\" data-image-caption=\"&lt;p&gt;Saludos y felicitaciones a todos los presentes &lt;\/p&gt;\n\" data-large-file=\"https:\/\/www.hoymercedes.com.ar\/principal\/wp-content\/uploads\/2018\/11\/fiestarioDSC_0440-1024x454.jpg\" class=\"size-medium wp-image-83597\" src=\"https:\/\/www.hoymercedes.com.ar\/principal\/wp-content\/uploads\/2018\/11\/fiestarioDSC_0440-630x280.jpg\" alt=\"\" width=\"630\" height=\"280\" srcset=\"https:\/\/www.hoymercedes.com.ar\/principal\/wp-content\/uploads\/2018\/11\/fiestarioDSC_0440-630x280.jpg 630w, https:\/\/www.hoymercedes.com.ar\/principal\/wp-content\/uploads\/2018\/11\/fiestarioDSC_0440-150x67.jpg 150w, https:\/\/www.hoymercedes.com.ar\/principal\/wp-content\/uploads\/2018\/11\/fiestarioDSC_0440-1024x454.jpg 1024w, https:\/\/www.hoymercedes.com.ar\/principal\/wp-content\/uploads\/2018\/11\/fiestarioDSC_0440.jpg 1300w\" sizes=\"auto, (max-width: 630px) 100vw, 630px\" \/><figcaption id=\"caption-attachment-83597\" class=\"wp-caption-text\">Saludos y felicitaciones a todos los presentes<\/figcaption><\/figure>\n<p style=\"font-weight: 400;\">La fiesta tuvo adem\u00e1s talleres, feria, intercambio de semillas, siendo adem\u00e1s cientos de asistentes los que aprovecharon la buena m\u00fasica y el excelente clima con una puesta musical a cargo de Artuto Bustos Berrondo, Victoria Mariela y Tana Ramponi, familia de payasos, Don Ust\u00e9, T\u00e9rmino Medio, Cumbar\u00e1 y Pura Tierra.<\/p>\n<p style=\"font-weight: 400;\">El clima, la participaci\u00f3n, el espacio, permiti\u00f3 dejar un salgo m\u00e1s que satisfactorio para todos.<\/p>\n<p>&nbsp;<\/p>\n<p>Data: municipio<\/p>\n","protected":false},"excerpt":{"rendered":"<p>Durante la jornada de este domingo se vivi\u00f3 una gran Fiesta del R\u00edo. Desde Garc\u00eda partieron una numerosa cantidad de &#8230; <a title=\"Fiesta del R\u00edo cont\u00f3 con una gran participaci\u00f3n de navegantes y asistentes\" class=\"read-more\" href=\"https:\/\/www.hoymercedes.com.ar\/principal\/2018\/11\/05\/fiesta-del-rio-conto-con-una-gran-participacion-de-navegantes-y-asistentes\/\" aria-label=\"Leer m\u00e1s sobre Fiesta del R\u00edo cont\u00f3 con una gran participaci\u00f3n de navegantes y asistentes\">Leer m\u00e1s<\/a><\/p>\n","protected":false},"author":1,"featured_media":83594,"comment_status":"closed","ping_status":"open","sticky":false,"template":"","format":"standard","meta":{"_monsterinsights_skip_tracking":false,"_monsterinsights_sitenote_active":false,"_monsterinsights_sitenote_note":"","_monsterinsights_sitenote_category":0,"jetpack_post_was_ever_published":false,"_jetpack_newsletter_access":"","_jetpack_dont_email_post_to_subs":false,"_jetpack_newsletter_tier_id":0,"_jetpack_memberships_contains_paywalled_content":false,"_jetpack_memberships_contains_paid_content":false,"footnotes":"","jetpack_publicize_message":"","jetpack_publicize_feature_enabled":true,"jetpack_social_post_already_shared":true,"jetpack_social_options":{"image_generator_settings":{"template":"highway","default_image_id":0,"font":"","enabled":false},"version":2},"_wpas_customize_per_network":false},"categories":[8],"tags":[12205,13993,887,424],"class_list":["post-83589","post","type-post","status-publish","format-standard","has-post-thumbnail","hentry","category-sociedad","tag-fiesta-del-rio","tag-natalia-solari","tag-sos-habitat","tag-ustarroz","generate-columns","tablet-grid-50","mobile-grid-100","grid-parent","grid-50"],"jetpack_publicize_connections":[],"jetpack_featured_media_url":"https:\/\/www.hoymercedes.com.ar\/principal\/wp-content\/uploads\/2018\/11\/fiestarioDSC_0429.jpg","wps_subtitle":"De Garc\u00eda al Parque","jetpack_sharing_enabled":true,"_links":{"self":[{"href":"https:\/\/www.hoymercedes.com.ar\/principal\/wp-json\/wp\/v2\/posts\/83589","targetHints":{"allow":["GET"]}}],"collection":[{"href":"https:\/\/www.hoymercedes.com.ar\/principal\/wp-json\/wp\/v2\/posts"}],"about":[{"href":"https:\/\/www.hoymercedes.com.ar\/principal\/wp-json\/wp\/v2\/types\/post"}],"author":[{"embeddable":true,"href":"https:\/\/www.hoymercedes.com.ar\/principal\/wp-json\/wp\/v2\/users\/1"}],"replies":[{"embeddable":true,"href":"https:\/\/www.hoymercedes.com.ar\/principal\/wp-json\/wp\/v2\/comments?post=83589"}],"version-history":[{"count":0,"href":"https:\/\/www.hoymercedes.com.ar\/principal\/wp-json\/wp\/v2\/posts\/83589\/revisions"}],"wp:featuredmedia":[{"embeddable":true,"href":"https:\/\/www.hoymercedes.com.ar\/principal\/wp-json\/wp\/v2\/media\/83594"}],"wp:attachment":[{"href":"https:\/\/www.hoymercedes.com.ar\/principal\/wp-json\/wp\/v2\/media?parent=83589"}],"wp:term":[{"taxonomy":"category","embeddable":true,"href":"https:\/\/www.hoymercedes.com.ar\/principal\/wp-json\/wp\/v2\/categories?post=83589"},{"taxonomy":"post_tag","embeddable":true,"href":"https:\/\/www.hoymercedes.com.ar\/principal\/wp-json\/wp\/v2\/tags?post=83589"}],"curies":[{"name":"wp","href":"https:\/\/api.w.org\/{rel}","templated":true}]}}